{"id":23333,"date":"2022-08-19T01:15:56","date_gmt":"2022-08-19T01:15:56","guid":{"rendered":"http:\/\/nuevacordoba.net\/index.php\/2022\/08\/19\/miguel-rep-o-como-resumir-21-copas-en-60-mundialitas\/"},"modified":"2022-08-19T01:15:56","modified_gmt":"2022-08-19T01:15:56","slug":"miguel-rep-o-como-resumir-21-copas-en-60-mundialitas","status":"publish","type":"post","link":"http:\/\/nuevacordoba.net\/index.php\/2022\/08\/19\/miguel-rep-o-como-resumir-21-copas-en-60-mundialitas\/","title":{"rendered":"Miguel Rep, o c\u00f3mo resumir 21 copas en 60 \u00abMundialitas\u00bb"},"content":{"rendered":"<figure class=\"mb-3\"><img loading=\"lazy\" src=\"http:\/\/nuevacordoba.net\/wp-content\/uploads\/2022\/08\/miguel-rep-o-como-resumir-21-copas-en-60-mundialitas.jpg\" width=\"100%\" height=\"100%\" alt=\"Rep arma la historia de los mundiales desde 1930 a 2018 en 60 entregas\"><figcaption> Rep, arma la historia de los mundiales desde 1930 a 2018 en 60 entregas. <\/figcaption><\/figure>\n<p>Como pr\u00f3logo a Qatar 2022, la <strong>TV P\u00fablica<\/strong> pone en el aire <strong>\u00abMundialitas\u00bb<\/strong>, la serie de entregas que rondan el minuto y medio, en la que el dibujante <strong>Miguel Rep<\/strong>, recorre la historia de una cantidad de anecdotas y hechos memorables de los Mundiales de F\u00fatbol que desde 1930 y hasta 2018 pusieron en juego a las selecciones de una treintena de pa\u00edses, y a millones de apasionados o simplemente curiosos de todo el mundo, en encuentros a pura tensi\u00f3n, un nerviosismo que crece d\u00eda a d\u00eda, no importa el huso horario, un par\u00e9ntesis donde no importan razas, credos o religiones.&nbsp;<\/p>\n<p>Los chicos (todos alguna vez lo fuimos), particularmente en tiempos de mundiales de f\u00fatbol, encuentran en los quioscos figuritas para llenar \u00e1lbumes que se completan en ese mes, d\u00edas m\u00e1s o menos, que duran estos encuentros internacionales signados por las bandera de una treintena de selecciones, y ese esp\u00edritu es el que de alguna forma marca la esencia de \u00abMundialitas\u00bb, una colecci\u00f3n de microprogramas, cuyo t\u00edtulo parece marca de una golosina, de esas que pueden dar placer, a\u00fan los pocos minutos que tardan en saborearse, y de las que siempre uno pide m\u00e1s.<\/p>\n<div class=\"video_repositive\"> <a class=\"video_sticky\" href=\"javascript:void();\" onclick=\"removeStuckVideo(true);\"><i class=\"far fa-window-close\"><\/i><\/a> <\/p>\n<div id=\"xpUs1ZYjRD4\" class=\"video_telam\" readability=\"6.5\">\n<div class=\"feature_article_inner\" readability=\"33\">\n<p><h2 class=\"text-center\">1938: Giuseppe Meazza, el Primer Goleador del F\u00fatbol Italiano<\/h2>\n<\/p><\/div>\n<p>VER VIDEO <i class=\"fas fa-play\"><\/i><\/p>\n<\/p><\/div><\/div>\n<p>&nbsp; A diferencia de los caramelos \u00ab1\/2 Hora\u00bb de a\u00f1os atr\u00e1s, que obviamente tardaban mucho menos que 60 minutos en disolverse en la boca, las \u00abMundialitas\u00bb con el sello de Rep, nunca llegan a los dos minutos, pero con el arte del dibujante, la direcci\u00f3n y producci\u00f3n de <strong>Santiago Garc\u00eda Isler<\/strong>, los guiones escritos por su hermano <strong>Jorge Repiso<\/strong> y la en extremo reconocible voz de \u00abrelator cl\u00e1sico\u00bb, con una fuerte dosis de humor que aporta<strong> Pedro Saborido<\/strong>, logran la sonrisa de su p\u00fablico y al mismo tiempo recordar un mont\u00f3n de an\u00e9cdotas, leyendas, jugadas memorables y goles que se registraron en m\u00e1s de 90 a\u00f1os de historia.<\/p>\n<p><strong>T\u00e9lam: \u00bfC\u00f3mo naci\u00f3 la idea?<\/strong><br \/><strong>Miguel Rep:<\/strong> La g\u00e9nesis de esto en realidad ya est\u00e1 en el Mundial de Rusia de 2018, cuando con Juan Forn hac\u00edamos \u00abRuso el que lo lee\u00bb, por la AM750, los domingos desde Pinamar. Ah\u00ed es donde yo le met\u00ed ganas a hacer algo en este mundial, a no desperdiciar el 2022 y la forma que ten\u00eda en el 2018 de capitalizar la experiencia del Mundial, la met\u00e1fora de la guerra mundial por medio de equipos de f\u00fatbol, a mi se me ocurr\u00eda repetirla haciendo con Juan un programa de radio. Claro, en el medio pasaron dos cosas; la pandemia y la partida de Juan. La pandemia para mi signific\u00f3 el descubrimiento que ten\u00eda un recurso que era mis manos dibujando y que es lo que yo empleo b\u00e1sica y semanalmente en T\u00e9lam. Cuando empez\u00f3 en el 2020, laburando con el mexicano Jorge F. Hern\u00e1ndez desde Madrid acompa\u00f1\u00e1ndolo en sus Cuent\u00ednimos. Esa experiencia se replic\u00f3 despu\u00e9s contratado por el Instituto Franc\u00e9s de Cultura, donde hice 24 episodios, y finalmente vino la serie para la agencia.<\/p>\n<div class=\"video_repositive\"> <a class=\"video_sticky\" href=\"javascript:void();\" onclick=\"removeStuckVideo(true);\"><i class=\"far fa-window-close\"><\/i><\/a> <\/p>\n<div id=\"Nx9H7WPlmAY\" class=\"video_telam\" readability=\"6.5\">\n<div class=\"feature_article_inner\" readability=\"33\">\n<p><h2 class=\"text-center\">Arabia Saudita, primer rival de Argentina en Qatar 2022<\/h2>\n<\/p><\/div>\n<p>VER VIDEO <i class=\"fas fa-play\"><\/i><\/p>\n<\/p><\/div><\/div>\n<p><strong>T: Es decir que la idea final surge de esas dos experiencias&#8230;<\/strong><br \/><strong>MR:<\/strong> Con este bagaje en alg\u00fan momento del 2021, y principios de este, , con el productor del programa de radio del 2018, Tati Santiago Garc\u00eda Isler, que es el hijo de Rogelio \u00abPajarito\u00bb Garc\u00eda Lupo y que hizo el documental sobre su pap\u00e1 \u00abA vuelo de Pajarito\u00bb, y que este a\u00f1o hizo \u00abFaklinas\u00bb, con \u00e9l perge\u00f1amos la idea de aprovechar el Mundial de Qatar para contar la historia de los anteriores , en micros, pero no sab\u00edamos d\u00f3nde enviarlos. Sin embargo ocurri\u00f3 un milagro, que desde la TV P\u00fablica me llamaron para hacer un programa especial sobre Diego Maradona, basado en mi libro \u00abDiego, nacido para molestar\u00bb. Hice un especial que se emiti\u00f3 el mismo d\u00eda, el 25 de noviembre, al a\u00f1o del adi\u00f3s del Diego y eso signific\u00f3 mi inclusi\u00f3n este a\u00f1o, nuevamente, en la TV P\u00fablica. Como aquel trabajoo gan\u00f3 premios y tuvo mucha repercusi\u00f3n este 2022 me llamaron para hacer \u00abMundo Rep\u00bb que me sirvi\u00f3 para que yo propusiera \u00abMundialitas\u00bb, 60 episodios acerca de los 21 mundiales, porque Qatar ser\u00e1 el 22, y en el equipo, la direcci\u00f3n y producci\u00f3n son de Tati, el gui\u00f3n es de mi hermano Jorge Repiso y Carpo es el que filma. Nos habremos reunido unas 20 jornadas, produjimos la totalidad de los cuales ya se emitieron 25 por la TV P\u00fablica, y el resto se ir\u00e1n viendo hasta el 20 de noviembre.<\/p>\n<div class=\"video_repositive\"> <a class=\"video_sticky\" href=\"javascript:void();\" onclick=\"removeStuckVideo(true);\"><i class=\"far fa-window-close\"><\/i><\/a> <\/p>\n<div id=\"cETANGaWcmU\" class=\"video_telam\" readability=\"6\">\n<div class=\"feature_article_inner\" readability=\"32\">\n<p><h2 class=\"text-center\">1986: El Mejor Gol de Todos los Tiempos<\/h2>\n<\/p><\/div>\n<p>VER VIDEO <i class=\"fas fa-play\"><\/i><\/p>\n<\/p><\/div><\/div>\n<p><strong>T: \u00bfC\u00f3mo los definir\u00edas?<\/strong><br \/><strong>MR:<\/strong> Son episodios coloridos, curiosos, , hist\u00f3ricos acerca de los mundiales, entre 1930 y 2018. La frutilla de la torta es la voz de Pedro Saborido, pero \u00e9l se incluy\u00f3 con el gui\u00f3n ya terminado. Le da el ritmo, le da el bit, le da el nervio, acompa\u00f1ando mis dibujos que va de manera acelerada. nos pusimos a trabajar y desde afuera pero con edici\u00f3n final en el canal. La voz de Pedro le da el color que a veces los dibujos no tienen, y viceversa.<\/p>\n<p><strong>T: \u00bfC\u00f3mo te llev\u00e1s con el f\u00fatbol, sos futbolero?<\/strong><br \/><strong>MR: <\/strong>Soy fan\u00e1tico de los mundiales, pero no soy futbolero en esos tres a\u00f1os y once meses que hay entre uno y otro. No voy a la cancha y apenas me voy enterando de las cosas , si por ah\u00ed le presto atenci\u00f3n a las eliminatorias , pero cada cuatro a\u00f1os me interno , como el mundial pasado me intern\u00e9 en Pinamar para ver el mundial. Lo de los mundiales se me despert\u00f3 cuando en P\u00e1gina\/12 hac\u00eda los goles , tambi\u00e9n fu\u00ed corresponsal del diario en el Mundial de 1994 en Estados Unidos y siempre me qued\u00f3 la cosa de la conflagraci\u00f3n mundial, de los equipos, de los pa\u00edses. Es decir una pasi\u00f3n grande por el mundial .<\/p>\n<div class=\"video_repositive\"> <a class=\"video_sticky\" href=\"javascript:void();\" onclick=\"removeStuckVideo(true);\"><i class=\"far fa-window-close\"><\/i><\/a> <\/p>\n<div id=\"aXQplTWUL6A\" class=\"video_telam\" readability=\"6\">\n<div class=\"feature_article_inner\" readability=\"32\">\n<p><h2 class=\"text-center\">\u00bfVerdadero o Falso? Mundialista Parte 1<\/h2>\n<\/p><\/div>\n<p>VER VIDEO <i class=\"fas fa-play\"><\/i><\/p>\n<\/p><\/div><\/div>\n<p><strong>T: \u00bfY este mundial de noviembre?<\/strong><br \/><strong>MR:<\/strong> Veremos donde me encuentra este, si es trabajando aprop\u00f3sito del mundial , quiz\u00e1s ser\u00eda interesante trabajar en presente, haciendo \u00abMundialitas\u00bb, o alg\u00fan tipo de intervenci\u00f3n en la TV P\u00fablica, ser\u00eda mi deseo, porque los mundiales siempre generan cosas, para mi son eventos riqu\u00edsimos, met\u00e1foras de este mundo. Cada uno marca una tendencia y son tendencias casi siempre capitalistas. Los sistemas de juego responden a eso, pero como el f\u00fatbol siempre es la din\u00e1mica de lo impensado, siempre hay errores y siempre est\u00e1 lo humano, por eso me interesa tanto.<\/p>\n<p><strong>T: \u00bfCu\u00e1ntos dibujos fueron?<\/strong><br \/><strong>MR:<\/strong> La verdad que dibujar estos cuatrocientos y pico de vi\u00f1etas para las 60 \u00abMundialitas\u00bb fue para mi una gran concentraci\u00f3n, una gran documentaci\u00f3n, c\u00f3mo era la camiseta, la pelota, , qu\u00e9 cancha, qu\u00e9 n\u00famero ten\u00edan los jugadores, todo eso est\u00e1 muy chequeado, y es como un trabajo period\u00edstico que tuvo un final entre l\u00fadico y did\u00e1ctico, porque la mayor\u00eda de las cosas son absolutamente probadas y ciertas y lo hacemos de una forma veloz porque se trata de la vertiginosidad de los tiempos, las cosas tienen que durar un minuto y medio para atrapar la atenci\u00f3n. <\/p>\n","protected":false},"excerpt":{"rendered":"<p>Rep, arma la historia de los mundiales desde 1930 a 2018 en 60 entregas. Como pr\u00f3logo a Qatar 2022, la TV P\u00fablica pone en el aire \u00abMundialitas\u00bb, la serie de entregas que rondan el minuto y medio, en la que el dibujante Miguel Rep, recorre la historia de una cantidad de anecdotas y hechos memorables [&hellip;]<\/p>\n","protected":false},"author":1,"featured_media":23334,"comment_status":"closed","ping_status":"closed","sticky":false,"template":"","format":"standard","meta":[],"categories":[9],"tags":[],"_links":{"self":[{"href":"http:\/\/nuevacordoba.net\/index.php\/wp-json\/wp\/v2\/posts\/23333"}],"collection":[{"href":"http:\/\/nuevacordoba.net\/index.php\/wp-json\/wp\/v2\/posts"}],"about":[{"href":"http:\/\/nuevacordoba.net\/index.php\/wp-json\/wp\/v2\/types\/post"}],"author":[{"embeddable":true,"href":"http:\/\/nuevacordoba.net\/index.php\/wp-json\/wp\/v2\/users\/1"}],"replies":[{"embeddable":true,"href":"http:\/\/nuevacordoba.net\/index.php\/wp-json\/wp\/v2\/comments?post=23333"}],"version-history":[{"count":0,"href":"http:\/\/nuevacordoba.net\/index.php\/wp-json\/wp\/v2\/posts\/23333\/revisions"}],"wp:featuredmedia":[{"embeddable":true,"href":"http:\/\/nuevacordoba.net\/index.php\/wp-json\/wp\/v2\/media\/23334"}],"wp:attachment":[{"href":"http:\/\/nuevacordoba.net\/index.php\/wp-json\/wp\/v2\/media?parent=23333"}],"wp:term":[{"taxonomy":"category","embeddable":true,"href":"http:\/\/nuevacordoba.net\/index.php\/wp-json\/wp\/v2\/categories?post=23333"},{"taxonomy":"post_tag","embeddable":true,"href":"http:\/\/nuevacordoba.net\/index.php\/wp-json\/wp\/v2\/tags?post=23333"}],"curies":[{"name":"wp","href":"https:\/\/api.w.org\/{rel}","templated":true}]}}