{"id":2335,"date":"2021-03-22T15:55:43","date_gmt":"2021-03-22T15:55:43","guid":{"rendered":"http:\/\/cordobanewsnet.wordpress.com\/?p=5173"},"modified":"2021-03-22T15:55:43","modified_gmt":"2021-03-22T15:55:43","slug":"la-ministra-de-salud-respalda-posponer-la-aplicacion-de-la-segunda-dosis","status":"publish","type":"post","link":"http:\/\/nuevacordoba.net\/index.php\/2021\/03\/22\/la-ministra-de-salud-respalda-posponer-la-aplicacion-de-la-segunda-dosis\/","title":{"rendered":"La Ministra de salud respalda posponer la aplicaci\u00f3n de la segunda dosis"},"content":{"rendered":"<p><!-- \/featured-media --> <\/p>\n<div class=\"post-content clear\" readability=\"32.425087108014\">\n<p>La ministra de Salud sugiri\u00f3 la idea de que vacunar m\u00e1s gente con una sola dosis podr\u00eda bajar la mortalidad de caraa la segunda ola de coronavirus.l<\/p>\n<p><video src=\"https:\/\/secure-ds.serving-sys.com\/resources\/PROD\/asset\/97813\/VIDEO\/20210121\/descubri-el-sabor-irresistible-de-hellmanns_36s_59786484210729456.MP4\" readability=\"8.8095909732017\"><video muted=\"true\" readability=\"17.619181946403\"> <\/p>\n<p>\u201cEstamos tratando que vengan m\u00e1s vacunas lo antes posible porque si logramos vacunar a la mayor cantidad de personas en riesgo de morir, con una dosis, esto tendr\u00eda impacto directo en la baja de la mortalidad\u201d, dijo Vizzotti en&nbsp;<em>C5N.<\/em><\/p>\n<figure class=\"wp-block-image size-large\"><img data-attachment-id=\"5174\" data-permalink=\"https:\/\/cordobanewsnet.wordpress.com\/9070fdf8-86a2-4fa9-b7f8-81d7a05cb6d3\/\" data-orig-file=\"http:\/\/nuevacordoba.net\/wp-content\/uploads\/2021\/03\/la-ministra-de-salud-respalda-posponer-la-aplicacion-de-la-segunda-dosis-4.jpg\" data-orig-size=\"1280,853\" data-comments-opened=\"1\" data-image-meta=\"{&quot;aperture&quot;:&quot;0&quot;,&quot;credit&quot;:&quot;&quot;,&quot;camera&quot;:&quot;&quot;,&quot;caption&quot;:&quot;&quot;,&quot;created_timestamp&quot;:&quot;0&quot;,&quot;copyright&quot;:&quot;&quot;,&quot;focal_length&quot;:&quot;0&quot;,&quot;iso&quot;:&quot;0&quot;,&quot;shutter_speed&quot;:&quot;0&quot;,&quot;title&quot;:&quot;&quot;,&quot;orientation&quot;:&quot;1&quot;}\" data-image-title=\"9070FDF8-86A2-4FA9-B7F8-81D7A05CB6D3\" data-image-description data-medium-file=\"http:\/\/nuevacordoba.net\/wp-content\/uploads\/2021\/03\/la-ministra-de-salud-respalda-posponer-la-aplicacion-de-la-segunda-dosis-2.jpg\" data-large-file=\"http:\/\/nuevacordoba.net\/wp-content\/uploads\/2021\/03\/la-ministra-de-salud-respalda-posponer-la-aplicacion-de-la-segunda-dosis-4.jpg?w=736\" src=\"http:\/\/nuevacordoba.net\/wp-content\/uploads\/2021\/03\/la-ministra-de-salud-respalda-posponer-la-aplicacion-de-la-segunda-dosis.jpg\" alt class=\"wp-image-5174\" srcset=\"http:\/\/nuevacordoba.net\/wp-content\/uploads\/2021\/03\/la-ministra-de-salud-respalda-posponer-la-aplicacion-de-la-segunda-dosis.jpg 1024w, http:\/\/nuevacordoba.net\/wp-content\/uploads\/2021\/03\/la-ministra-de-salud-respalda-posponer-la-aplicacion-de-la-segunda-dosis-1.jpg 150w, http:\/\/nuevacordoba.net\/wp-content\/uploads\/2021\/03\/la-ministra-de-salud-respalda-posponer-la-aplicacion-de-la-segunda-dosis-2.jpg 300w, http:\/\/nuevacordoba.net\/wp-content\/uploads\/2021\/03\/la-ministra-de-salud-respalda-posponer-la-aplicacion-de-la-segunda-dosis-3.jpg 768w, http:\/\/nuevacordoba.net\/wp-content\/uploads\/2021\/03\/la-ministra-de-salud-respalda-posponer-la-aplicacion-de-la-segunda-dosis-4.jpg 1280w\" sizes=\"(max-width: 1024px) 100vw, 1024px\"><\/figure>\n<p>Seg\u00fan explic\u00f3,&nbsp;la posibilidad de diferir la aplicaci\u00f3n de la segunda dosis de la vacuna m\u00e1s all\u00e1 de los 21 d\u00edas m\u00ednimos exigidos se prob\u00f3 y demostr\u00f3 en Reino Unido, donde se vacunaron a 17 millones de personas con una dosis, de las cuales solo el 3% recibieron la segunda.<\/p>\n<p>En Canad\u00e1 tambi\u00e9n se est\u00e1 difiriendo la vacunaci\u00f3n, con un periodo de cuatro meses entre una dosis y la otra.<\/p>\n<div id=\"jp-post-flair\" class=\"sharedaddy sd-like-enabled sd-sharing-enabled\">\n<div class=\"sharedaddy sd-sharing-enabled\">\n<div class=\"robots-nocontent sd-block sd-social sd-social-icon-text sd-sharing\">\n<h3 class=\"sd-title\">Share this:<\/h3>\n<\/div>\n<\/div>\n<div class=\"sharedaddy sd-block sd-like jetpack-likes-widget-wrapper jetpack-likes-widget-unloaded\" id=\"like-post-wrapper-143108178-5173-6058d6980108b\" data-src=\"\/\/widgets.wp.com\/likes\/index.html?ver=20210317#blog_id=143108178&amp;post_id=5173&amp;origin=cordobanewsnet.wordpress.com&amp;obj_id=143108178-5173-6058d6980108b\" data-name=\"like-post-frame-143108178-5173-6058d6980108b\">\n<h3 class=\"sd-title\">Me gusta esto:<\/h3>\n<p><span class=\"button\"><span>Me gusta<\/span><\/span> <span class=\"loading\">Cargando&#8230;<\/span><\/p>\n<p><span class=\"sd-text-color\"><\/span><\/div>\n<p><h3 class=\"jp-relatedposts-headline\"><em>Relacionado<\/em><\/h3>\n<\/p>\n<\/div>\n<p> <\/video><\/video><\/div>\n<p><!--\/.post-content--> <\/p>\n<footer class=\"post-meta-container clear\" readability=\"0.42857142857143\">\n<div class=\"entry-author author-avatar-show\" readability=\"13.114754098361\">\n<div class=\"author-avatar\"> <img loading=\"lazy\" alt src=\"http:\/\/nuevacordoba.net\/wp-content\/uploads\/2021\/03\/la-ministra-de-salud-respalda-posponer-la-aplicacion-de-la-segunda-dosis.png\" class=\"avatar avatar-90\" height=\"90\" width=\"90\"> <\/div>\n<p><!-- .author-avatar --> <\/p>\n<p><h2 class=\"author-title\">Publicado por <span class=\"author-name\">Redacci\u00f3n<\/span><\/h2>\n<\/p>\n<p><!-- .author-heading --> <\/p>\n<p class=\"author-bio\"> <a class=\"author-link\" href=\"https:\/\/cordobanewsnet.wordpress.com\/author\/prettomatias\/\" rel=\"author\"> Ver todas las entradas de Redacci\u00f3n <\/a> <\/p>\n<p><!-- .author-bio --> <\/div>\n<p><!-- .entry-auhtor --> <\/footer>\n<p> <!-- \/post-meta-container --> <!-- #respond --> <\/p>\n","protected":false},"excerpt":{"rendered":"<p>La ministra de Salud sugiri\u00f3 la idea de que vacunar m\u00e1s gente con una sola dosis podr\u00eda bajar la mortalidad de caraa la segunda ola de coronavirus.l \u201cEstamos tratando que vengan m\u00e1s vacunas lo antes posible porque si logramos vacunar a la mayor cantidad de personas en riesgo de morir, con una dosis, esto tendr\u00eda [&hellip;]<\/p>\n","protected":false},"author":1,"featured_media":2336,"comment_status":"closed","ping_status":"closed","sticky":false,"template":"","format":"standard","meta":[],"categories":[14],"tags":[],"_links":{"self":[{"href":"http:\/\/nuevacordoba.net\/index.php\/wp-json\/wp\/v2\/posts\/2335"}],"collection":[{"href":"http:\/\/nuevacordoba.net\/index.php\/wp-json\/wp\/v2\/posts"}],"about":[{"href":"http:\/\/nuevacordoba.net\/index.php\/wp-json\/wp\/v2\/types\/post"}],"author":[{"embeddable":true,"href":"http:\/\/nuevacordoba.net\/index.php\/wp-json\/wp\/v2\/users\/1"}],"replies":[{"embeddable":true,"href":"http:\/\/nuevacordoba.net\/index.php\/wp-json\/wp\/v2\/comments?post=2335"}],"version-history":[{"count":0,"href":"http:\/\/nuevacordoba.net\/index.php\/wp-json\/wp\/v2\/posts\/2335\/revisions"}],"wp:featuredmedia":[{"embeddable":true,"href":"http:\/\/nuevacordoba.net\/index.php\/wp-json\/wp\/v2\/media\/2336"}],"wp:attachment":[{"href":"http:\/\/nuevacordoba.net\/index.php\/wp-json\/wp\/v2\/media?parent=2335"}],"wp:term":[{"taxonomy":"category","embeddable":true,"href":"http:\/\/nuevacordoba.net\/index.php\/wp-json\/wp\/v2\/categories?post=2335"},{"taxonomy":"post_tag","embeddable":true,"href":"http:\/\/nuevacordoba.net\/index.php\/wp-json\/wp\/v2\/tags?post=2335"}],"curies":[{"name":"wp","href":"https:\/\/api.w.org\/{rel}","templated":true}]}}