{"id":23357,"date":"2022-08-19T00:18:04","date_gmt":"2022-08-19T00:18:04","guid":{"rendered":"https:\/\/www.ole.com.ar\/futbol-ascenso\/p-nacional-all-boys_0_RzkFJPz7YY.html"},"modified":"2022-08-19T00:18:04","modified_gmt":"2022-08-19T00:18:04","slug":"una-baja-para-el-albo-de-biggeri","status":"publish","type":"post","link":"http:\/\/nuevacordoba.net\/index.php\/2022\/08\/19\/una-baja-para-el-albo-de-biggeri\/","title":{"rendered":"Una baja para el Albo de Biggeri"},"content":{"rendered":"<p>El equipo comandado por Anibal Biggeri est\u00e1 en un gran momento futbol\u00edstico y quiere seguir luchando para meter presi\u00f3n a los que lideran el campeonato. All Boys se encuentra cuarto a ocho puntos de Belgrano.<\/p>\n<div class=\"sp__SM\">\n<div class=\"content-new \">\n<span class=\"tit-mobile\">Mir\u00e1 tambi\u00e9n<\/span><\/p>\n<div class=\"mg\">\n<div class=\"wrap-figure\">\n<picture>\n<a href=\"https:\/\/www.ole.com.ar\/futbol-ascenso\/p-nacional-anuncio_0_KQkHRRSfOi.html\" target=\"_self\" rel=\"noopener\"><br \/>\n<img class=\"img-responsive\" alt=\"Lucha de realidades opuestas\" src=\"http:\/\/nuevacordoba.net\/wp-content\/uploads\/2022\/08\/una-baja-para-el-albo-de-biggeri.jpg\" loading=\"lazy\"><br \/>\n<\/a>\n<\/picture>\n<\/div>\n<\/div><\/div>\n<\/div>\n<div class=\"sp__SM\">\n<div class=\"content-new \">\n<span class=\"tit-mobile\">Mir\u00e1 tambi\u00e9n<\/span><\/p>\n<div class=\"mg\">\n<div class=\"wrap-figure\">\n<picture>\n<a href=\"https:\/\/www.ole.com.ar\/futbol-primera\/afa-liga2023-descensos_0_ztxELX2j4F.html\" target=\"_self\" rel=\"noopener\"><br \/>\n<img class=\"img-responsive\" alt=\"Liga 2023: \u00bfqueda todo igual?\" src=\"http:\/\/nuevacordoba.net\/wp-content\/uploads\/2022\/08\/una-baja-para-el-albo-de-biggeri-1.jpg\" loading=\"lazy\"><br \/>\n<\/a>\n<\/picture>\n<\/div>\n<\/div><\/div>\n<\/div>\n<p>El pr\u00f3ximo encuentro del Albo es ante un rival directo como San Mart\u00edn de Tucum\u00e1n pero el entrenador tendr\u00e1 una baja sensible para recibir al conjunto tucumano. Fernando Barrientos no podr\u00e1 estar presente ante los dirigidos por Pablo De Muner.<\/p>\n<p>El mediocampista de 30 a\u00f1os vio la roja en el partido que salieron victoriosos ante Trist\u00e1n Su\u00e1rez en condici\u00f3n de visitante. Fernando disput\u00f3 16 encuentros con la casaca del Albo: nueve de ellos desde el comienzo del encuentro mientras en siete oportunidades ingres\u00f3&nbsp;desde el banco de suplentes. En su lugar Biggeri pondr\u00eda a Hugo Soria.<\/p>\n<div class=\"sp__SM\">\n<div class=\"content-new \">\n<span class=\"tit-mobile\">Mir\u00e1 tambi\u00e9n<\/span><\/p>\n<div class=\"mg\">\n<div class=\"wrap-figure\">\n<picture>\n<a href=\"https:\/\/www.ole.com.ar\/talleres\/talleres-patronato-liga-copa-descenso_0_NCntMsuWIt.html\" target=\"_self\" rel=\"noopener\"><br \/>\n<img class=\"img-responsive\" alt=\"Patronato no le perdona una a Talleres: empata 3-3\" src=\"http:\/\/nuevacordoba.net\/wp-content\/uploads\/2022\/08\/una-baja-para-el-albo-de-biggeri-2.jpg\" loading=\"lazy\"><br \/>\n<\/a>\n<\/picture>\n<\/div>\n<\/div><\/div>\n<\/div>\n<div class=\"sp__SM\">\n<div class=\"content-new \">\n<span class=\"tit-mobile\">Mir\u00e1 tambi\u00e9n<\/span><\/p>\n<div class=\"mg\">\n<div class=\"wrap-figure\">\n<picture>\n<a href=\"https:\/\/www.ole.com.ar\/futbol-ascenso\/b-nacional\/belgrano-instituto-horarios-tv_0_tEQ3AUg0Xs.html\" target=\"_self\" rel=\"noopener\"><br \/>\n<img class=\"img-responsive\" alt=\"Belgrano - Instituto: horarios, por d\u00f3nde verlo y probables formaciones\" src=\"http:\/\/nuevacordoba.net\/wp-content\/uploads\/2022\/08\/una-baja-para-el-albo-de-biggeri-3.jpg\" loading=\"lazy\"><br \/>\n<\/a>\n<\/picture>\n<\/div>\n<\/div><\/div>\n<\/div>\n<div class=\"entry-tags\">\n<h2>TEMAS QUE APARECEN EN ESTA NOTA<\/h2>\n<\/p><\/div>\n","protected":false},"excerpt":{"rendered":"<p>El equipo comandado por Anibal Biggeri est\u00e1 en un gran momento futbol\u00edstico y quiere seguir luchando para meter presi\u00f3n a los que lideran el campeonato. All Boys se encuentra cuarto a ocho puntos de Belgrano. Mir\u00e1 tambi\u00e9n Mir\u00e1 tambi\u00e9n El pr\u00f3ximo encuentro del Albo es ante un rival directo como San Mart\u00edn de Tucum\u00e1n pero [&hellip;]<\/p>\n","protected":false},"author":1,"featured_media":23358,"comment_status":"closed","ping_status":"closed","sticky":false,"template":"","format":"standard","meta":[],"categories":[10],"tags":[],"_links":{"self":[{"href":"http:\/\/nuevacordoba.net\/index.php\/wp-json\/wp\/v2\/posts\/23357"}],"collection":[{"href":"http:\/\/nuevacordoba.net\/index.php\/wp-json\/wp\/v2\/posts"}],"about":[{"href":"http:\/\/nuevacordoba.net\/index.php\/wp-json\/wp\/v2\/types\/post"}],"author":[{"embeddable":true,"href":"http:\/\/nuevacordoba.net\/index.php\/wp-json\/wp\/v2\/users\/1"}],"replies":[{"embeddable":true,"href":"http:\/\/nuevacordoba.net\/index.php\/wp-json\/wp\/v2\/comments?post=23357"}],"version-history":[{"count":0,"href":"http:\/\/nuevacordoba.net\/index.php\/wp-json\/wp\/v2\/posts\/23357\/revisions"}],"wp:featuredmedia":[{"embeddable":true,"href":"http:\/\/nuevacordoba.net\/index.php\/wp-json\/wp\/v2\/media\/23358"}],"wp:attachment":[{"href":"http:\/\/nuevacordoba.net\/index.php\/wp-json\/wp\/v2\/media?parent=23357"}],"wp:term":[{"taxonomy":"category","embeddable":true,"href":"http:\/\/nuevacordoba.net\/index.php\/wp-json\/wp\/v2\/categories?post=23357"},{"taxonomy":"post_tag","embeddable":true,"href":"http:\/\/nuevacordoba.net\/index.php\/wp-json\/wp\/v2\/tags?post=23357"}],"curies":[{"name":"wp","href":"https:\/\/api.w.org\/{rel}","templated":true}]}}