{"id":23361,"date":"2022-08-19T17:46:29","date_gmt":"2022-08-19T17:46:29","guid":{"rendered":"http:\/\/estaciontrip.com.ar\/?p=7116"},"modified":"2022-08-19T17:46:29","modified_gmt":"2022-08-19T17:46:29","slug":"cordoba-calor-y-sol-acompanaron-el-gran-movimiento-turistico-del-finde-largo","status":"publish","type":"post","link":"http:\/\/nuevacordoba.net\/index.php\/2022\/08\/19\/cordoba-calor-y-sol-acompanaron-el-gran-movimiento-turistico-del-finde-largo\/","title":{"rendered":"C\u00f3rdoba: calor y sol acompa\u00f1aron el gran movimiento tur\u00edstico del finde largo"},"content":{"rendered":"<div><img src=\"http:\/\/nuevacordoba.net\/wp-content\/uploads\/2022\/08\/cordoba-calor-y-sol-acompanaron-el-gran-movimiento-turistico-del-finde-largo.jpg\" class=\"ff-og-image-inserted\"><\/div>\n<p><em>El promedio de ocupaci\u00f3n fue superior al 70 por ciento, aunque hubo localidades que tuvieron casi lleno total por impulso de fiestas y celebraciones.<\/em><\/p>\n<p>Este <a href=\"https:\/\/www.cordobaahora.com\/fin-semana-a17109\">fin de semana<\/a> largo registr\u00f3 porcentajes de ocupaci\u00f3n importantes en la mayor\u00eda de las localidades tur\u00edsticas de la provincia. Seg\u00fan se estim\u00f3 el promedio fue superior al 70%, con picos de ocupaci\u00f3n plena en algunos destinos.<\/p>\n<p>Al respecto el presidente de la Agencia <a href=\"http:\/\/estaciontrip.com.ar\/cordoba-calor-y-sol-acompanaron-el-gran-movimiento-turistico-del-finde-largo\/URL_AGRUPADOR_293\/cordoba-a8461\">C\u00f3rdoba<\/a> <a href=\"https:\/\/www.cordobaahora.com\/turismo-a8491\">Turismo<\/a>, Esteban Avil\u00e9s, asegur\u00f3 <strong>\u201ces importante para nosotros que el turismo siga siendo motor de empleo y generador de movimiento econ\u00f3mico para los destinos tur\u00edsticos cordobeses. Este fin de semana, tan cercano a las vacaciones de invierno, fue muy positivo con lugares ocupados a plen. Estos datos no hacen m\u00e1s que motivarnos a seguir trabajando entre todos los sectores para que C\u00f3rdoba siga siendo de los destinos m\u00e1s elegidos por la familia argentina<\/strong>\u201d.<\/p>\n<p>De acuerdo a la informaci\u00f3n brindada por las Secretar\u00edas y Direcciones de Turismo podemos detallar los siguientes niveles de ocupaci\u00f3n.<\/p>\n<p>Por el lado del Valle de Punilla, Villa Carlos Paz, tuvo una ocupaci\u00f3n de m\u00e1s del 63% general, llegando a m\u00e1s del 90% en los alojamientos de alta gama. En tanto en La Falda, en el centro del valle, tuvo 90% de ocupaci\u00f3n en caba\u00f1as y un 85% en hoteles; Villa Giardino, un 78.50%; y La Cumbre, lleg\u00f3 al 75% de sus plazas ocupadas, mientras que Cosquin registro un 85%.<\/p>\n<p>En el Valle de Traslasierra, su ciudad cabecera, Mina Clavero, tuvo ocupaci\u00f3n de un 48%; Villa Cura Brochero lleg\u00f3 al 55%, al igual que Nono.<\/p>\n<p>En la regi\u00f3n de Ansenuza, la localidad de Miramar regristr\u00f3 un 100% de sus plazas ocupadas teniendo que derivar gente a localidades cercanas.<\/p>\n<p>Mientras tanto, en el Valle de Calamuchita, las localidades relevadas tuvieron muy buen n\u00famero de visitantes, Santa Rosa tuvo un 61% de ocupaci\u00f3n, Villa General Belgrano m\u00e1s de un 70%, con los alojamientos m\u00e1s categorizados al 85%, en tanto, La Cumbrecita tuvo un 92% de ocupaci\u00f3n de sus plazas de alojamiento en todas sus modalidades.<\/p>\n<p>Por \u00faltimo, En Jes\u00fas Mar\u00eda tuvo una la ocupaci\u00f3n del 50%, mientras que Alta Gracia, en Paravachasca, tuvo un 88% de sus plazas ocupadas y la ciudad de C\u00f3rdoba Capital, que en esta fecha es uno de los destinos m\u00e1s elegidos y posee un importante n\u00famero de plazas, tuvo un 76% de ocupaci\u00f3n.<\/p>\n<p><strong>\u201cHay que tener en cuenta que el clima favorable de este fin de semana, la gran cantidad de eventos y las variadas opciones gastron\u00f3micas de C\u00f3rdoba no solo trajeron turistas que se quedaron en un destino, si no que hubo cientos de excursionistas que se escaparon a pasar el dia a los distintos valles cordobeses\u201d,<\/strong> cerr\u00f3 Avil\u00e9s.<\/p>\n","protected":false},"excerpt":{"rendered":"<p>El promedio de ocupaci\u00f3n fue superior al 70 por ciento, aunque hubo localidades que tuvieron casi lleno total por impulso de fiestas y celebraciones. Este fin de semana largo registr\u00f3 porcentajes de ocupaci\u00f3n importantes en la mayor\u00eda de las localidades tur\u00edsticas de la provincia. Seg\u00fan se estim\u00f3 el promedio fue superior al 70%, con picos [&hellip;]<\/p>\n","protected":false},"author":1,"featured_media":23362,"comment_status":"closed","ping_status":"closed","sticky":false,"template":"","format":"standard","meta":[],"categories":[11],"tags":[],"_links":{"self":[{"href":"http:\/\/nuevacordoba.net\/index.php\/wp-json\/wp\/v2\/posts\/23361"}],"collection":[{"href":"http:\/\/nuevacordoba.net\/index.php\/wp-json\/wp\/v2\/posts"}],"about":[{"href":"http:\/\/nuevacordoba.net\/index.php\/wp-json\/wp\/v2\/types\/post"}],"author":[{"embeddable":true,"href":"http:\/\/nuevacordoba.net\/index.php\/wp-json\/wp\/v2\/users\/1"}],"replies":[{"embeddable":true,"href":"http:\/\/nuevacordoba.net\/index.php\/wp-json\/wp\/v2\/comments?post=23361"}],"version-history":[{"count":0,"href":"http:\/\/nuevacordoba.net\/index.php\/wp-json\/wp\/v2\/posts\/23361\/revisions"}],"wp:featuredmedia":[{"embeddable":true,"href":"http:\/\/nuevacordoba.net\/index.php\/wp-json\/wp\/v2\/media\/23362"}],"wp:attachment":[{"href":"http:\/\/nuevacordoba.net\/index.php\/wp-json\/wp\/v2\/media?parent=23361"}],"wp:term":[{"taxonomy":"category","embeddable":true,"href":"http:\/\/nuevacordoba.net\/index.php\/wp-json\/wp\/v2\/categories?post=23361"},{"taxonomy":"post_tag","embeddable":true,"href":"http:\/\/nuevacordoba.net\/index.php\/wp-json\/wp\/v2\/tags?post=23361"}],"curies":[{"name":"wp","href":"https:\/\/api.w.org\/{rel}","templated":true}]}}