{"id":23363,"date":"2022-08-19T17:31:24","date_gmt":"2022-08-19T17:31:24","guid":{"rendered":"http:\/\/cordobanewsnet.wordpress.com\/?p=7177"},"modified":"2022-08-19T17:31:24","modified_gmt":"2022-08-19T17:31:24","slug":"tragica-excursion-en-el-champaqui-fallece-una-adolescente-y-rescataron-a-los-estudiantes","status":"publish","type":"post","link":"http:\/\/nuevacordoba.net\/index.php\/2022\/08\/19\/tragica-excursion-en-el-champaqui-fallece-una-adolescente-y-rescataron-a-los-estudiantes\/","title":{"rendered":"Tr\u00e1gica excursi\u00f3n en \u00e9l Champaqu\u00ed: fallece una adolescente y rescataron a los estudiantes"},"content":{"rendered":"<p><!-- \/featured-media --> <\/p>\n<div class=\"post-content clear\" readability=\"33.46016646849\">\n<p>Bomberos y personal de Defensa Civil rescat\u00f3 en la ma\u00f1ana de este viernes a todos los estudiantes del Cerro Champaqu\u00ed, luego de que una adolescente de 17 a\u00f1os muriera este jueves.&nbsp;<\/p>\n<p>Mientras se investigan las causas del tr\u00e1gico fallecimiento, rescatistas trabajaron desde temprano para socorrer al resto del contingente, que fueron un total de 80 personas seg\u00fan confirm\u00f3 a&nbsp;<strong>Cadena 3<\/strong>&nbsp; Claudio Vignetta, secretario de Gesti\u00f3n de Riesgo de C\u00f3rdoba.&nbsp;<\/p>\n<p>Dolor e incertidumbre<\/p>\n<h2><\/h2>\n<p>\u00abTrabajaron dos helic\u00f3pteros. Los m\u00e9dicos hicieron un triaje (\u2026), una chica tiene un esguince y ser\u00e1 tratada en Santa Rosa de Calamuchita\u00bb, explic\u00f3.&nbsp;<\/p>\n<p>Por otro lado, los padres de los menores santafesinos est\u00e1n muy angustiados porque no se han podido comunicar con autoridades del colegio y se enteran de las informaciones a trav\u00e9s de los medios de comunicaci\u00f3n.&nbsp;<\/p>\n<p><a href=\"https:\/\/platform.twitter.com\/embed\/Tweet.html?dnt=false&amp;embedId=twitter-widget-0&amp;features=eyJ0ZndfdGltZWxpbmVfbGlzdCI6eyJidWNrZXQiOlsibGlua3RyLmVlIiwidHIuZWUiXSwidmVyc2lvbiI6bnVsbH0sInRmd19ob3Jpem9uX3RpbWVsaW5lXzEyMDM0Ijp7ImJ1Y2tldCI6InRyZWF0bWVudCIsInZlcnNpb24iOm51bGx9LCJ0ZndfdHdlZXRfZWRpdF9iYWNrZW5kIjp7ImJ1Y2tldCI6Im9uIiwidmVyc2lvbiI6bnVsbH0sInRmd19yZWZzcmNfc2Vzc2lvbiI6eyJidWNrZXQiOiJvbiIsInZlcnNpb24iOm51bGx9LCJ0ZndfdHdlZXRfcmVzdWx0X21pZ3JhdGlvbl8xMzk3OSI6eyJidWNrZXQiOiJ0d2VldF9yZXN1bHQiLCJ2ZXJzaW9uIjpudWxsfSwidGZ3X3NlbnNpdGl2ZV9tZWRpYV9pbnRlcnN0aXRpYWxfMTM5NjMiOnsiYnVja2V0IjoiaW50ZXJzdGl0aWFsIiwidmVyc2lvbiI6bnVsbH0sInRmd19leHBlcmltZW50c19jb29raWVfZXhwaXJhdGlvbiI6eyJidWNrZXQiOjEyMDk2MDAsInZlcnNpb24iOm51bGx9LCJ0ZndfZHVwbGljYXRlX3NjcmliZXNfdG9fc2V0dGluZ3MiOnsiYnVja2V0Ijoib2ZmIiwidmVyc2lvbiI6bnVsbH0sInRmd190d2VldF9lZGl0X2Zyb250ZW5kIjp7ImJ1Y2tldCI6Im9mZiIsInZlcnNpb24iOm51bGx9fQ%3D%3D&amp;frame=false&amp;hideCard=false&amp;hideThread=false&amp;id=1560653582138953728&amp;lang=es&amp;origin=https%3A%2F%2Fwww.cadena3.com%2Fnoticia%2Fsiempre-juntos%2Ftragedia-en-el-champaqui-rescataron-a-todos-los-estudiantes_333878&amp;sessionId=e73773bab993e28a7cf30c2f6d4cd76db725f71e&amp;siteScreenName=Cadena3Com&amp;theme=light&amp;widgetsVersion=31f0cdc1eaa0f%3A1660602114609&amp;width=550px\" rel=\"nofollow\">https:\/\/platform.twitter.com\/embed\/Tweet.html?dnt=false&amp;embedId=twitter-widget-0&amp;features=eyJ0ZndfdGltZWxpbmVfbGlzdCI6eyJidWNrZXQiOlsibGlua3RyLmVlIiwidHIuZWUiXSwidmVyc2lvbiI6bnVsbH0sInRmd19ob3Jpem9uX3RpbWVsaW5lXzEyMDM0Ijp7ImJ1Y2tldCI6InRyZWF0bWVudCIsInZlcnNpb24iOm51bGx9LCJ0ZndfdHdlZXRfZWRpdF9iYWNrZW5kIjp7ImJ1Y2tldCI6Im9uIiwidmVyc2lvbiI6bnVsbH0sInRmd19yZWZzcmNfc2Vzc2lvbiI6eyJidWNrZXQiOiJvbiIsInZlcnNpb24iOm51bGx9LCJ0ZndfdHdlZXRfcmVzdWx0X21pZ3JhdGlvbl8xMzk3OSI6eyJidWNrZXQiOiJ0d2VldF9yZXN1bHQiLCJ2ZXJzaW9uIjpudWxsfSwidGZ3X3NlbnNpdGl2ZV9tZWRpYV9pbnRlcnN0aXRpYWxfMTM5NjMiOnsiYnVja2V0IjoiaW50ZXJzdGl0aWFsIiwidmVyc2lvbiI6bnVsbH0sInRmd19leHBlcmltZW50c19jb29raWVfZXhwaXJhdGlvbiI6eyJidWNrZXQiOjEyMDk2MDAsInZlcnNpb24iOm51bGx9LCJ0ZndfZHVwbGljYXRlX3NjcmliZXNfdG9fc2V0dGluZ3MiOnsiYnVja2V0Ijoib2ZmIiwidmVyc2lvbiI6bnVsbH0sInRmd190d2VldF9lZGl0X2Zyb250ZW5kIjp7ImJ1Y2tldCI6Im9mZiIsInZlcnNpb24iOm51bGx9fQ%3D%3D&amp;frame=false&amp;hideCard=false&amp;hideThread=false&amp;id=1560653582138953728&amp;lang=es&amp;origin=https%3A%2F%2Fwww.cadena3.com%2Fnoticia%2Fsiempre-juntos%2Ftragedia-en-el-champaqui-rescataron-a-todos-los-estudiantes_333878&amp;sessionId=e73773bab993e28a7cf30c2f6d4cd76db725f71e&amp;siteScreenName=Cadena3Com&amp;theme=light&amp;widgetsVersion=31f0cdc1eaa0f%3A1660602114609&amp;width=550px<\/a><\/p>\n<h2><\/h2>\n<p>Juan Pablo, padre de uno de los estudiantes, cont\u00f3 a&nbsp;<strong>Cadena 3<\/strong>&nbsp;que los alumnos viajaron el martes por la noche y desde el colegio no le permitieron llevar celulares.&nbsp;<\/p>\n<p>\u00abNo sabemos nada, la directora ni la escuela. No s\u00e9 por qu\u00e9 no le permiten llevar celulares, pero lo que era un viaje de estudio pas\u00f3 a ser un dolor de cabeza\u00bb, acus\u00f3.&nbsp;<\/p>\n<div id=\"jp-post-flair\" class=\"sharedaddy sd-like-enabled sd-sharing-enabled\">\n<div class=\"sharedaddy sd-sharing-enabled\">\n<div class=\"robots-nocontent sd-block sd-social sd-social-icon-text sd-sharing\">\n<h3 class=\"sd-title\">Share this:<\/h3>\n<\/div>\n<\/div>\n<div class=\"sharedaddy sd-block sd-like jetpack-likes-widget-wrapper jetpack-likes-widget-unloaded\" id=\"like-post-wrapper-143108178-7177-62ffe8400f1aa\" data-src=\"\/\/widgets.wp.com\/likes\/index.html?ver=20220105#blog_id=143108178&amp;post_id=7177&amp;origin=cordobanewsnet.wordpress.com&amp;obj_id=143108178-7177-62ffe8400f1aa\" data-name=\"like-post-frame-143108178-7177-62ffe8400f1aa\" data-title=\"Me gusta o Compartir\">\n<h3 class=\"sd-title\">Me gusta esto:<\/h3>\n<p><span class=\"button\"><span>Me gusta<\/span><\/span> <span class=\"loading\">Cargando&#8230;<\/span><\/p>\n<p><span class=\"sd-text-color\"><\/span><\/div>\n<p><h3 class=\"jp-relatedposts-headline\"><em>Relacionado<\/em><\/h3>\n<\/p>\n<\/div><\/div>\n<p><!--\/.post-content--> <\/p>\n<footer class=\"post-meta-container clear\" readability=\"0.39181286549708\">\n<div class=\"entry-author author-avatar-show\" readability=\"13.114754098361\">\n<div class=\"author-avatar\"> <img loading=\"lazy\" alt src=\"http:\/\/nuevacordoba.net\/wp-content\/uploads\/2022\/08\/tragica-excursion-en-el-champaqui-fallece-una-adolescente-y-rescataron-a-los-estudiantes.png\" class=\"avatar avatar-90\" height=\"90\" width=\"90\"> <\/div>\n<p><!-- .author-avatar --> <\/p>\n<p><h2 class=\"author-title\">Publicado por <span class=\"author-name\">Redacci\u00f3n<\/span><\/h2>\n<\/p>\n<p><!-- .author-heading --> <\/p>\n<p class=\"author-bio\"> <a class=\"author-link\" href=\"https:\/\/cordobanewsnet.wordpress.com\/author\/prettomatias\/\" rel=\"author\"> Ver todas las entradas de Redacci\u00f3n <\/a> <\/p>\n<p><!-- .author-bio --> <\/div>\n<p><!-- .entry-auhtor --> <\/footer>\n<p> <!-- \/post-meta-container --> <!-- #respond --> <\/p>\n","protected":false},"excerpt":{"rendered":"<p>Bomberos y personal de Defensa Civil rescat\u00f3 en la ma\u00f1ana de este viernes a todos los estudiantes del Cerro Champaqu\u00ed, luego de que una adolescente de 17 a\u00f1os muriera este jueves.&nbsp; Mientras se investigan las causas del tr\u00e1gico fallecimiento, rescatistas trabajaron desde temprano para socorrer al resto del contingente, que fueron un total de 80 [&hellip;]<\/p>\n","protected":false},"author":1,"featured_media":23364,"comment_status":"closed","ping_status":"closed","sticky":false,"template":"","format":"standard","meta":[],"categories":[14],"tags":[],"_links":{"self":[{"href":"http:\/\/nuevacordoba.net\/index.php\/wp-json\/wp\/v2\/posts\/23363"}],"collection":[{"href":"http:\/\/nuevacordoba.net\/index.php\/wp-json\/wp\/v2\/posts"}],"about":[{"href":"http:\/\/nuevacordoba.net\/index.php\/wp-json\/wp\/v2\/types\/post"}],"author":[{"embeddable":true,"href":"http:\/\/nuevacordoba.net\/index.php\/wp-json\/wp\/v2\/users\/1"}],"replies":[{"embeddable":true,"href":"http:\/\/nuevacordoba.net\/index.php\/wp-json\/wp\/v2\/comments?post=23363"}],"version-history":[{"count":0,"href":"http:\/\/nuevacordoba.net\/index.php\/wp-json\/wp\/v2\/posts\/23363\/revisions"}],"wp:featuredmedia":[{"embeddable":true,"href":"http:\/\/nuevacordoba.net\/index.php\/wp-json\/wp\/v2\/media\/23364"}],"wp:attachment":[{"href":"http:\/\/nuevacordoba.net\/index.php\/wp-json\/wp\/v2\/media?parent=23363"}],"wp:term":[{"taxonomy":"category","embeddable":true,"href":"http:\/\/nuevacordoba.net\/index.php\/wp-json\/wp\/v2\/categories?post=23363"},{"taxonomy":"post_tag","embeddable":true,"href":"http:\/\/nuevacordoba.net\/index.php\/wp-json\/wp\/v2\/tags?post=23363"}],"curies":[{"name":"wp","href":"https:\/\/api.w.org\/{rel}","templated":true}]}}