{"id":23418,"date":"2022-08-19T15:25:14","date_gmt":"2022-08-19T15:25:14","guid":{"rendered":"https:\/\/puntoapunto.com.ar\/?p=337183"},"modified":"2022-08-19T15:25:14","modified_gmt":"2022-08-19T15:25:14","slug":"taller-de-marketing-digital-la-nueva-propuesta-de-cordoba-emprendedora","status":"publish","type":"post","link":"http:\/\/nuevacordoba.net\/index.php\/2022\/08\/19\/taller-de-marketing-digital-la-nueva-propuesta-de-cordoba-emprendedora\/","title":{"rendered":"Taller de marketing digital, la nueva propuesta de C\u00f3rdoba Emprendedora"},"content":{"rendered":"<p><strong>Mi marca en el mundo digital ya est\u00e1 en marcha<\/strong>. El nuevo curso que lanz\u00f3 el programa C\u00f3rdoba Emprendedora junto a Nina In Seul, de Somos Branders, <strong>capacitar\u00e1 a m\u00e1s de 400 emprendedoras y emprendedores de distintos puntos de la provincia para que potencien sus negocios<\/strong>.<\/p>\n<p>Durante<strong> 12 clases,<\/strong> quienes formen parte de este taller adquirir\u00e1n conocimientos claves para <strong>crear imagen de marca, fidelizar clientes y aumentar las ventas.<\/strong><\/p>\n<p>\u201cEs una alegr\u00eda seguir acercando herramientas que enriquecen y permiten el crecimiento de los emprendimientos cordobeses. Cuando dise\u00f1amos estas instancias, lo hacemos pensando en lo mejor para las y los emprendedores y en brindar una respuesta a lo que necesitan\u201d, coment\u00f3 <strong>Laura Jure,<\/strong> la ministra de <strong>Promoci\u00f3n del Empleo y de la Econom\u00eda Familiar y tambi\u00e9n presidenta de la Fundaci\u00f3n Banco de C\u00f3rdoba.<\/strong><\/p>\n<p><strong>Emmanuel Pe\u00f1a \u00c1lvarez, <\/strong>el director General del<strong> Ecosistema Emprendedor<\/strong>, resalt\u00f3 la importancia de llevar adelante estas iniciativas que \u201cconsolidan el sector y generan comunidad. Siempre cuenten con el Ecosistema y sus m\u00e1s de<strong> 50 organizaciones para acompa\u00f1arlos en su camino y cumplir sus objetivos<\/strong>\u201d.<\/p>\n<p><img loading=\"lazy\" class=\"aligncenter wp-image-337185 size-large\" src=\"http:\/\/nuevacordoba.net\/wp-content\/uploads\/2022\/08\/taller-de-marketing-digital-la-nueva-propuesta-de-cordoba-emprendedora.jpg\" alt width=\"1024\" height=\"683\" srcset=\"http:\/\/nuevacordoba.net\/wp-content\/uploads\/2022\/08\/taller-de-marketing-digital-la-nueva-propuesta-de-cordoba-emprendedora.jpg 1024w, http:\/\/nuevacordoba.net\/wp-content\/uploads\/2022\/08\/taller-de-marketing-digital-la-nueva-propuesta-de-cordoba-emprendedora-1.jpg 300w, http:\/\/nuevacordoba.net\/wp-content\/uploads\/2022\/08\/taller-de-marketing-digital-la-nueva-propuesta-de-cordoba-emprendedora-2.jpg 768w, http:\/\/nuevacordoba.net\/wp-content\/uploads\/2022\/08\/taller-de-marketing-digital-la-nueva-propuesta-de-cordoba-emprendedora-3.jpg 1536w, http:\/\/nuevacordoba.net\/wp-content\/uploads\/2022\/08\/taller-de-marketing-digital-la-nueva-propuesta-de-cordoba-emprendedora-4.jpg 2048w, http:\/\/nuevacordoba.net\/wp-content\/uploads\/2022\/08\/taller-de-marketing-digital-la-nueva-propuesta-de-cordoba-emprendedora-5.jpg 750w, http:\/\/nuevacordoba.net\/wp-content\/uploads\/2022\/08\/taller-de-marketing-digital-la-nueva-propuesta-de-cordoba-emprendedora-6.jpg 1140w\" sizes=\"(max-width: 1024px) 100vw, 1024px\"><\/p>\n<p><strong>Apoyando el talento<\/strong><\/p>\n<p>Hoy son <strong>6.500 las emprendedoras y emprendedores que forman parte de la red de C\u00f3rdoba Emprendedora<\/strong> en la que impactan l\u00edneas de financiamiento, mentoreo, espacios de visibilizaci\u00f3n y formaci\u00f3n constante.<\/p>\n<p>El prop\u00f3sito es que cada uno de estos ejes acompa\u00f1e a quienes se lanzan al mundo del emprendedurismo y tengan herramientas para mantenerse en el tiempo.<\/p>\n<p>M\u00e1s info en <a href=\"https:\/\/empleoyfamilia.cba.gov.ar\/\">https:\/\/empleoyfamilia.cba.gov.ar\/<\/a><\/p>\n","protected":false},"excerpt":{"rendered":"<p>Mi marca en el mundo digital ya est\u00e1 en marcha. El nuevo curso que lanz\u00f3 el programa C\u00f3rdoba Emprendedora junto a Nina In Seul, de Somos Branders, capacitar\u00e1 a m\u00e1s de 400 emprendedoras y emprendedores de distintos puntos de la provincia para que potencien sus negocios. Durante 12 clases, quienes formen parte de este taller [&hellip;]<\/p>\n","protected":false},"author":1,"featured_media":23419,"comment_status":"open","ping_status":"closed","sticky":false,"template":"","format":"standard","meta":[],"categories":[14],"tags":[],"_links":{"self":[{"href":"http:\/\/nuevacordoba.net\/index.php\/wp-json\/wp\/v2\/posts\/23418"}],"collection":[{"href":"http:\/\/nuevacordoba.net\/index.php\/wp-json\/wp\/v2\/posts"}],"about":[{"href":"http:\/\/nuevacordoba.net\/index.php\/wp-json\/wp\/v2\/types\/post"}],"author":[{"embeddable":true,"href":"http:\/\/nuevacordoba.net\/index.php\/wp-json\/wp\/v2\/users\/1"}],"replies":[{"embeddable":true,"href":"http:\/\/nuevacordoba.net\/index.php\/wp-json\/wp\/v2\/comments?post=23418"}],"version-history":[{"count":0,"href":"http:\/\/nuevacordoba.net\/index.php\/wp-json\/wp\/v2\/posts\/23418\/revisions"}],"wp:featuredmedia":[{"embeddable":true,"href":"http:\/\/nuevacordoba.net\/index.php\/wp-json\/wp\/v2\/media\/23419"}],"wp:attachment":[{"href":"http:\/\/nuevacordoba.net\/index.php\/wp-json\/wp\/v2\/media?parent=23418"}],"wp:term":[{"taxonomy":"category","embeddable":true,"href":"http:\/\/nuevacordoba.net\/index.php\/wp-json\/wp\/v2\/categories?post=23418"},{"taxonomy":"post_tag","embeddable":true,"href":"http:\/\/nuevacordoba.net\/index.php\/wp-json\/wp\/v2\/tags?post=23418"}],"curies":[{"name":"wp","href":"https:\/\/api.w.org\/{rel}","templated":true}]}}