{"id":23442,"date":"2022-08-21T16:29:31","date_gmt":"2022-08-21T16:29:31","guid":{"rendered":"http:\/\/cordobanewsnet.wordpress.com\/?p=7182"},"modified":"2022-08-21T16:29:31","modified_gmt":"2022-08-21T16:29:31","slug":"ypf-aumento-sus-precios-un-75-promedio","status":"publish","type":"post","link":"http:\/\/nuevacordoba.net\/index.php\/2022\/08\/21\/ypf-aumento-sus-precios-un-75-promedio\/","title":{"rendered":"YPF aument\u00f3 sus precios un 7,5% promedio"},"content":{"rendered":"<p><!-- \/featured-media --> <\/p>\n<div class=\"post-content clear\" readability=\"53.191901408451\">\n<p>Los conductores deber\u00e1n hacer frente a un incremento en sus gastos:&nbsp;YPF<a rel=\"noreferrer noopener\" href=\"https:\/\/eldoce.tv\/tags\/ypf\" target=\"_blank\">&nbsp;<\/a>anunci\u00f3 una<strong>&nbsp;suba promedio del 7,5 por ciento<\/strong>&nbsp;para su nafta y gasoil. La medida rige desde la medianoche de este domingo.&nbsp;<\/p>\n<p>El ajuste fue mayor para el primero de estos grupos, las naftas aumentaron un 8,5 por ciento promedio entre la s\u00faper y premium. En el caso del gasoil la variaci\u00f3n promedi\u00f3 en torno al seis por ciento entre el tipo grado 2 y grado 3.<\/p>\n<p>De momento Axion y Shell&nbsp;<strong>no han comunicado medidas similares<\/strong>. Sin embargo, cabe recordar que YPF controla m\u00e1s de la mitad del mercado minorista de combustibles en la Argentina, por lo que hist\u00f3ricamente las otras marcas han seguido su tendencia.&nbsp;<\/p>\n<p>Desde la empresa estatal sostuvieron que la decisi\u00f3n responde a \u201cla evoluci\u00f3n de las variables que inciden en la formaci\u00f3n de los precios de los combustibles\u201d. En los \u00faltimos 12 meses<strong>&nbsp;la nafta y el gasoil subieron 41,7 por ciento en promedio<\/strong>, cerca de 30 puntos menos que la inflaci\u00f3n que se posicion\u00f3 en torno al 71 por ciento seg\u00fan los \u00faltimos datos del INDEC.<\/p>\n<div id=\"jp-post-flair\" class=\"sharedaddy sd-like-enabled sd-sharing-enabled\">\n<div class=\"sharedaddy sd-sharing-enabled\">\n<div class=\"robots-nocontent sd-block sd-social sd-social-icon-text sd-sharing\">\n<h3 class=\"sd-title\">Share this:<\/h3>\n<\/div>\n<\/div>\n<div class=\"sharedaddy sd-block sd-like jetpack-likes-widget-wrapper jetpack-likes-widget-unloaded\" id=\"like-post-wrapper-143108178-7182-63029bbe11fc2\" data-src=\"\/\/widgets.wp.com\/likes\/index.html?ver=20220105#blog_id=143108178&amp;post_id=7182&amp;origin=cordobanewsnet.wordpress.com&amp;obj_id=143108178-7182-63029bbe11fc2\" data-name=\"like-post-frame-143108178-7182-63029bbe11fc2\" data-title=\"Me gusta o Compartir\">\n<h3 class=\"sd-title\">Me gusta esto:<\/h3>\n<p><span class=\"button\"><span>Me gusta<\/span><\/span> <span class=\"loading\">Cargando&#8230;<\/span><\/p>\n<p><span class=\"sd-text-color\"><\/span><\/div>\n<p><h3 class=\"jp-relatedposts-headline\"><em>Relacionado<\/em><\/h3>\n<\/p>\n<\/div><\/div>\n<p><!--\/.post-content--> <\/p>\n<footer class=\"post-meta-container clear\" readability=\"0.31904761904762\">\n<div class=\"entry-author author-avatar-show\" readability=\"13.114754098361\">\n<div class=\"author-avatar\"> <img loading=\"lazy\" alt src=\"http:\/\/nuevacordoba.net\/wp-content\/uploads\/2022\/08\/ypf-aumento-sus-precios-un-75-promedio.png\" class=\"avatar avatar-90\" height=\"90\" width=\"90\"> <\/div>\n<p><!-- .author-avatar --> <\/p>\n<p><h2 class=\"author-title\">Publicado por <span class=\"author-name\">Redacci\u00f3n<\/span><\/h2>\n<\/p>\n<p><!-- .author-heading --> <\/p>\n<p class=\"author-bio\"> <a class=\"author-link\" href=\"https:\/\/cordobanewsnet.wordpress.com\/author\/prettomatias\/\" rel=\"author\"> Ver todas las entradas de Redacci\u00f3n <\/a> <\/p>\n<p><!-- .author-bio --> <\/div>\n<p><!-- .entry-auhtor --> <\/footer>\n<p> <!-- \/post-meta-container --> <!-- #respond --> <\/p>\n","protected":false},"excerpt":{"rendered":"<p>Los conductores deber\u00e1n hacer frente a un incremento en sus gastos:&nbsp;YPF&nbsp;anunci\u00f3 una&nbsp;suba promedio del 7,5 por ciento&nbsp;para su nafta y gasoil. La medida rige desde la medianoche de este domingo.&nbsp; El ajuste fue mayor para el primero de estos grupos, las naftas aumentaron un 8,5 por ciento promedio entre la s\u00faper y premium. En el [&hellip;]<\/p>\n","protected":false},"author":1,"featured_media":23443,"comment_status":"closed","ping_status":"closed","sticky":false,"template":"","format":"standard","meta":[],"categories":[14],"tags":[],"_links":{"self":[{"href":"http:\/\/nuevacordoba.net\/index.php\/wp-json\/wp\/v2\/posts\/23442"}],"collection":[{"href":"http:\/\/nuevacordoba.net\/index.php\/wp-json\/wp\/v2\/posts"}],"about":[{"href":"http:\/\/nuevacordoba.net\/index.php\/wp-json\/wp\/v2\/types\/post"}],"author":[{"embeddable":true,"href":"http:\/\/nuevacordoba.net\/index.php\/wp-json\/wp\/v2\/users\/1"}],"replies":[{"embeddable":true,"href":"http:\/\/nuevacordoba.net\/index.php\/wp-json\/wp\/v2\/comments?post=23442"}],"version-history":[{"count":0,"href":"http:\/\/nuevacordoba.net\/index.php\/wp-json\/wp\/v2\/posts\/23442\/revisions"}],"wp:featuredmedia":[{"embeddable":true,"href":"http:\/\/nuevacordoba.net\/index.php\/wp-json\/wp\/v2\/media\/23443"}],"wp:attachment":[{"href":"http:\/\/nuevacordoba.net\/index.php\/wp-json\/wp\/v2\/media?parent=23442"}],"wp:term":[{"taxonomy":"category","embeddable":true,"href":"http:\/\/nuevacordoba.net\/index.php\/wp-json\/wp\/v2\/categories?post=23442"},{"taxonomy":"post_tag","embeddable":true,"href":"http:\/\/nuevacordoba.net\/index.php\/wp-json\/wp\/v2\/tags?post=23442"}],"curies":[{"name":"wp","href":"https:\/\/api.w.org\/{rel}","templated":true}]}}