{"id":23492,"date":"2022-08-23T05:15:32","date_gmt":"2022-08-23T05:15:32","guid":{"rendered":"http:\/\/estaciontrip.com.ar\/?p=7105"},"modified":"2022-08-23T05:15:32","modified_gmt":"2022-08-23T05:15:32","slug":"los-destinos-mas-elegidos-para-viajar-por-avion-el-finde-largo","status":"publish","type":"post","link":"http:\/\/nuevacordoba.net\/index.php\/2022\/08\/23\/los-destinos-mas-elegidos-para-viajar-por-avion-el-finde-largo\/","title":{"rendered":"Los destinos m\u00e1s elegidos para viajar por avi\u00f3n el finde largo"},"content":{"rendered":"<div><img src=\"http:\/\/nuevacordoba.net\/wp-content\/uploads\/2022\/08\/los-destinos-mas-elegidos-para-viajar-por-avion-el-finde-largo.jpg\" class=\"ff-og-image-inserted\"><\/div>\n<p><em>Ente los 180 mil pasajeros que Aerol\u00edneas Argentinas transportar\u00e1 durante este fin de semana de agosto, hay un ranking nacional elaborado por la compa\u00f1\u00eda.<\/em><\/p>\n<p>Aerol\u00edneas Argentinas transportar\u00e1 m\u00e1s de 180.000 pasajeros durante este fin de semana largo.<\/p>\n<p>Con 240 salidas cada d\u00eda durante el periodo comprendido entre el viernes 12 y el martes 16, la empresa contar\u00e1 con refuerzos t\u00e1cticos en su red de 36 destinos dom\u00e9sticos.<\/p>\n<p><strong>Los m\u00e1s elegidos por los pasajeros son: Bariloche, C\u00f3rdoba, Mendoza, Ushuaia, El Calafate, Iguaz\u00fa, Salta, Neuqu\u00e9n, Tucum\u00e1n, Mar del Plata y Comodoro Rivadavia. <\/strong>Entre esos destinos se concentra casi el 50% de las reservas y cuentan con factores de ocupaci\u00f3n que superan el 90%.<\/p>\n<p>En tanto que un 20% de los pasajeros viajar\u00e1n por el pa\u00eds a trav\u00e9s de las 42 rutas intertramos que no pasan por Buenos Aires y el sistema de corredores federales. <\/p>\n<p><em>\u201cEs un fin de semana importante para toda la industria del turismo por el movimiento que genera y significa un buen cierre para una temporada invernal que fue sumamente exitosa, con un caudal de pasajeros que no se ve desde hace mucho tiempo\u201d<\/em>, expres\u00f3 Pablo Ceriani, presidente de Aerol\u00edneas Argentinas.<\/p>\n<p>Durante el mes de julio, la aerol\u00edneas registr\u00f3 1.089.545 pasajeros transportados, con una ocupaci\u00f3n promedio del 86% y un factor de cumplimiento del 99% en 8613 salidas mensuales.<\/p>\n<p>En dicha presentaci\u00f3n se destac\u00f3, adem\u00e1s, el importante aporte de los vuelos provenientes de Brasil, Santiago de Chile y Uruguay al mismo tiempo que se confirm\u00f3 la continuidad de las rutas San Pablo \u2013 Bariloche, San Pablo \u2013C\u00f3rdoba \u2013 El Calafate y San Pablo \u2013 Salta- Tucum\u00e1n.<\/p>\n","protected":false},"excerpt":{"rendered":"<p>Ente los 180 mil pasajeros que Aerol\u00edneas Argentinas transportar\u00e1 durante este fin de semana de agosto, hay un ranking nacional elaborado por la compa\u00f1\u00eda. Aerol\u00edneas Argentinas transportar\u00e1 m\u00e1s de 180.000 pasajeros durante este fin de semana largo. Con 240 salidas cada d\u00eda durante el periodo comprendido entre el viernes 12 y el martes 16, la [&hellip;]<\/p>\n","protected":false},"author":1,"featured_media":23493,"comment_status":"closed","ping_status":"closed","sticky":false,"template":"","format":"standard","meta":[],"categories":[11],"tags":[],"_links":{"self":[{"href":"http:\/\/nuevacordoba.net\/index.php\/wp-json\/wp\/v2\/posts\/23492"}],"collection":[{"href":"http:\/\/nuevacordoba.net\/index.php\/wp-json\/wp\/v2\/posts"}],"about":[{"href":"http:\/\/nuevacordoba.net\/index.php\/wp-json\/wp\/v2\/types\/post"}],"author":[{"embeddable":true,"href":"http:\/\/nuevacordoba.net\/index.php\/wp-json\/wp\/v2\/users\/1"}],"replies":[{"embeddable":true,"href":"http:\/\/nuevacordoba.net\/index.php\/wp-json\/wp\/v2\/comments?post=23492"}],"version-history":[{"count":0,"href":"http:\/\/nuevacordoba.net\/index.php\/wp-json\/wp\/v2\/posts\/23492\/revisions"}],"wp:featuredmedia":[{"embeddable":true,"href":"http:\/\/nuevacordoba.net\/index.php\/wp-json\/wp\/v2\/media\/23493"}],"wp:attachment":[{"href":"http:\/\/nuevacordoba.net\/index.php\/wp-json\/wp\/v2\/media?parent=23492"}],"wp:term":[{"taxonomy":"category","embeddable":true,"href":"http:\/\/nuevacordoba.net\/index.php\/wp-json\/wp\/v2\/categories?post=23492"},{"taxonomy":"post_tag","embeddable":true,"href":"http:\/\/nuevacordoba.net\/index.php\/wp-json\/wp\/v2\/tags?post=23492"}],"curies":[{"name":"wp","href":"https:\/\/api.w.org\/{rel}","templated":true}]}}