{"id":23498,"date":"2022-08-23T09:15:05","date_gmt":"2022-08-23T09:15:05","guid":{"rendered":"http:\/\/nuevacordoba.net\/index.php\/2022\/08\/23\/el-relator-de-la-onu-reivindico-el-derecho-a-la-libre-determinacion-de-pueblos-indigenas\/"},"modified":"2022-08-23T09:15:05","modified_gmt":"2022-08-23T09:15:05","slug":"el-relator-de-la-onu-reivindico-el-derecho-a-la-libre-determinacion-de-pueblos-indigenas","status":"publish","type":"post","link":"http:\/\/nuevacordoba.net\/index.php\/2022\/08\/23\/el-relator-de-la-onu-reivindico-el-derecho-a-la-libre-determinacion-de-pueblos-indigenas\/","title":{"rendered":"El relator de la ONU reivindic\u00f3 el derecho a la libre determinaci\u00f3n de pueblos ind\u00edgenas"},"content":{"rendered":"<figure class=\"mb-3\"><img loading=\"lazy\" src=\"http:\/\/nuevacordoba.net\/wp-content\/uploads\/2022\/08\/el-relator-de-la-onu-reivindico-el-derecho-a-la-libre-determinacion-de-pueblos-indigenas.jpg\" width=\"100%\" height=\"100%\" alt=\"Foto Osvaldo Fantn\"><figcaption> Foto: Osvaldo Fant\u00f3n <\/figcaption><\/figure>\n<p>El Relator Especial de Naciones Unidas sobre los Derechos de los Pueblos Ind\u00edgenas, Francisco Cal\u00ed Tzay, dijo este lunes que \u00abel reconocimiento del derecho a la libre determinaci\u00f3n debe entenderse como la base del di\u00e1logo en la construcci\u00f3n de una nueva relaci\u00f3n entre los pueblos y los estados, desde una perspectiva plurinacional, reconociendo las diferencias culturales, sin que ello sea motivo de exclusi\u00f3n o de discriminaci\u00f3n racial\u00bb.<\/p>\n<p><strong>Tzay brind\u00f3 una conferencia magistral en el Aula Magna de la Facultad de Derecho de la Universidad de Buenos Aires,<\/strong> en su primera visita como relator a la Argentina.<\/p>\n<p>Tzay comenz\u00f3 su exposici\u00f3n diciendo que \u00abestamos en una nueva etapa en la cual no solo estamos hablando de nuestros derechos, sino que ahora estamos viendo como en muchos pa\u00edses se adelanta el cumplimento de esos derechos\u00bb.<\/p>\n<p>El Relator agreg\u00f3 que \u00abel Convenio 169 de la OIT; la Declaraci\u00f3n de Naciones Unidas sobre los Derechos de los Pueblos Ind\u00edgenas y la Declaraci\u00f3n Americana sobre los Derechos de los Pueblos Ind\u00edgenas, son los tres instrumentos fundamentales que protegen los derechos de los pueblos ind\u00edgenas en este continente y son los derechos m\u00ednimos que tenemos\u00bb.<\/p>\n<p><strong>\u00abDesde este punto de vista la Comisi\u00f3n Interamericana de derechos humanos y la Corte interamericana, han desarrollado una jurisprudencia evolutiva interpretando muchas de las disposiciones de este tratado a nivel de las necesidades especificas de los pueblos ind\u00edgenas, como el caso del articulo 21 de la Convenci\u00f3n que hoy incluye tambi\u00e9n la protecci\u00f3n del derecho a la propiedad colectiva de tierras y sus recursos\u00bb.<\/strong><\/p>\n<p>Asimismo, cit\u00f3 \u00abla Convenci\u00f3n de los Derechos del Ni\u00f1o sobre los ni\u00f1os y las ni\u00f1as ind\u00edgenas\u00bb.<\/p>\n<figure class=\"mb-3\"><img loading=\"lazy\" src=\"http:\/\/nuevacordoba.net\/wp-content\/uploads\/2022\/08\/el-relator-de-la-onu-reivindico-el-derecho-a-la-libre-determinacion-de-pueblos-indigenas-1.jpg\" width=\"100%\" height=\"100%\" alt=\"Foto Osvaldo Fantn\"><figcaption> Foto: Osvaldo Fant\u00f3n <\/figcaption><\/figure>\n<p><strong>\u00abQuiero recordar que los Estados le tienen mucho miedo al reconocimiento al derecho a la libre determinaci\u00f3n de los pueblos ind\u00edgenas, porque argumentan que va a crear muchos problemas, como divisi\u00f3n territorial, sin embargo, el no reconocimiento a ese derecho es lo que crea los problemas de divisi\u00f3n y de \u00b4levantamientos sociales\u00b4 que ha habido y va a seguir habiendo en la historia de los pueblos ind\u00edgenas\u00bb<\/strong>, expres\u00f3.<\/p>\n<p>El relator de la ONU indic\u00f3 que durante la pandemia \u00abel pueblo shuar de Per\u00fa decidi\u00f3 cerrar sus fronteras y no permitir que nadie entrara ni saliera de sus territorios si no cumpl\u00edan con los requerimientos de seguridad en sanidad; hasta este momento hay cero casos de contagio y de muertes por Covid19\u00bb.<\/p>\n<p>A su vez, se\u00f1al\u00f3 que en un reciente informe de la Comisi\u00f3n Interamericana de Derechos Humanos hay un punto que aclara que \u00abreconocer el derecho a la libre determinaci\u00f3n es un elemento central para la reparaci\u00f3n colectiva por las violaciones hist\u00f3ricas y sistem\u00e1ticas de los derechos humanos de los pueblos ind\u00edgenas\u00b4\u00bb.<\/p>\n<p><strong>\u00abEl reconocimiento del derecho a la libre determinaci\u00f3n debe entenderse como la base del di\u00e1logo en la construcci\u00f3n de una nueva relaci\u00f3n entre los pueblos y los estados desde una perspectiva plurinacional, reconociendo las diferencias culturales sin que ello sea motivo de exclusi\u00f3n o de discriminaci\u00f3n racial\u00bb,<\/strong> destac\u00f3.<\/p>\n<p>Tzay, del pueblo \u00abmaya cakchiquel\u00bb de Guatemala, ha actuado en la gesti\u00f3n internacional de derechos de los pueblos ind\u00edgenas ante Naciones Unidas desde principios de los &#8217;80, abordando las violaciones de los derechos humanos de los pueblos ind\u00edgenas de todo el mundo, y asumi\u00f3 su funci\u00f3n en la ONU el 1ro. de mayo de 2020.<\/p>\n<figure class=\"mb-3\"><img loading=\"lazy\" src=\"http:\/\/nuevacordoba.net\/wp-content\/uploads\/2022\/08\/el-relator-de-la-onu-reivindico-el-derecho-a-la-libre-determinacion-de-pueblos-indigenas-2.jpg\" width=\"100%\" height=\"100%\" alt=\"Foto Osvaldo Fantn\"><figcaption> Foto: Osvaldo Fant\u00f3n <\/figcaption><\/figure>\n<p>En di\u00e1logo con T\u00e9lam,<strong readability=\"8\"> Tzay sostuvo que su visita es \u00abcon car\u00e1cter acad\u00e9mico, donde vengo a conocer la realidad de los pueblos ind\u00edgenas de Argentina, a aprender y a educarme con respecto a esta realidad y creo que es una oportunidad hist\u00f3rica para mi\u00bb.<\/p>\n<p>\u00abHe tenido la oportunidad de estar ac\u00e1 anteriormente, sin embargo, es la primera vez que voy a estar con m\u00e1s representaci\u00f3n de pueblos ind\u00edgenas y voy a estar impartiendo varias charlas en varias universidades que he tenido el honor que me inviten; adem\u00e1s, voy a recoger informaci\u00f3n y testimonios de la realidad de los pueblos ind\u00edgenas de Argentina<\/p>\n<p><\/strong>\u00ab, sostuvo.<\/p>\n<p>La actividad comenz\u00f3 a las 15 horas con una ceremonia espiritual en las escalinatas de la Facultad, con la participaci\u00f3n de Tzay y referentes ind\u00edgenas venidos desde varias provincias como Chaco, C\u00f3rdoba, Santiago del Estero y Buenos Aires.<\/p>\n<p>Los puntos abordados por el representante de la ONU fueron la \u00abafirmaci\u00f3n de los Derechos colectivos de los pueblos ind\u00edgenas a nivel internacional; derecho a la libre determinaci\u00f3n; derecho a la tierra, territorios y recursos; derecho al consentimiento previo libre e informado; y la justicia propia de los pueblos ind\u00edgenas\u00bb.<\/p>\n<figure class=\"mb-3\"><img loading=\"lazy\" src=\"http:\/\/nuevacordoba.net\/wp-content\/uploads\/2022\/08\/el-relator-de-la-onu-reivindico-el-derecho-a-la-libre-determinacion-de-pueblos-indigenas-3.jpg\" width=\"100%\" height=\"100%\" alt=\"Foto Osvaldo Fantn\"><figcaption> Foto: Osvaldo Fant\u00f3n <\/figcaption><\/figure>\n<p>Tambi\u00e9n expuso sobre<strong> \u00abla criminalizaci\u00f3n de las personas ind\u00edgenas defensoras de los derechos humanos, cerrando con una reflexi\u00f3n sobre la resiliencia de los ind\u00edgenas y la defensa del medio ambiente\u00bb.<\/strong><\/p>\n<p>Luego de su presentaci\u00f3n acad\u00e9mica, el relator abri\u00f3 el micr\u00f3fono para dialogar con las y los presentes, y luego de la conferencia recibi\u00f3 a las delegaciones de los diversos pueblos venidos de las provincias.<\/p>\n<p>El mandatario de la ONU estar\u00e1 durante los pr\u00f3ximos d\u00edas en Bariloche, R\u00edo Negro; Tartagal, Salta y en Tilcara, Jujuy.<\/p>\n<p>\u00abEl mandato del Relator consiste en promover un dialogo de buena fe entre Pueblos Ind\u00edgenas y los Estados, formulando recomendaciones y promoviendo acuerdos constructivos, para aplicar los criterios internacionales relativos a los derechos de los pueblos ind\u00edgenas\u00bb, indic\u00f3 en tanto Sandra Ceballos, a cargo de curso de Derechos Humanos de los Pueblos Ind\u00edgenas, quien form\u00f3 parte de la organizaci\u00f3n junto a un equipo de docentes.<\/p>\n<p>Tambi\u00e9n \u00abpuede presentar informes sobre la situaci\u00f3n de los pueblos ind\u00edgenas en el mundo entero; y abordar los casos espec\u00edficos de presuntas violaciones de derechos de los pueblos ind\u00edgenas\u00bb, concluy\u00f3 Ceballos. <\/p>\n","protected":false},"excerpt":{"rendered":"<p>Foto: Osvaldo Fant\u00f3n El Relator Especial de Naciones Unidas sobre los Derechos de los Pueblos Ind\u00edgenas, Francisco Cal\u00ed Tzay, dijo este lunes que \u00abel reconocimiento del derecho a la libre determinaci\u00f3n debe entenderse como la base del di\u00e1logo en la construcci\u00f3n de una nueva relaci\u00f3n entre los pueblos y los estados, desde una perspectiva plurinacional, [&hellip;]<\/p>\n","protected":false},"author":1,"featured_media":23499,"comment_status":"closed","ping_status":"closed","sticky":false,"template":"","format":"standard","meta":[],"categories":[13],"tags":[],"_links":{"self":[{"href":"http:\/\/nuevacordoba.net\/index.php\/wp-json\/wp\/v2\/posts\/23498"}],"collection":[{"href":"http:\/\/nuevacordoba.net\/index.php\/wp-json\/wp\/v2\/posts"}],"about":[{"href":"http:\/\/nuevacordoba.net\/index.php\/wp-json\/wp\/v2\/types\/post"}],"author":[{"embeddable":true,"href":"http:\/\/nuevacordoba.net\/index.php\/wp-json\/wp\/v2\/users\/1"}],"replies":[{"embeddable":true,"href":"http:\/\/nuevacordoba.net\/index.php\/wp-json\/wp\/v2\/comments?post=23498"}],"version-history":[{"count":0,"href":"http:\/\/nuevacordoba.net\/index.php\/wp-json\/wp\/v2\/posts\/23498\/revisions"}],"wp:featuredmedia":[{"embeddable":true,"href":"http:\/\/nuevacordoba.net\/index.php\/wp-json\/wp\/v2\/media\/23499"}],"wp:attachment":[{"href":"http:\/\/nuevacordoba.net\/index.php\/wp-json\/wp\/v2\/media?parent=23498"}],"wp:term":[{"taxonomy":"category","embeddable":true,"href":"http:\/\/nuevacordoba.net\/index.php\/wp-json\/wp\/v2\/categories?post=23498"},{"taxonomy":"post_tag","embeddable":true,"href":"http:\/\/nuevacordoba.net\/index.php\/wp-json\/wp\/v2\/tags?post=23498"}],"curies":[{"name":"wp","href":"https:\/\/api.w.org\/{rel}","templated":true}]}}