{"id":2371,"date":"2021-03-23T07:47:15","date_gmt":"2021-03-23T07:47:15","guid":{"rendered":"http:\/\/nuevacordoba.net\/index.php\/2021\/03\/23\/biocombustibles-el-oficialismo-confirmo-que-ya-no-quiere-prorrogar-el-regimen-y-propone-bajar-los-cortes\/"},"modified":"2021-03-23T07:47:15","modified_gmt":"2021-03-23T07:47:15","slug":"biocombustibles-el-oficialismo-confirmo-que-ya-no-quiere-prorrogar-el-regimen-y-propone-bajar-los-cortes","status":"publish","type":"post","link":"http:\/\/nuevacordoba.net\/index.php\/2021\/03\/23\/biocombustibles-el-oficialismo-confirmo-que-ya-no-quiere-prorrogar-el-regimen-y-propone-bajar-los-cortes\/","title":{"rendered":"Biocombustibles: el oficialismo confirm\u00f3 que ya no quiere prorrogar el r\u00e9gimen y propone bajar los cortes"},"content":{"rendered":"<div><img src=\"http:\/\/nuevacordoba.net\/wp-content\/uploads\/2021\/03\/biocombustibles-el-oficialismo-confirmo-que-ya-no-quiere-prorrogar-el-regimen-y-propone-bajar-los-cortes.jpg\" class=\"ff-og-image-inserted\"><\/div>\n<p>El Frente de Todos, que en el Senado vot\u00f3 por unanimidad en octubre la pr\u00f3rroga del r\u00e9gimen de biocombustibles, es el mismo Frente de Todos que este lunes, en Diputados, confirm\u00f3 que ahora no quiere prorrogar ese r\u00e9gimen.<\/p>\n<p>Todo cambi\u00f3 en tan solo cinco meses, de manera inexplicable para los trabajadores, las empresas, los diputados, los senadores y los gobernadores de 10 provincias productoras, que observan desconcertados c\u00f3mo el gobierno de Alberto Fern\u00e1ndez les ha cambiado las reglas de juego.<\/p>\n<p>El r\u00e9gimen rige desde 2006 y desde entonces ha venido siendo prorrogado cada cinco a\u00f1os.<\/p>\n<p>Entre 2010 y 2019, los biocombustibles en la Argentina sustituyeron importaciones por 10.800 millones de d\u00f3lares; el Estado nacional ha girado divisas por m\u00e1s de 23 mil millones de d\u00f3lares, y se han generado 250 mil puestos de trabajo.<\/p>\n<div class=\"block-ad-node\">\n<div>\n<p> <span>Publicidad<\/span> <\/p>\n<\/div>\n<\/div>\n<p>Dicho r\u00e9gimen vence el 12 de mayo pr\u00f3ximo, y el FDT, que celebr\u00f3 con bombos y platillos la pr\u00f3rroga hasta el 31 de diciembre de 2024 en la C\u00e1mara Alta, este lunes, en la C\u00e1mara Baja, confirm\u00f3 que quiere reemplazarlo por otra ley.<\/p>\n<p>El presidente del bloque oficialista de Diputados, M\u00e1ximo Kirchner, baj\u00f3 la orden de que no haya fisuras, pese a que hay diputados de provincias productoras de combustibles l\u00edquidos a base de alimentos que se las ver\u00e1n en figurillas para explicar en sus provincias por qu\u00e9 no hicieron nada y dejar\u00e1n vencer dicho r\u00e9gimen.<\/p>\n<p>Juntos por el Cambio (JPC) y el peronismo no kirchnerista, junto a otros bloques opositores, se unieron para pedir una sesi\u00f3n especial con el fin de tratar la media sanci\u00f3n del Senado este jueves a las 11.30. Pero dif\u00edcilmente consigan el qu\u00f3rum.<\/p>\n<p>De cualquier manera, sin margen para m\u00e1s demoras, el peronista mendocino Omar F\u00e9lix, quien rechaza el r\u00e9gimen por considerar que \u00abel petr\u00f3leo subsidia a la Pampa H\u00fameda\u00bb, se vio obligado como consecuencia de ese pedido de sesi\u00f3n de la oposici\u00f3n a convocar para este lunes a la comisi\u00f3n de Energ\u00eda, que preside, para discutir este tema.<\/p>\n<p>Y lo hizo invitando al secretario de Energ\u00eda de la Naci\u00f3n, Dar\u00edo Mart\u00ednez, quien ten\u00eda como fin exponer un supuesto proyecto de ley que habr\u00eda elaborado el Poder Ejecutivo con el fin de reemplazar al r\u00e9gimen vigente.<\/p>\n<div class=\"block-ad-node\">\n<div>\n<p> <span>Publicidad<\/span> <\/p>\n<\/div>\n<\/div>\n<p>Pero dicho proyecto de ley no existe, Mart\u00ednez no dio ning\u00fan detalle sobre la iniciativa y solamente ha circulado un borrador, al que tuvo acceso La Voz, sin membrete ni firma de ning\u00fan funcionario, que en el sector de los biocombustibles ha encendido todas las alarmas.<\/p>\n<p>\u00bfPor qu\u00e9? Porque b\u00e1sicamente ese borrador revela que la intenci\u00f3n del gobierno de Fern\u00e1ndez es bajar el corte de bioetanol del 12% al 7,5% en la nafta y el del biodi\u00e9sel del 10% al 5% en el gasoil.<\/p>\n<p>\u00abEsta es una Argentina distinta de la de 2006. Y por eso el r\u00e9gimen tiene que tener en cuenta a la Argentina que tenemos en este momento. Y si avanzamos en la misma norma (prorrogar el r\u00e9gimen vigente), seguramente no tendremos en cuenta esta realidad\u00bb, dijo el secretario Mart\u00ednez, para confirmar el giro de 180 grados del gobierno de Fern\u00e1ndez.<\/p>\n<div class=\"block-ad-node\">\n<div>\n<p> <span>Publicidad<\/span> <\/p>\n<\/div>\n<\/div>\n<p>El funcionario, que es oriundo de Neuqu\u00e9n, una provincia hidrocarbur\u00edfera, le respondi\u00f3 de esta manera a una pregunta de la radical mendocina Ximena Latorre, quien pidi\u00f3 prorrogar el r\u00e9gimen actual sin perjuicio de que se discuta una reforma del r\u00e9gimen.<\/p>\n<p>En el mismo sentido, otro radical, Fabio Quetglas, se\u00f1al\u00f3 que \u00ablo m\u00e1s sapiente es aceptar la pr\u00f3rroga que viene del Senado y constituir una comisi\u00f3n\u00bb que trabaje con plazo al 31 de diciembre de este a\u00f1o en la elaboraci\u00f3n de una nueva ley para el sector.<\/p>\n<p>\u00abLa se\u00f1al que damos si legislamos a las corridas no es buena\u00bb, dijo el diputado por la Provincia de Buenos Aires.<\/p>\n<p class=\"SubTitulo\"><strong>\u00abDefender Neuqu\u00e9n\u00bb<\/strong><\/p>\n<p>En la vereda de enfrente, la diputada Alma Sapag, del Movimiento Popular Neuquino (MPN), se\u00f1al\u00f3 que no le queda \u00abotra opci\u00f3n que defender el trabajo de la gente de Neuqu\u00e9n y los recursos que nutren el presupuesto provincial\u00bb.<\/p>\n<p>\u00abEl biodi\u00e9sel y bioetanol se han convertido en competidores de las empresas que invierten en Neuqu\u00e9n, competencia que viene del sector productor de alimentos, mayormente de la riqu\u00edsima Pampa H\u00fameda\u00bb, plante\u00f3 Sapag.<\/p>\n<p>La diputada, una firme aliada del FDT en las votaciones, dijo que \u00aben un a\u00f1o, el barril de petr\u00f3leo cay\u00f3 de 100 a 64 d\u00f3lares\u00bb, mientras la tonelada de soja creci\u00f3 de 326 a 520 d\u00f3lares\u00bb. \u00abDebemos ver el beneficio para todos los sectores del pa\u00eds\u00bb, asever\u00f3.<\/p>\n<p class=\"SubTitulo\"><strong>El curioso caso de dos santafesinos K<\/strong><\/p>\n<p>El 27 de enero pasado, indignada por la falta de avance de la media sanci\u00f3n del Senado en Diputados, y porque Alberto Fern\u00e1ndez se rehus\u00f3 a incluirla en el temario de las sesiones extraordinarias, la senadora ultracristinista Mar\u00eda de los \u00c1ngeles Sacnun se quej\u00f3 y dijo que estaban \u00aben juego los puestos de trabajo y las plantas industriales, que en algunas localidades conforman la \u00fanica industria, y las oportunidades de miles\u00bb de sus comprovincianos.<\/p>\n<p>Pero este lunes, otro peronista santafesino, el diputado Marcos Cleri, de La C\u00e1mpora, expres\u00f3 su confianza en \u00abconstruir una nueva ley\u00bb consensuada \u00abcon todos y cada uno de los legisladores y, de esa manera, poder agilizar los tiempos y sancionarla tanto en Diputados y Senadores\u00bb.<\/p>\n<p class=\"SubTitulo\"><strong>Qu\u00e9 propone el Gobierno<\/strong><\/p>\n<p>El borrador del supuesto proyecto de la Casa Rosada establece un r\u00e9gimen regulatorio de los biocombustibles con vigencia hasta el 31 de diciembre de 2027 y dice que el Poder Ejecutivo podr\u00e1 extenderlo por \u00fanica vez por tres a\u00f1os, desde que empiece a estar vigente, el 1 de junio de 2021.<\/p>\n<p>Adem\u00e1s, crea una \u00abComisi\u00f3n Especial de Biocombustibles\u00bb, con representantes designados por el Gobierno, y establece una extra\u00f1a categor\u00eda de pymes: las que \u00abtengan una producci\u00f3n anual que no exceda las 50.000 toneladas de biodi\u00e9sel o 90.000 metros c\u00fabicos de bioetanol de ma\u00edz; y que \u00abno sean asociadas, subsidiarias, ni controladas por, o controlantes de empresas cuya actividad principal sea la misma o pertenezcan a un mismo grupo econ\u00f3mico\u00bb.<\/p>\n<p class=\"MsoNormal\">Pero la parte que caus\u00f3 preocupaci\u00f3n en el sector es la relativa a los cortes. Este borrador, circulado en un archivo de Word de dos carillas, baja del 12% al 7,5% en porcentaje m\u00ednimo obligatorio de bioetanol en naftas y el 10% al 5% el de biodiesel en gasoil.<\/p>\n<div class=\"ctaNewsNotaContainer\" readability=\"6.5\">\n<div class=\"newsletterTextContainer\" readability=\"33\">\n<p> S\u00cdNTESIS POL\u00cdTICA<\/p>\n<p> Informaci\u00f3n exclusiva y el mejor an\u00e1lisis, los lunes en tu correo.<\/p>\n<form method=\"post\" action-xhr=\"https:\/\/www.lavoz.com.ar\/newsletters\/sintesis-politica\/signup\" id=\"newsletter-signup\" class=\"newsletterForm\" target=\"_blank\" custom-validation-reporting=\"as-you-go\" on=\"submit:AMP.setState({formLoading:true});submit-success:AMP.setState({formSuccess:true})\">\n<div submit-success class=\"is-paddingless-l\" readability=\"6\"> <template type=\"amp-mustache\" readability=\"2\"><\/p>\n<p> <strong>\u00a1Gracias por suscribirte!<\/strong><\/p>\n<p> <\/template><\/div>\n<div submit-error class=\"is-paddingless-l\" readability=\"6.5\"> <template type=\"amp-mustache\" readability=\"3\"><\/p>\n<p> <strong>Ha ocurrido un error, por favor intente nuevamente m\u00e1s tarde.<\/strong><\/p>\n<p> <\/template><\/div>\n<\/form>\n<\/div>\n<\/div>\n<div class=\"column is-inline-block\" readability=\"5.1111111111111\">\n<div class=\"notification is-padding-lr\" readability=\"5.962962962963\"> <a class=\"no-decoration is-font-bold\" href=\"https:\/\/www.lavoz.com.ar\/edicion-impresa\">Edici\u00f3n Impresa<\/a><\/p>\n<p class=\"is-font-sans-serif\">El texto original de este art\u00edculo fue publicado el 23\/03\/2021 en nuestra edici\u00f3n impresa.<\/p>\n<\/div>\n<\/div>\n<div>\n<p> <span>Publicidad<\/span> <\/p>\n<\/div>\n","protected":false},"excerpt":{"rendered":"<p>El Frente de Todos, que en el Senado vot\u00f3 por unanimidad en octubre la pr\u00f3rroga del r\u00e9gimen de biocombustibles, es el mismo Frente de Todos que este lunes, en Diputados, confirm\u00f3 que ahora no quiere prorrogar ese r\u00e9gimen. Todo cambi\u00f3 en tan solo cinco meses, de manera inexplicable para los trabajadores, las empresas, los diputados, [&hellip;]<\/p>\n","protected":false},"author":1,"featured_media":2372,"comment_status":"closed","ping_status":"closed","sticky":false,"template":"","format":"standard","meta":[],"categories":[12],"tags":[],"_links":{"self":[{"href":"http:\/\/nuevacordoba.net\/index.php\/wp-json\/wp\/v2\/posts\/2371"}],"collection":[{"href":"http:\/\/nuevacordoba.net\/index.php\/wp-json\/wp\/v2\/posts"}],"about":[{"href":"http:\/\/nuevacordoba.net\/index.php\/wp-json\/wp\/v2\/types\/post"}],"author":[{"embeddable":true,"href":"http:\/\/nuevacordoba.net\/index.php\/wp-json\/wp\/v2\/users\/1"}],"replies":[{"embeddable":true,"href":"http:\/\/nuevacordoba.net\/index.php\/wp-json\/wp\/v2\/comments?post=2371"}],"version-history":[{"count":0,"href":"http:\/\/nuevacordoba.net\/index.php\/wp-json\/wp\/v2\/posts\/2371\/revisions"}],"wp:featuredmedia":[{"embeddable":true,"href":"http:\/\/nuevacordoba.net\/index.php\/wp-json\/wp\/v2\/media\/2372"}],"wp:attachment":[{"href":"http:\/\/nuevacordoba.net\/index.php\/wp-json\/wp\/v2\/media?parent=2371"}],"wp:term":[{"taxonomy":"category","embeddable":true,"href":"http:\/\/nuevacordoba.net\/index.php\/wp-json\/wp\/v2\/categories?post=2371"},{"taxonomy":"post_tag","embeddable":true,"href":"http:\/\/nuevacordoba.net\/index.php\/wp-json\/wp\/v2\/tags?post=2371"}],"curies":[{"name":"wp","href":"https:\/\/api.w.org\/{rel}","templated":true}]}}