{"id":2373,"date":"2021-03-22T15:33:54","date_gmt":"2021-03-22T15:33:54","guid":{"rendered":"http:\/\/cordobanewsnet.wordpress.com\/?p=5168"},"modified":"2021-03-22T15:33:54","modified_gmt":"2021-03-22T15:33:54","slug":"fallecio-la-madre-de-la-mona-jimenez","status":"publish","type":"post","link":"http:\/\/nuevacordoba.net\/index.php\/2021\/03\/22\/fallecio-la-madre-de-la-mona-jimenez\/","title":{"rendered":"Falleci\u00f3 la madre de La Mona Jim\u00e9nez"},"content":{"rendered":"<p><!-- \/featured-media --> <\/p>\n<div class=\"post-content clear\" readability=\"42.02124430956\">\n<p>Este domingo por la noche<strong>&nbsp;falleci\u00f3 Esilda Rufino, la madre de La Mona Jim\u00e9nez<\/strong>, luego de estar cinco d\u00edas internada en el Sanatorio Allende de C\u00f3rdoba.<\/p>\n<p>Esilda<strong>&nbsp;ten\u00eda 93 a\u00f1os, viv\u00eda en una residencia geri\u00e1trica<\/strong>&nbsp;y muri\u00f3 por a causa de una complicaci\u00f3n card\u00edaca.&nbsp;Desde el entorno familiar confirmaron el deceso y desde hac\u00eda unos d\u00edas hab\u00eda preocupaci\u00f3n por su estado de salud, que era delicado. Natalia Jim\u00e9nez, hija del Mandam\u00e1s escribi\u00f3 en sus redes sociales: \u201cQue en paz descanses Esilda. Gracias a todos por sus mensajes afectuosos para mi pap\u00e1 y la familia\u201d.<\/p>\n<div id=\"jp-post-flair\" class=\"sharedaddy sd-like-enabled sd-sharing-enabled\">\n<div class=\"sharedaddy sd-sharing-enabled\">\n<div class=\"robots-nocontent sd-block sd-social sd-social-icon-text sd-sharing\">\n<h3 class=\"sd-title\">Share this:<\/h3>\n<\/div>\n<\/div>\n<div class=\"sharedaddy sd-block sd-like jetpack-likes-widget-wrapper jetpack-likes-widget-unloaded\" id=\"like-post-wrapper-143108178-5168-6059d191a8246\" data-src=\"\/\/widgets.wp.com\/likes\/index.html?ver=20210317#blog_id=143108178&amp;post_id=5168&amp;origin=cordobanewsnet.wordpress.com&amp;obj_id=143108178-5168-6059d191a8246\" data-name=\"like-post-frame-143108178-5168-6059d191a8246\">\n<h3 class=\"sd-title\">Me gusta esto:<\/h3>\n<p><span class=\"button\"><span>Me gusta<\/span><\/span> <span class=\"loading\">Cargando&#8230;<\/span><\/p>\n<p><span class=\"sd-text-color\"><\/span><\/div>\n<p><h3 class=\"jp-relatedposts-headline\"><em>Relacionado<\/em><\/h3>\n<\/p>\n<\/div><\/div>\n<p><!--\/.post-content--> <\/p>\n<footer class=\"post-meta-container clear\" readability=\"0.26720647773279\">\n<div class=\"entry-author author-avatar-show\" readability=\"13.114754098361\">\n<div class=\"author-avatar\"> <img loading=\"lazy\" alt src=\"http:\/\/nuevacordoba.net\/wp-content\/uploads\/2021\/03\/fallecio-la-madre-de-la-mona-jimenez.png\" class=\"avatar avatar-90\" height=\"90\" width=\"90\"> <\/div>\n<p><!-- .author-avatar --> <\/p>\n<p><h2 class=\"author-title\">Publicado por <span class=\"author-name\">Redacci\u00f3n<\/span><\/h2>\n<\/p>\n<p><!-- .author-heading --> <\/p>\n<p class=\"author-bio\"> <a class=\"author-link\" href=\"https:\/\/cordobanewsnet.wordpress.com\/author\/prettomatias\/\" rel=\"author\"> Ver todas las entradas de Redacci\u00f3n <\/a> <\/p>\n<p><!-- .author-bio --> <\/div>\n<p><!-- .entry-auhtor --> <\/footer>\n<p> <!-- \/post-meta-container --> <!-- #respond --> <\/p>\n","protected":false},"excerpt":{"rendered":"<p>Este domingo por la noche&nbsp;falleci\u00f3 Esilda Rufino, la madre de La Mona Jim\u00e9nez, luego de estar cinco d\u00edas internada en el Sanatorio Allende de C\u00f3rdoba. Esilda&nbsp;ten\u00eda 93 a\u00f1os, viv\u00eda en una residencia geri\u00e1trica&nbsp;y muri\u00f3 por a causa de una complicaci\u00f3n card\u00edaca.&nbsp;Desde el entorno familiar confirmaron el deceso y desde hac\u00eda unos d\u00edas hab\u00eda preocupaci\u00f3n por [&hellip;]<\/p>\n","protected":false},"author":1,"featured_media":2374,"comment_status":"closed","ping_status":"closed","sticky":false,"template":"","format":"standard","meta":[],"categories":[14],"tags":[],"_links":{"self":[{"href":"http:\/\/nuevacordoba.net\/index.php\/wp-json\/wp\/v2\/posts\/2373"}],"collection":[{"href":"http:\/\/nuevacordoba.net\/index.php\/wp-json\/wp\/v2\/posts"}],"about":[{"href":"http:\/\/nuevacordoba.net\/index.php\/wp-json\/wp\/v2\/types\/post"}],"author":[{"embeddable":true,"href":"http:\/\/nuevacordoba.net\/index.php\/wp-json\/wp\/v2\/users\/1"}],"replies":[{"embeddable":true,"href":"http:\/\/nuevacordoba.net\/index.php\/wp-json\/wp\/v2\/comments?post=2373"}],"version-history":[{"count":0,"href":"http:\/\/nuevacordoba.net\/index.php\/wp-json\/wp\/v2\/posts\/2373\/revisions"}],"wp:featuredmedia":[{"embeddable":true,"href":"http:\/\/nuevacordoba.net\/index.php\/wp-json\/wp\/v2\/media\/2374"}],"wp:attachment":[{"href":"http:\/\/nuevacordoba.net\/index.php\/wp-json\/wp\/v2\/media?parent=2373"}],"wp:term":[{"taxonomy":"category","embeddable":true,"href":"http:\/\/nuevacordoba.net\/index.php\/wp-json\/wp\/v2\/categories?post=2373"},{"taxonomy":"post_tag","embeddable":true,"href":"http:\/\/nuevacordoba.net\/index.php\/wp-json\/wp\/v2\/tags?post=2373"}],"curies":[{"name":"wp","href":"https:\/\/api.w.org\/{rel}","templated":true}]}}