{"id":23868,"date":"2022-09-02T08:55:08","date_gmt":"2022-09-02T08:55:08","guid":{"rendered":"http:\/\/nuevacordoba.net\/index.php\/2022\/09\/02\/en-un-septiembre-cargado-de-festivales-puerto-madryn-ofrece-uno-ambiental-y-sustentable\/"},"modified":"2022-09-02T08:55:08","modified_gmt":"2022-09-02T08:55:08","slug":"en-un-septiembre-cargado-de-festivales-puerto-madryn-ofrece-uno-ambiental-y-sustentable","status":"publish","type":"post","link":"http:\/\/nuevacordoba.net\/index.php\/2022\/09\/02\/en-un-septiembre-cargado-de-festivales-puerto-madryn-ofrece-uno-ambiental-y-sustentable\/","title":{"rendered":"En un septiembre cargado de festivales, Puerto Madryn ofrece uno ambiental y sustentable"},"content":{"rendered":"<figure class=\"mb-3\"><img loading=\"lazy\" src=\"http:\/\/nuevacordoba.net\/wp-content\/uploads\/2022\/09\/en-un-septiembre-cargado-de-festivales-puerto-madryn-ofrece-uno-ambiental-y-sustentable.jpg\" width=\"100%\" height=\"100%\" alt=\"En el Patagonia Eco Fest se recibieron 600 producciones de diversos lugares del mundo de las que se vern 50\"><figcaption> En el Patagonia Eco Fest se recibieron 600 producciones de diversos lugares del mundo, de las que se ver\u00e1n 50. <\/figcaption><\/figure>\n<p>La s\u00e9ptima edici\u00f3n del <strong>Patagonia Eco Film Fest (PEFF)<\/strong> arranc\u00f3 hoy en la ciudad de Puerto Madryn con una propuesta que no solo intenta atraer a la cinefilia local y nacional, a trav\u00e9s de sus proyecciones gratuitas en streaming, sino tambi\u00e9n con eventos que apuntan a concientizar con una puesta sustentable.<\/p>\n<p>Adem\u00e1s de las proyecciones cinematogr\u00e1ficas, el PEFF propone shows musicales sustentables, muestras y exposiciones art\u00edsticas, encuentros y charlas debate, feria sustentable, limpiezas de playas, talleres de alimentaci\u00f3n consciente, entre otras cosas.<\/p>\n<p><strong>\u00abIntentamos a\u00f1o a a\u00f1o tener una programaci\u00f3n que est\u00e9 actualizada a la agenda ambiental global y un jurado interdisciplinario que las pueda galardonar. Una programaci\u00f3n internacional nos propone conocer cu\u00e1les son las problem\u00e1ticas ambientales y las visiones sobre el ambiente en diferentes pa\u00edses, y poder trasladarlo a nuestro pa\u00eds y aprender de las experiencias\u00bb<\/strong>, dijo a T\u00e9lam <strong>Cristian Scigliano<\/strong>, miembro fundador del festival.<\/p>\n<figure class=\"mb-3\"><img loading=\"lazy\" src=\"http:\/\/nuevacordoba.net\/wp-content\/uploads\/2022\/09\/en-un-septiembre-cargado-de-festivales-puerto-madryn-ofrece-uno-ambiental-y-sustentable-1.jpg\" width=\"100%\" height=\"100%\" alt=\"La programacin est conformada por un total de 7 secciones de las cuales 5 son de competencia\"><figcaption> La programaci\u00f3n est\u00e1 conformada por un total de 7 secciones de las cuales 5 son de competencia. <\/figcaption><\/figure>\n<p><br open> Desde la apertura de la convocatoria, el PEFF recibi\u00f3<strong> 600 producciones de diversos lugares del mundo<\/strong>, de las cuales han seleccionado 50.<\/p>\n<p><strong>\u00abNosotros entendimos desde un primer momento que deb\u00edamos formar a la audiencia para que se pueda volcar a este tipo de pel\u00edculas que proponen no solo un espacio de entretenimiento, sino tambi\u00e9n una reflexi\u00f3n profunda sobre cu\u00e1l es nuestro rol en las cuestiones ambientales\u00bb<\/strong>, coment\u00f3 sobre la evoluci\u00f3n del festival.<\/p>\n<p>Esto, explic\u00f3 Scigliano, permiti\u00f3 ampliar el abanico de tem\u00e1ticas y <strong>\u00ablograr programaciones en las que las pel\u00edculas dialoguen entre s\u00ed, y los espectadores puedan estar dispuestos a ver y conocer nuevas historias, puntos de vista y narrativas diversas\u00bb<\/strong>.<\/p>\n<figure class=\"mb-3\"><img loading=\"lazy\" src=\"http:\/\/nuevacordoba.net\/wp-content\/uploads\/2022\/09\/en-un-septiembre-cargado-de-festivales-puerto-madryn-ofrece-uno-ambiental-y-sustentable-2.jpg\" width=\"100%\" height=\"100%\" alt=\"Tambin presentar la seccin Orgenes con foco en la relacin entre los pueblos originarios y el ambiente\"><figcaption> Tambi\u00e9n presentar\u00e1 la secci\u00f3n Or\u00edgenes con foco en la relaci\u00f3n entre los pueblos originarios y el ambiente. <\/figcaption><\/figure>\n<p><br open> Durante estos cinco d\u00edas se podr\u00e1n ver pel\u00edculas de Brasil, M\u00e9xico, Reino Unido, B\u00e9lgica, Francia y, por supuesto, Argentina, entre otras nacionales presentes en esta edici\u00f3n.<\/p>\n<p>La programaci\u00f3n est\u00e1 conformada por un total de <strong>7 secciones de las cuales 5 son de competencia: Competencia Internacional de Largometrajes, Cortometrajes y Competencia Regional Patagonia en Foco Argentina-Chile.<\/strong> Este a\u00f1o se sumaron la secci\u00f3n <strong>\u201cMujeres<\/strong>\u201d, la cual cuenta con el apoyo institucional de ONU Mujeres y la secci\u00f3n <strong>\u201cOc\u00e9anos, Horizonte de Conservaci\u00f3n\u201d<\/strong>.<\/p>\n<p>Fuera de competencia, presenta la secci\u00f3n <strong>Or\u00edgenes<\/strong> con foco en la relaci\u00f3n entre los pueblos originarios y el ambiente y <strong>Mini Peff,<\/strong> dedicada al p\u00fablico infantil. Tambi\u00e9n va a haber una proyecci\u00f3n con audio descripci\u00f3n (accesible para ciegos y disminuidos visuales) del cortometraje <strong>\u00abCaminandes\u00bb<\/strong>, del director <strong>Pablo V\u00e1zquez<\/strong>. <\/p>\n","protected":false},"excerpt":{"rendered":"<p>En el Patagonia Eco Fest se recibieron 600 producciones de diversos lugares del mundo, de las que se ver\u00e1n 50. La s\u00e9ptima edici\u00f3n del Patagonia Eco Film Fest (PEFF) arranc\u00f3 hoy en la ciudad de Puerto Madryn con una propuesta que no solo intenta atraer a la cinefilia local y nacional, a trav\u00e9s de sus [&hellip;]<\/p>\n","protected":false},"author":1,"featured_media":23869,"comment_status":"closed","ping_status":"closed","sticky":false,"template":"","format":"standard","meta":[],"categories":[9],"tags":[],"_links":{"self":[{"href":"http:\/\/nuevacordoba.net\/index.php\/wp-json\/wp\/v2\/posts\/23868"}],"collection":[{"href":"http:\/\/nuevacordoba.net\/index.php\/wp-json\/wp\/v2\/posts"}],"about":[{"href":"http:\/\/nuevacordoba.net\/index.php\/wp-json\/wp\/v2\/types\/post"}],"author":[{"embeddable":true,"href":"http:\/\/nuevacordoba.net\/index.php\/wp-json\/wp\/v2\/users\/1"}],"replies":[{"embeddable":true,"href":"http:\/\/nuevacordoba.net\/index.php\/wp-json\/wp\/v2\/comments?post=23868"}],"version-history":[{"count":0,"href":"http:\/\/nuevacordoba.net\/index.php\/wp-json\/wp\/v2\/posts\/23868\/revisions"}],"wp:featuredmedia":[{"embeddable":true,"href":"http:\/\/nuevacordoba.net\/index.php\/wp-json\/wp\/v2\/media\/23869"}],"wp:attachment":[{"href":"http:\/\/nuevacordoba.net\/index.php\/wp-json\/wp\/v2\/media?parent=23868"}],"wp:term":[{"taxonomy":"category","embeddable":true,"href":"http:\/\/nuevacordoba.net\/index.php\/wp-json\/wp\/v2\/categories?post=23868"},{"taxonomy":"post_tag","embeddable":true,"href":"http:\/\/nuevacordoba.net\/index.php\/wp-json\/wp\/v2\/tags?post=23868"}],"curies":[{"name":"wp","href":"https:\/\/api.w.org\/{rel}","templated":true}]}}