{"id":23870,"date":"2022-09-02T09:35:14","date_gmt":"2022-09-02T09:35:14","guid":{"rendered":"https:\/\/www.bbc.com\/mundo\/noticias-america-latina-62761292"},"modified":"2022-09-02T09:35:14","modified_gmt":"2022-09-02T09:35:14","slug":"cristina-fernandez-detienen-a-un-hombre-que-apunto-con-una-pistola-a-la-vicepresidenta-argentina-cuando-llegaba-a-su-casa-en-buenos-aires","status":"publish","type":"post","link":"http:\/\/nuevacordoba.net\/index.php\/2022\/09\/02\/cristina-fernandez-detienen-a-un-hombre-que-apunto-con-una-pistola-a-la-vicepresidenta-argentina-cuando-llegaba-a-su-casa-en-buenos-aires\/","title":{"rendered":"Cristina Fern\u00e1ndez: detienen a un hombre que apunt\u00f3 con una pistola a la vicepresidenta argentina cuando llegaba a su casa en Buenos Aires"},"content":{"rendered":"<div dir=\"ltr\" class=\"e1j2237y6 bbc-q4ibpr ebmt73l0\">\n<div class=\"bbc-1atl7vu euvj3t14\">\n<ul role=\"list\" class=\"bbc-k0l9bd euvj3t12\">\n<li role=\"listitem\" class=\"bbc-1a3w4ok euvj3t11\">Redacci\u00f3n <\/li>\n<li role=\"listitem\" class=\"bbc-1p92jtu euvj3t10\">BBC News Mundo<\/li>\n<\/ul>\n<\/div>\n<\/div>\n<div dir=\"ltr\" class=\"e1j2237y7 bbc-q4ibpr ebmt73l0\"><time datetime=\"2022-09-02\" class=\"bbc-1dafq0j e1mklfmt0\">2 septiembre 2022, 01:41 GMT<\/time><\/p>\n<p><time datetime=\"2022-09-02\" class=\"bbc-1dafq0j e1mklfmt0\">Actualizado 5 horas<\/time><\/p>\n<\/div>\n<div dir=\"ltr\" class=\"bbc-1ka88fa ebmt73l0\">\n<figure class=\"bbc-1qdcvv9 e1aczekt0\">\n<div dir=\"ltr\" class=\"bbc-172p16q ebmt73l0\">\n<div dir=\"ltr\" class=\"bbc-189y18v ebmt73l0\" readability=\"6.5\">\n<div data-e2e=\"image-placeholder\" class=\"bbc-997y1y eihqrxw0\" readability=\"8\"><picture class=\"bbc-yfiktt e1mo64ex1\"><source srcset=\"https:\/\/ichef.bbci.co.uk\/news\/240\/cpsprodpb\/BD98\/production\/_126563584_ccccc.jpg.webp 240w, https:\/\/ichef.bbci.co.uk\/news\/320\/cpsprodpb\/BD98\/production\/_126563584_ccccc.jpg.webp 320w, https:\/\/ichef.bbci.co.uk\/news\/480\/cpsprodpb\/BD98\/production\/_126563584_ccccc.jpg.webp 480w, https:\/\/ichef.bbci.co.uk\/news\/624\/cpsprodpb\/BD98\/production\/_126563584_ccccc.jpg.webp 624w, https:\/\/ichef.bbci.co.uk\/news\/800\/cpsprodpb\/BD98\/production\/_126563584_ccccc.jpg.webp 800w\" type=\"image\/webp\" sizes=\"(min-width: 1008px) 645px, 100vw\"><source srcset=\"https:\/\/ichef.bbci.co.uk\/news\/240\/cpsprodpb\/BD98\/production\/_126563584_ccccc.jpg 240w, https:\/\/ichef.bbci.co.uk\/news\/320\/cpsprodpb\/BD98\/production\/_126563584_ccccc.jpg 320w, https:\/\/ichef.bbci.co.uk\/news\/480\/cpsprodpb\/BD98\/production\/_126563584_ccccc.jpg 480w, https:\/\/ichef.bbci.co.uk\/news\/624\/cpsprodpb\/BD98\/production\/_126563584_ccccc.jpg 624w, https:\/\/ichef.bbci.co.uk\/news\/800\/cpsprodpb\/BD98\/production\/_126563584_ccccc.jpg 800w\" type=\"image\/jpeg\" sizes=\"(min-width: 1008px) 645px, 100vw\"><img loading=\"lazy\" src=\"http:\/\/nuevacordoba.net\/wp-content\/uploads\/2022\/09\/cristina-fernandez-detienen-a-un-hombre-que-apunto-con-una-pistola-a-la-vicepresidenta-argentina-cuando-llegaba-a-su-casa-en-buenos-aires.jpg\" alt=\"Hombre apuntando un arma a la vicepresidenta de Argentina.\" width=\"976\" height=\"549\" class=\"e3vrtyk0 bbc-rb7xa0 e1mo64ex0\"><\/picture>\n<p role=\"text\" class=\"bbc-1s1cxbv ewbcsnk0\"><span class=\"bbc-1gnhmg2 ed7bp6y0\">Fuente de la imagen, <\/span><span lang=\"en-GB\">Reuters<\/span><\/p>\n<\/div>\n<\/div>\n<\/div>\n<\/figure>\n<\/div>\n<div dir=\"ltr\" class=\"bbc-19j92fr ebmt73l0\" readability=\"7\">\n<p dir=\"ltr\" class=\"bbc-hhl7in e17g058b0\"><b>\u00abUn intento de magnicidio\u00bb. <\/b><\/p>\n<\/div>\n<div dir=\"ltr\" class=\"bbc-19j92fr ebmt73l0\" readability=\"13\">\n<p dir=\"ltr\" class=\"bbc-hhl7in e17g058b0\">As\u00ed defini\u00f3 el oficialismo en Argentina lo ocurrido la noche del jueves en Buenos Aires, cuando un hombre apunt\u00f3 con una pistola a la vicepresidenta Cristina Fern\u00e1ndez de Kirchner, cuando esta saludaba a una multitud que la esperaba a las puertas de su casa en el barrio de Recoleta, en Buenos Aires. <\/p>\n<\/div>\n<div dir=\"ltr\" class=\"bbc-19j92fr ebmt73l0\" readability=\"7\">\n<p dir=\"ltr\" class=\"bbc-hhl7in e17g058b0\">La vicepresidenta <b>no result\u00f3 herida<\/b><b> y el hombre fue detenido.<\/b><\/p>\n<\/div>\n<div dir=\"ltr\" class=\"bbc-19j92fr ebmt73l0\" readability=\"9\">\n<p dir=\"ltr\" class=\"bbc-hhl7in e17g058b0\">\u00abEl ataque a Cristina Kirchner es el m\u00e1s grave desde que hemos recuperado nuestra democracia\u00bb, dijo el presidente Alberto Fern\u00e1ndez en cadena nacional despu\u00e9s de lo ocurrido.<\/p>\n<\/div>\n<div dir=\"ltr\" class=\"bbc-19j92fr ebmt73l0\" readability=\"10\">\n<p dir=\"ltr\" class=\"bbc-hhl7in e17g058b0\">\u00abEste atentado merece<b> el m\u00e1s en\u00e9rgico repudio de la sociedad argentina<\/b> porque afecta la democracia\u00bb, agreg\u00f3, a la vez que anunci\u00f3 que el viernes ser\u00e1 feriado nacional en Agentina. <\/p>\n<\/div>\n<div dir=\"ltr\" class=\"bbc-19j92fr ebmt73l0\" readability=\"7\">\n<p dir=\"ltr\" class=\"bbc-hhl7in e17g058b0\">No est\u00e1n claras a\u00fan las circunstancias del suceso. <\/p>\n<\/div>\n<p><h2 id=\"Qu\u00e9-ocurri\u00f3\" tabindex=\"-1\" class=\"bbc-1f03ibc eglt09e0\">Qu\u00e9 ocurri\u00f3<\/h2>\n<\/p>\n<div dir=\"ltr\" class=\"bbc-19j92fr ebmt73l0\" readability=\"10\">\n<p dir=\"ltr\" class=\"bbc-hhl7in e17g058b0\">Videos captados por tel\u00e9fonos de varios testigos muestran el momento en el que apuntan con una pistola a la cabeza de la vicepresidenta. Medios locales aseguran que el arma no funcion\u00f3, algo que confirm\u00f3 el presidente Fern\u00e1ndez en su alocuci\u00f3n.<\/p>\n<\/div>\n<div dir=\"ltr\" class=\"bbc-19j92fr ebmt73l0\" readability=\"10\">\n<p dir=\"ltr\" class=\"bbc-hhl7in e17g058b0\">Luego se ve a un guardaespaldas y a seguidores de la vicepresidenta detener a un hombre que, seg\u00fan confirm\u00f3 la polic\u00eda, es un ciudadano brasile\u00f1o de 35 a\u00f1os llamado Fernando Sabag Montiel.<\/p>\n<\/div>\n<div dir=\"ltr\" class=\"bbc-19j92fr ebmt73l0\" readability=\"10\">\n<p dir=\"ltr\" class=\"bbc-hhl7in e17g058b0\">Cientos de simpatizantes de Fern\u00e1ndez de Kirchner llevan d\u00edas en los alrededores de su residencia, despu\u00e9s de que la Fiscal\u00eda <b>pidiera para ella 12 a\u00f1os de prisi\u00f3n e inhabilitaci\u00f3n para ocupar cargos p\u00fablicos<\/b><b> por presunta corrupci\u00f3n.<\/b><\/p>\n<\/div>\n<div dir=\"ltr\" class=\"bbc-19j92fr ebmt73l0\" readability=\"7\">\n<p dir=\"ltr\" class=\"bbc-hhl7in e17g058b0\">Fern\u00e1ndez fue presidenta de Argentina entre 2007 y 2015 y asumi\u00f3 como vicepresidenta en 2019. <\/p>\n<\/div>\n<div dir=\"ltr\" class=\"bbc-1ka88fa ebmt73l0\">\n<figure class=\"bbc-1qdcvv9 e1aczekt0\">\n<div dir=\"ltr\" class=\"bbc-172p16q ebmt73l0\">\n<div dir=\"ltr\" class=\"bbc-189y18v ebmt73l0\" readability=\"6.5\">\n<div data-e2e=\"image-placeholder\" class=\"bbc-997y1y eihqrxw0\" readability=\"8\"><noscript><picture class=\"bbc-yfiktt e1mo64ex1\"><source srcset=\"http:\/\/nuevacordoba.net\/wp-content\/uploads\/2022\/09\/cristina-fernandez-detienen-a-un-hombre-que-apunto-con-una-pistola-a-la-vicepresidenta-argentina-cuando-llegaba-a-su-casa-en-buenos-aires.webp 240w, http:\/\/nuevacordoba.net\/wp-content\/uploads\/2022\/09\/cristina-fernandez-detienen-a-un-hombre-que-apunto-con-una-pistola-a-la-vicepresidenta-argentina-cuando-llegaba-a-su-casa-en-buenos-aires-1.webp 320w, http:\/\/nuevacordoba.net\/wp-content\/uploads\/2022\/09\/cristina-fernandez-detienen-a-un-hombre-que-apunto-con-una-pistola-a-la-vicepresidenta-argentina-cuando-llegaba-a-su-casa-en-buenos-aires-2.webp 480w, http:\/\/nuevacordoba.net\/wp-content\/uploads\/2022\/09\/cristina-fernandez-detienen-a-un-hombre-que-apunto-con-una-pistola-a-la-vicepresidenta-argentina-cuando-llegaba-a-su-casa-en-buenos-aires-3.webp 624w, http:\/\/nuevacordoba.net\/wp-content\/uploads\/2022\/09\/cristina-fernandez-detienen-a-un-hombre-que-apunto-con-una-pistola-a-la-vicepresidenta-argentina-cuando-llegaba-a-su-casa-en-buenos-aires-1.jpg.webp 640w\" type=\"image\/webp\" sizes=\"(min-width: 1008px) 645px, 100vw\"><source srcset=\"https:\/\/ichef.bbci.co.uk\/news\/240\/cpsprodpb\/E110\/production\/_126561675_gettyimages-1420003732.jpg 240w, https:\/\/ichef.bbci.co.uk\/news\/320\/cpsprodpb\/E110\/production\/_126561675_gettyimages-1420003732.jpg 320w, https:\/\/ichef.bbci.co.uk\/news\/480\/cpsprodpb\/E110\/production\/_126561675_gettyimages-1420003732.jpg 480w, https:\/\/ichef.bbci.co.uk\/news\/624\/cpsprodpb\/E110\/production\/_126561675_gettyimages-1420003732.jpg 624w, http:\/\/nuevacordoba.net\/wp-content\/uploads\/2022\/09\/cristina-fernandez-detienen-a-un-hombre-que-apunto-con-una-pistola-a-la-vicepresidenta-argentina-cuando-llegaba-a-su-casa-en-buenos-aires-1.jpg 640w\" type=\"image\/jpeg\" sizes=\"(min-width: 1008px) 645px, 100vw\"><img loading=\"lazy\" src=\"http:\/\/nuevacordoba.net\/wp-content\/uploads\/2022\/09\/cristina-fernandez-detienen-a-un-hombre-que-apunto-con-una-pistola-a-la-vicepresidenta-argentina-cuando-llegaba-a-su-casa-en-buenos-aires-1.jpg\" alt=\"Cristina Fern\u00e1ndez de Kirchner\" width=\"640\" height=\"360\" class=\"e3vrtyk0 bbc-rb7xa0 e1mo64ex0\"><\/picture><\/noscript><\/p>\n<p role=\"text\" class=\"bbc-1s1cxbv ewbcsnk0\"><span class=\"bbc-1gnhmg2 ed7bp6y0\">Fuente de la imagen, <\/span><span lang=\"en-GB\">Getty Images<\/span><\/p>\n<\/div>\n<\/div>\n<div dir=\"ltr\" class=\"bbc-3edg7g ebmt73l0\" readability=\"7\"><figcaption dir=\"ltr\" class=\"bbc-rhuvwm e6i104o0\" readability=\"4\"><span class=\"bbc-1gnhmg2 ed7bp6y0\">Pie de foto, <\/span><\/p>\n<p>Los hechos sucedieron cuando Fern\u00e1ndez saludaba a una multitud que la esperaba este jueves a las puertas de su casa en el barrio de Recoleta, en Buenos Aires.<\/p>\n<\/figcaption><\/div>\n<\/div>\n<\/figure>\n<\/div>\n<p><h2 id=\"Qu\u00e9-se-sabe-del-atacante\" tabindex=\"-1\" class=\"bbc-1f03ibc eglt09e0\">Qu\u00e9 se sabe del atacante<\/h2>\n<\/p>\n<div dir=\"ltr\" class=\"bbc-19j92fr ebmt73l0\" readability=\"7\">\n<p dir=\"ltr\" class=\"bbc-hhl7in e17g058b0\">Se desconocen las motivaciones detr\u00e1s del ataque.<\/p>\n<\/div>\n<div dir=\"ltr\" class=\"bbc-19j92fr ebmt73l0\" readability=\"9\">\n<p dir=\"ltr\" class=\"bbc-hhl7in e17g058b0\">El sospechoso fue identificado por la Polic\u00eda Federal como <b>Fernando Andr\u00e9<\/b><b> S<\/b><b>aba<\/b><b>g Montiel<\/b><b>, nacido en Brasil en 1987.<\/b><\/p>\n<\/div>\n<div dir=\"ltr\" class=\"bbc-19j92fr ebmt73l0\" readability=\"9\">\n<p dir=\"ltr\" class=\"bbc-hhl7in e17g058b0\">De acuerdo con medios locales, ten\u00eda una causa judicial archivada luego de que en 2021 le encontraran un cuchillo en su carro. <\/p>\n<\/div>\n<div dir=\"ltr\" class=\"bbc-1ka88fa ebmt73l0\">\n<figure class=\"bbc-1qdcvv9 e1aczekt0\">\n<div dir=\"ltr\" class=\"bbc-172p16q ebmt73l0\">\n<div dir=\"ltr\" class=\"bbc-189y18v ebmt73l0\" readability=\"6.5\">\n<div data-e2e=\"image-placeholder\" class=\"bbc-997y1y eihqrxw0\" readability=\"8\"><noscript><picture class=\"bbc-yfiktt e1mo64ex1\"><source srcset=\"http:\/\/nuevacordoba.net\/wp-content\/uploads\/2022\/09\/cristina-fernandez-detienen-a-un-hombre-que-apunto-con-una-pistola-a-la-vicepresidenta-argentina-cuando-llegaba-a-su-casa-en-buenos-aires-5.webp 240w, http:\/\/nuevacordoba.net\/wp-content\/uploads\/2022\/09\/cristina-fernandez-detienen-a-un-hombre-que-apunto-con-una-pistola-a-la-vicepresidenta-argentina-cuando-llegaba-a-su-casa-en-buenos-aires-6.webp 320w, http:\/\/nuevacordoba.net\/wp-content\/uploads\/2022\/09\/cristina-fernandez-detienen-a-un-hombre-que-apunto-con-una-pistola-a-la-vicepresidenta-argentina-cuando-llegaba-a-su-casa-en-buenos-aires-7.webp 480w, http:\/\/nuevacordoba.net\/wp-content\/uploads\/2022\/09\/cristina-fernandez-detienen-a-un-hombre-que-apunto-con-una-pistola-a-la-vicepresidenta-argentina-cuando-llegaba-a-su-casa-en-buenos-aires-8.webp 624w, http:\/\/nuevacordoba.net\/wp-content\/uploads\/2022\/09\/cristina-fernandez-detienen-a-un-hombre-que-apunto-con-una-pistola-a-la-vicepresidenta-argentina-cuando-llegaba-a-su-casa-en-buenos-aires-9.webp 800w\" type=\"image\/webp\" sizes=\"(min-width: 1008px) 645px, 100vw\"><source srcset=\"https:\/\/ichef.bbci.co.uk\/news\/240\/cpsprodpb\/12C74\/production\/_126561967_63116a9dcd130_900.jpg 240w, https:\/\/ichef.bbci.co.uk\/news\/320\/cpsprodpb\/12C74\/production\/_126561967_63116a9dcd130_900.jpg 320w, https:\/\/ichef.bbci.co.uk\/news\/480\/cpsprodpb\/12C74\/production\/_126561967_63116a9dcd130_900.jpg 480w, https:\/\/ichef.bbci.co.uk\/news\/624\/cpsprodpb\/12C74\/production\/_126561967_63116a9dcd130_900.jpg 624w, https:\/\/ichef.bbci.co.uk\/news\/800\/cpsprodpb\/12C74\/production\/_126561967_63116a9dcd130_900.jpg 800w\" type=\"image\/jpeg\" sizes=\"(min-width: 1008px) 645px, 100vw\"><img loading=\"lazy\" src=\"http:\/\/nuevacordoba.net\/wp-content\/uploads\/2022\/09\/cristina-fernandez-detienen-a-un-hombre-que-apunto-con-una-pistola-a-la-vicepresidenta-argentina-cuando-llegaba-a-su-casa-en-buenos-aires-2.jpg\" alt=\"sspechoso\" width=\"976\" height=\"549\" class=\"e3vrtyk0 bbc-rb7xa0 e1mo64ex0\"><\/picture><\/noscript><\/p>\n<p role=\"text\" class=\"bbc-1s1cxbv ewbcsnk0\"><span class=\"bbc-1gnhmg2 ed7bp6y0\">Fuente de la imagen, <\/span><span lang=\"en-GB\">RENAPER<\/span><\/p>\n<\/div>\n<\/div>\n<\/div>\n<\/figure>\n<\/div>\n<div dir=\"ltr\" class=\"bbc-19j92fr ebmt73l0\" readability=\"11\">\n<p dir=\"ltr\" class=\"bbc-hhl7in e17g058b0\">\u00abUna persona que es indicada por quienes estaban cerca de \u00e9l, muestra un arma. Fue detenida por personal de la custodia, la apartan y se encuentra el arma\u00bb, relat\u00f3 el ministro de Seguridad. <\/p>\n<\/div>\n<div dir=\"ltr\" class=\"bbc-19j92fr ebmt73l0\" readability=\"9\">\n<p dir=\"ltr\" class=\"bbc-hhl7in e17g058b0\">Sabag Montiel portaba una pistola Bersa 380 -fabricada en Argentina- cargada con cinco balas, seg\u00fan inform\u00f3 la Polic\u00eda Federal.<\/p>\n<\/div>\n<div dir=\"ltr\" class=\"bbc-19j92fr ebmt73l0\" readability=\"8\">\n<p dir=\"ltr\" class=\"bbc-hhl7in e17g058b0\">La agencia estatal T\u00e9lam indic\u00f3 que el sospechoso fue trasladado a la Superintendencia de Investigaciones de la Polic\u00eda Federal Argentina en el barrio de Villa Lugano para su interrogatorio. <\/p>\n<\/div>\n<p><h2 id=\"Intento-de-magnicidio\" tabindex=\"-1\" class=\"bbc-1f03ibc eglt09e0\">\u00abIntento de magnicidio\u00bb<\/h2>\n<\/p>\n<div dir=\"ltr\" class=\"bbc-19j92fr ebmt73l0\" readability=\"8\">\n<p dir=\"ltr\" class=\"bbc-hhl7in e17g058b0\">El ministro de Seguridad An\u00edbal Fern\u00e1ndez dijo al canal de televisi\u00f3n C5N que el sospechoso estaba bajo custodia y que la polic\u00eda realizar\u00eda un peritaje del arma.<\/p>\n<\/div>\n<div dir=\"ltr\" class=\"bbc-19j92fr ebmt73l0\" readability=\"9\">\n<p dir=\"ltr\" class=\"bbc-hhl7in e17g058b0\">\u00abAhora tiene que ser analizada la situaci\u00f3n por nuestra gente de Cient\u00edfica como para evaluar las huellas y la capacidad y la disposici\u00f3n que ten\u00eda esta persona\u00bb, indic\u00f3.<\/p>\n<\/div>\n<div dir=\"ltr\" class=\"bbc-1ka88fa ebmt73l0\">\n<figure class=\"bbc-1qdcvv9 e1aczekt0\">\n<div dir=\"ltr\" class=\"bbc-172p16q ebmt73l0\">\n<div dir=\"ltr\" class=\"bbc-189y18v ebmt73l0\" readability=\"6.5\">\n<div data-e2e=\"image-placeholder\" class=\"bbc-997y1y eihqrxw0\" readability=\"8\"><noscript><picture class=\"bbc-yfiktt e1mo64ex1\"><source srcset=\"http:\/\/nuevacordoba.net\/wp-content\/uploads\/2022\/09\/cristina-fernandez-detienen-a-un-hombre-que-apunto-con-una-pistola-a-la-vicepresidenta-argentina-cuando-llegaba-a-su-casa-en-buenos-aires-10.webp 240w, http:\/\/nuevacordoba.net\/wp-content\/uploads\/2022\/09\/cristina-fernandez-detienen-a-un-hombre-que-apunto-con-una-pistola-a-la-vicepresidenta-argentina-cuando-llegaba-a-su-casa-en-buenos-aires-11.webp 320w, http:\/\/nuevacordoba.net\/wp-content\/uploads\/2022\/09\/cristina-fernandez-detienen-a-un-hombre-que-apunto-con-una-pistola-a-la-vicepresidenta-argentina-cuando-llegaba-a-su-casa-en-buenos-aires-12.webp 480w, http:\/\/nuevacordoba.net\/wp-content\/uploads\/2022\/09\/cristina-fernandez-detienen-a-un-hombre-que-apunto-con-una-pistola-a-la-vicepresidenta-argentina-cuando-llegaba-a-su-casa-en-buenos-aires-13.webp 624w, http:\/\/nuevacordoba.net\/wp-content\/uploads\/2022\/09\/cristina-fernandez-detienen-a-un-hombre-que-apunto-con-una-pistola-a-la-vicepresidenta-argentina-cuando-llegaba-a-su-casa-en-buenos-aires-14.webp 800w\" type=\"image\/webp\" sizes=\"(min-width: 1008px) 645px, 100vw\"><source srcset=\"https:\/\/ichef.bbci.co.uk\/news\/240\/cpsprodpb\/9034\/production\/_126561963_gettyimages-1420003634.jpg 240w, https:\/\/ichef.bbci.co.uk\/news\/320\/cpsprodpb\/9034\/production\/_126561963_gettyimages-1420003634.jpg 320w, https:\/\/ichef.bbci.co.uk\/news\/480\/cpsprodpb\/9034\/production\/_126561963_gettyimages-1420003634.jpg 480w, https:\/\/ichef.bbci.co.uk\/news\/624\/cpsprodpb\/9034\/production\/_126561963_gettyimages-1420003634.jpg 624w, https:\/\/ichef.bbci.co.uk\/news\/800\/cpsprodpb\/9034\/production\/_126561963_gettyimages-1420003634.jpg 800w\" type=\"image\/jpeg\" sizes=\"(min-width: 1008px) 645px, 100vw\"><img loading=\"lazy\" src=\"http:\/\/nuevacordoba.net\/wp-content\/uploads\/2022\/09\/cristina-fernandez-detienen-a-un-hombre-que-apunto-con-una-pistola-a-la-vicepresidenta-argentina-cuando-llegaba-a-su-casa-en-buenos-aires-3.jpg\" alt=\"Fern\u00e1ndez\" width=\"976\" height=\"549\" class=\"e3vrtyk0 bbc-rb7xa0 e1mo64ex0\"><\/picture><\/noscript><\/p>\n<p role=\"text\" class=\"bbc-1s1cxbv ewbcsnk0\"><span class=\"bbc-1gnhmg2 ed7bp6y0\">Fuente de la imagen, <\/span><span lang=\"en-GB\">Getty Images<\/span><\/p>\n<\/div>\n<\/div>\n<div dir=\"ltr\" class=\"bbc-3edg7g ebmt73l0\" readability=\"6\"><figcaption dir=\"ltr\" class=\"bbc-rhuvwm e6i104o0\" readability=\"2\"><span class=\"bbc-1gnhmg2 ed7bp6y0\">Pie de foto, <\/span><\/p>\n<p>Fern\u00e1ndez regresaba del Senado cuando tuvo lugar el incidente.<\/p>\n<\/figcaption><\/div>\n<\/div>\n<\/figure>\n<\/div>\n<div dir=\"ltr\" class=\"bbc-19j92fr ebmt73l0\" readability=\"11\">\n<p dir=\"ltr\" class=\"bbc-hhl7in e17g058b0\">En un tuit, el ministro de Econom\u00eda, Sergio Massa, afirm\u00f3 que se trat\u00f3 de un intento de \u00abmagnicidio\u00bb.<\/p>\n<\/div>\n<div dir=\"ltr\" class=\"bbc-19j92fr ebmt73l0\" readability=\"10\">\n<p dir=\"ltr\" class=\"bbc-hhl7in e17g058b0\">\u00abCuando el odio y la violencia se imponen sobre el debate de ideas, destruyen a las sociedades y se generan situaciones como la de hoy: <b>un intento de magnicidio<\/b>\u00ab, dijo. <\/p>\n<\/div>\n<div dir=\"ltr\" class=\"bbc-19j92fr ebmt73l0\" readability=\"8\">\n<p dir=\"ltr\" class=\"bbc-hhl7in e17g058b0\">El expresidente Mauricio Macri tambi\u00e9n expres\u00f3 en Twitter su \u00abrepudio absoluto al ataque sufrido por Cristina Kirchner que afortunadamente no ha tenido consecuencias para la vicepresidenta\u00bb.<\/p>\n<\/div>\n<div dir=\"ltr\" class=\"bbc-19j92fr ebmt73l0\" readability=\"10\">\n<p dir=\"ltr\" class=\"bbc-hhl7in e17g058b0\">Desde el fin de semana se han reportado enfrentamientos entre militantes kirchneristas y la polic\u00eda de la ciudad de Buenos Aires frente a la casa de Fern\u00e1ndez, lo que ha llevado a un mayor despliegue de seguridad en la zona. <\/p>\n<\/div>\n<p><h2 id=\"Contexto\" tabindex=\"-1\" class=\"bbc-1f03ibc eglt09e0\">Contexto<\/h2>\n<\/p>\n<div dir=\"ltr\" class=\"bbc-19j92fr ebmt73l0\" readability=\"8\">\n<p dir=\"ltr\" class=\"bbc-hhl7in e17g058b0\">El incidente tiene lugar en un momento en que las tensiones y la atenci\u00f3n de la Justicia argentina giran en torno a la figura de Fern\u00e1ndez. <\/p>\n<\/div>\n<div dir=\"ltr\" class=\"bbc-19j92fr ebmt73l0\" readability=\"11\">\n<p dir=\"ltr\" class=\"bbc-hhl7in e17g058b0\">La exmandataria est\u00e1 acusada de administraci\u00f3n fraudulenta y de haber encabezado una asociaci\u00f3n il\u00edcita junto con su difunto marido, el expresidente N\u00e9stor Kirchner, durante los gobiernos de ambos (2003-2015).<\/p>\n<\/div>\n<div dir=\"ltr\" class=\"bbc-19j92fr ebmt73l0\" readability=\"10\">\n<p dir=\"ltr\" class=\"bbc-hhl7in e17g058b0\">Esta presuntamente se dedicaba a direccionar la obra p\u00fablica en la provincia patag\u00f3nica de Santa Cruz, que N\u00e9stor Kirchner gobern\u00f3 durante m\u00e1s de una d\u00e9cada antes de llegar a la presidencia y donde a\u00fan mantiene su residencia la vicepresidenta.<\/p>\n<\/div>\n<div dir=\"ltr\" class=\"bbc-1ka88fa ebmt73l0\">\n<figure class=\"bbc-1qdcvv9 e1aczekt0\">\n<div dir=\"ltr\" class=\"bbc-172p16q ebmt73l0\">\n<div dir=\"ltr\" class=\"bbc-189y18v ebmt73l0\" readability=\"6.5\">\n<div data-e2e=\"image-placeholder\" class=\"bbc-997y1y eihqrxw0\" readability=\"8\"><noscript><picture class=\"bbc-yfiktt e1mo64ex1\"><source srcset=\"http:\/\/nuevacordoba.net\/wp-content\/uploads\/2022\/09\/cristina-fernandez-detienen-a-un-hombre-que-apunto-con-una-pistola-a-la-vicepresidenta-argentina-cuando-llegaba-a-su-casa-en-buenos-aires-15.webp 240w, http:\/\/nuevacordoba.net\/wp-content\/uploads\/2022\/09\/cristina-fernandez-detienen-a-un-hombre-que-apunto-con-una-pistola-a-la-vicepresidenta-argentina-cuando-llegaba-a-su-casa-en-buenos-aires-16.webp 320w, http:\/\/nuevacordoba.net\/wp-content\/uploads\/2022\/09\/cristina-fernandez-detienen-a-un-hombre-que-apunto-con-una-pistola-a-la-vicepresidenta-argentina-cuando-llegaba-a-su-casa-en-buenos-aires-17.webp 480w, http:\/\/nuevacordoba.net\/wp-content\/uploads\/2022\/09\/cristina-fernandez-detienen-a-un-hombre-que-apunto-con-una-pistola-a-la-vicepresidenta-argentina-cuando-llegaba-a-su-casa-en-buenos-aires-18.webp 624w, http:\/\/nuevacordoba.net\/wp-content\/uploads\/2022\/09\/cristina-fernandez-detienen-a-un-hombre-que-apunto-con-una-pistola-a-la-vicepresidenta-argentina-cuando-llegaba-a-su-casa-en-buenos-aires-19.webp 800w\" type=\"image\/webp\" sizes=\"(min-width: 1008px) 645px, 100vw\"><source srcset=\"https:\/\/ichef.bbci.co.uk\/news\/240\/cpsprodpb\/DE54\/production\/_126561965_gettyimages-1242582905.jpg 240w, https:\/\/ichef.bbci.co.uk\/news\/320\/cpsprodpb\/DE54\/production\/_126561965_gettyimages-1242582905.jpg 320w, https:\/\/ichef.bbci.co.uk\/news\/480\/cpsprodpb\/DE54\/production\/_126561965_gettyimages-1242582905.jpg 480w, https:\/\/ichef.bbci.co.uk\/news\/624\/cpsprodpb\/DE54\/production\/_126561965_gettyimages-1242582905.jpg 624w, https:\/\/ichef.bbci.co.uk\/news\/800\/cpsprodpb\/DE54\/production\/_126561965_gettyimages-1242582905.jpg 800w\" type=\"image\/jpeg\" sizes=\"(min-width: 1008px) 645px, 100vw\"><img loading=\"lazy\" src=\"http:\/\/nuevacordoba.net\/wp-content\/uploads\/2022\/09\/cristina-fernandez-detienen-a-un-hombre-que-apunto-con-una-pistola-a-la-vicepresidenta-argentina-cuando-llegaba-a-su-casa-en-buenos-aires-4.jpg\" alt=\"presidente\" width=\"976\" height=\"549\" class=\"e3vrtyk0 bbc-rb7xa0 e1mo64ex0\"><\/picture><\/noscript><\/p>\n<p role=\"text\" class=\"bbc-1s1cxbv ewbcsnk0\"><span class=\"bbc-1gnhmg2 ed7bp6y0\">Fuente de la imagen, <\/span><span lang=\"en-GB\">Getty Images<\/span><\/p>\n<\/div>\n<\/div>\n<div dir=\"ltr\" class=\"bbc-3edg7g ebmt73l0\" readability=\"6\"><figcaption dir=\"ltr\" class=\"bbc-rhuvwm e6i104o0\" readability=\"2\"><span class=\"bbc-1gnhmg2 ed7bp6y0\">Pie de foto, <\/span><\/p>\n<p>El presidente conden\u00f3 el ataque contra Cristina Fern\u00e1ndez.<\/p>\n<\/figcaption><\/div>\n<\/div>\n<\/figure>\n<\/div>\n<div dir=\"ltr\" class=\"bbc-19j92fr ebmt73l0\" readability=\"11\">\n<p dir=\"ltr\" class=\"bbc-hhl7in e17g058b0\">En su alegato final, el fiscal Diego Luciani asegur\u00f3 hace unos d\u00edas que \u00abse trat\u00f3 de la mayor maniobra de corrupci\u00f3n del pa\u00eds\u00bb y dijo que perjudic\u00f3 al Estado por m\u00e1s de US$1.000 millones, dinero que pidi\u00f3 fuera decomisado de los bienes de los acusados en caso de ser condenados.<\/p>\n<\/div>\n<div dir=\"ltr\" class=\"bbc-19j92fr ebmt73l0\" readability=\"11\">\n<p dir=\"ltr\" class=\"bbc-hhl7in e17g058b0\">Fern\u00e1ndez, cuya defensa presentar\u00e1 su alegato final en el mes de septiembre, ha utilizado las redes sociales para afirmar su inocencia y asegurar que es v\u00edctima de un \u00abpelot\u00f3n de fusilamiento medi\u00e1tico-judicial\u00bb. <\/p>\n<\/div>\n<div dir=\"ltr\" class=\"bbc-19j92fr ebmt73l0\" readability=\"9\">\n<p dir=\"ltr\" class=\"bbc-hhl7in e17g058b0\">Tras los sucesos del jueves, centrales sindicales de Argentina convocaron a una movilizaci\u00f3n el viernes en apoyo a la vicepresidenta. <\/p>\n<\/div>\n<div dir=\"ltr\" class=\"bbc-1ka88fa ebmt73l0\">\n<figure class=\"bbc-1qdcvv9 e1aczekt0\">\n<div dir=\"ltr\" class=\"bbc-172p16q ebmt73l0\">\n<div dir=\"ltr\" class=\"bbc-189y18v ebmt73l0\">\n<div data-e2e=\"image-placeholder\" class=\"bbc-997y1y eihqrxw0\"><noscript><picture class=\"bbc-yfiktt e1mo64ex1\"><source srcset=\"http:\/\/nuevacordoba.net\/wp-content\/uploads\/2022\/09\/cristina-fernandez-detienen-a-un-hombre-que-apunto-con-una-pistola-a-la-vicepresidenta-argentina-cuando-llegaba-a-su-casa-en-buenos-aires-20.webp 240w, http:\/\/nuevacordoba.net\/wp-content\/uploads\/2022\/09\/cristina-fernandez-detienen-a-un-hombre-que-apunto-con-una-pistola-a-la-vicepresidenta-argentina-cuando-llegaba-a-su-casa-en-buenos-aires-21.webp 320w, http:\/\/nuevacordoba.net\/wp-content\/uploads\/2022\/09\/cristina-fernandez-detienen-a-un-hombre-que-apunto-con-una-pistola-a-la-vicepresidenta-argentina-cuando-llegaba-a-su-casa-en-buenos-aires-22.webp 464w\" type=\"image\/webp\" sizes=\"(min-width: 1008px) 645px, 100vw\"><source srcset=\"https:\/\/ichef.bbci.co.uk\/news\/240\/cpsprodpb\/17F76\/production\/_123566189_line976.jpg 240w, https:\/\/ichef.bbci.co.uk\/news\/320\/cpsprodpb\/17F76\/production\/_123566189_line976.jpg 320w, https:\/\/ichef.bbci.co.uk\/news\/464\/cpsprodpb\/17F76\/production\/_123566189_line976.jpg 464w\" type=\"image\/jpeg\" sizes=\"(min-width: 1008px) 645px, 100vw\"><img loading=\"lazy\" src=\"http:\/\/nuevacordoba.net\/wp-content\/uploads\/2022\/09\/cristina-fernandez-detienen-a-un-hombre-que-apunto-con-una-pistola-a-la-vicepresidenta-argentina-cuando-llegaba-a-su-casa-en-buenos-aires-5.jpg\" alt=\"L\u00ednea\" width=\"464\" height=\"2\" class=\"e3vrtyk0 bbc-rb7xa0 e1mo64ex0\"><\/picture><\/noscript><\/div>\n<\/div>\n<\/div>\n<\/figure>\n<\/div>\n<div dir=\"ltr\" class=\"bbc-19j92fr ebmt73l0\" readability=\"8\">\n<p dir=\"ltr\" class=\"bbc-hhl7in e17g058b0\"><i class=\"bbc-h1y5j7 eih42320\">Recuerda que <\/i><i class=\"bbc-h1y5j7 eih42320\">puedes recibir notificaciones de BBC Mundo. Descarga la nueva versi\u00f3n de nuestra app y act\u00edvalas para no perderte nuestro mejor contenido.<\/i><\/p>\n<\/div>\n","protected":false},"excerpt":{"rendered":"<p>Redacci\u00f3n BBC News Mundo 2 septiembre 2022, 01:41 GMT Actualizado 5 horas Fuente de la imagen, Reuters \u00abUn intento de magnicidio\u00bb. As\u00ed defini\u00f3 el oficialismo en Argentina lo ocurrido la noche del jueves en Buenos Aires, cuando un hombre apunt\u00f3 con una pistola a la vicepresidenta Cristina Fern\u00e1ndez de Kirchner, cuando esta saludaba a una [&hellip;]<\/p>\n","protected":false},"author":1,"featured_media":23871,"comment_status":"closed","ping_status":"closed","sticky":false,"template":"","format":"standard","meta":[],"categories":[13],"tags":[],"_links":{"self":[{"href":"http:\/\/nuevacordoba.net\/index.php\/wp-json\/wp\/v2\/posts\/23870"}],"collection":[{"href":"http:\/\/nuevacordoba.net\/index.php\/wp-json\/wp\/v2\/posts"}],"about":[{"href":"http:\/\/nuevacordoba.net\/index.php\/wp-json\/wp\/v2\/types\/post"}],"author":[{"embeddable":true,"href":"http:\/\/nuevacordoba.net\/index.php\/wp-json\/wp\/v2\/users\/1"}],"replies":[{"embeddable":true,"href":"http:\/\/nuevacordoba.net\/index.php\/wp-json\/wp\/v2\/comments?post=23870"}],"version-history":[{"count":0,"href":"http:\/\/nuevacordoba.net\/index.php\/wp-json\/wp\/v2\/posts\/23870\/revisions"}],"wp:featuredmedia":[{"embeddable":true,"href":"http:\/\/nuevacordoba.net\/index.php\/wp-json\/wp\/v2\/media\/23871"}],"wp:attachment":[{"href":"http:\/\/nuevacordoba.net\/index.php\/wp-json\/wp\/v2\/media?parent=23870"}],"wp:term":[{"taxonomy":"category","embeddable":true,"href":"http:\/\/nuevacordoba.net\/index.php\/wp-json\/wp\/v2\/categories?post=23870"},{"taxonomy":"post_tag","embeddable":true,"href":"http:\/\/nuevacordoba.net\/index.php\/wp-json\/wp\/v2\/tags?post=23870"}],"curies":[{"name":"wp","href":"https:\/\/api.w.org\/{rel}","templated":true}]}}