{"id":23876,"date":"2022-09-02T10:43:25","date_gmt":"2022-09-02T10:43:25","guid":{"rendered":"http:\/\/cordobanewsnet.wordpress.com\/?p=7219"},"modified":"2022-09-02T10:43:25","modified_gmt":"2022-09-02T10:43:25","slug":"alberto-fernandez-condeno-el-fallido-atentado-a-cfk-y-decreto-feriado-para-hoy-viernes","status":"publish","type":"post","link":"http:\/\/nuevacordoba.net\/index.php\/2022\/09\/02\/alberto-fernandez-condeno-el-fallido-atentado-a-cfk-y-decreto-feriado-para-hoy-viernes\/","title":{"rendered":"Alberto Fern\u00e1ndez conden\u00f3 el fallido atentado a CFK y decret\u00f3 feriado para hoy viernes"},"content":{"rendered":"<div><img src=\"http:\/\/nuevacordoba.net\/wp-content\/uploads\/2022\/09\/alberto-fernandez-condeno-el-fallido-atentado-a-cfk-y-decreto-feriado-para-hoy-viernes.jpg\" class=\"ff-og-image-inserted\"><\/div>\n<p>El presidente&nbsp;Alberto Fern\u00e1ndez&nbsp;afirm\u00f3 este jueves a la noche que&nbsp;<strong>\u00abla paz social ha sido alterada\u00bb<\/strong>&nbsp;<strong>tras el atentado contra la vida de Cristina Fern\u00e1ndez de Kirchner y decret\u00f3 un feriado nacional para este viernes<\/strong>&nbsp;\u00abpara que en paz y armon\u00eda el pueblo argentino pueda expresarse en defensa de la vida, de la democracia y en solidaridad con nuestra vicepresidenta\u00bb.&nbsp;&nbsp;<\/p>\n<p>\u00abEs necesario desterrar la violencia del discurso pol\u00edtico y medi\u00e1tico\u00bb, dijo el mandatario en un mensaje grabado y difundido en cadena nacional desde la Quinta Presidencial de Olivos<\/p>\n<h2><\/h2>\n<p>El mandatario refiri\u00f3 que el atentado contra Fern\u00e1ndez de Kirchner fue un hecho \u00ab<strong>de una enorme gravedad, el m\u00e1s grave que ha sucedido desde que hemos recuperado la democracia<\/strong>\u00ab.<\/p>\n<p>\u00abMerece el m\u00e1s en\u00e9rgico repudio de toda la sociedad argentina, de todos los sectores pol\u00edticos y todos los hombres y las mujeres de la rep\u00fablica, porque estos hechos afectan nuestra democracia\u00bb, remarc\u00f3 el jefe de Estado.<\/p>\n<p>Al recordar el episodio, manifest\u00f3 que este jueves \u00abpoco despu\u00e9s de las 21, un hombre atent\u00f3 contra la vida de la actual vicepresidenta de la Naci\u00f3n y dos veces presidenta constitucional, Cristina Fern\u00e1ndez de Kirchner\u00bb y agreg\u00f3 que \u00aben el marco de una presencia masiva de personas frente al domicilio de la vicepresidenta, apunt\u00f3 con un arma de fuego a su cabeza y gatill\u00f3\u00bb.<\/p>\n<p>Tensi\u00f3n en Buenos Aires<\/p>\n<p>Fern\u00e1ndez se\u00f1al\u00f3 que \u00ab<strong>Cristina permanece con vida porque, por una raz\u00f3n todav\u00eda no confirmada t\u00e9cnicamente, el arma, que contaba con cinco balas, no se dispar\u00f3 pese a haber sido gatillada<\/strong>\u00ab.<\/p>\n<p>El Presidente remarc\u00f3 que \u00absemejante realidad conmueve a todo el pueblo argentino y en particular a quienes somos sus compa\u00f1eros, que la abrazamos solidariamente con todo nuestro cari\u00f1o\u00bb.<\/p>\n<p>\u00abEstamos obligados a recuperar la convivencia democr\u00e1tica que se ha quebrado por el discurso del odio&nbsp;que se ha esparcido desde diferentes espacios pol\u00edticos, judiciales y medi\u00e1ticos de la sociedad argentina\u00bb, agreg\u00f3.<\/p>\n<p>Mir\u00e1 tambi\u00e9n<\/p>\n<p>Y ampli\u00f3: \u00abPodemos disentir, podemos tener profundos desacuerdos, pero&nbsp;en una sociedad democr\u00e1tica los discursos que promueven el odio no pueden tener lugar porque engendran violencia&nbsp;y no hay ninguna posibilidad de que la violencia conviva con la democracia\u00bb.<\/p>\n<h2><\/h2>\n<p>Fern\u00e1ndez sostuvo que \u00ab<strong>estamos ante un hecho que tiene una gravedad institucional y humana extrema<\/strong>\u00bb porque \u00ab<strong>se ha atentado contra nuestra vicepresidenta y la paz social ha sido alterada<\/strong>\u00ab.<\/p>\n<p>El mandatario subray\u00f3 que \u00abla Argentina no puede perder ni un minuto m\u00e1s, ya no hay tiempo\u00bb, y expres\u00f3 que \u00abes necesario desterrar la violencia y el odio del discurso pol\u00edtico y medi\u00e1tico y de nuestra vida en sociedad\u00bb.<\/p>\n<p>En ese sentido, Fern\u00e1ndez convoc\u00f3 \u00aba todos y a cada uno de los argentinos y argentinas, a toda la dirigencia pol\u00edtica y social, a los medios de comunicaci\u00f3n y a la sociedad en general, a rechazar cualquier forma de violencia\u00bb.<\/p>\n<p>Tensi\u00f3n en Buenos Aires<\/p>\n<h2><\/h2>\n<p>\u00abNecesitamos aislar, no convalidar y repudiar las palabras descalificadoras, estigmatizantes y ofensivas que solo nos dividen y enfrentan\u00bb, complet\u00f3 el mandatario.<\/p>\n<p>En otro p\u00e1rrafo de su alocuci\u00f3n, Fern\u00e1ndez inform\u00f3 que se comunic\u00f3 con la jueza que est\u00e1 investigando lo ocurrido y le solicit\u00f3 \u00abque esclarezca r\u00e1pidamente la responsabilidades y los hechos\u00bb y \u00abque asegure la vida del acusado directo que se encuentra detenido\u00bb.<\/p>\n<p>Para el jefe de Estado, \u00abque la conmoci\u00f3n, el horror y el repudio que este hecho nos genera se convierta en un compromiso permanente para erradicar el odio y la violencia de la vida en democracia\u00bb.<\/p>\n<h2><\/h2>\n<p>\u00abEl pueblo argentino quiere vivir en democracia y en paz y nuestro gobierno tiene el firme compromiso de trabajar cada d\u00eda para que lo logremos\u00bb, concluy\u00f3.<\/p>\n<p>El detenido por el ataque fue identificado por la Polic\u00eda Federal como Fernando Andr\u00e9 Sabag Montiel, de 35 a\u00f1os, y de nacionalidad brasile\u00f1a.<\/p>\n<div id=\"jp-post-flair\" class=\"sharedaddy sd-like-enabled sd-sharing-enabled\">\n<div class=\"sharedaddy sd-sharing-enabled\">\n<div class=\"robots-nocontent sd-block sd-social sd-social-icon-text sd-sharing\">\n<h3 class=\"sd-title\">Share this:<\/h3>\n<\/div>\n<\/div>\n<div class=\"sharedaddy sd-block sd-like jetpack-likes-widget-wrapper jetpack-likes-widget-unloaded\" id=\"like-post-wrapper-143108178-7219-6311f61dbd48f\" data-src=\"\/\/widgets.wp.com\/likes\/index.html?ver=20220105#blog_id=143108178&amp;post_id=7219&amp;origin=cordobanewsnet.wordpress.com&amp;obj_id=143108178-7219-6311f61dbd48f\" data-name=\"like-post-frame-143108178-7219-6311f61dbd48f\" data-title=\"Me gusta o Compartir\">\n<h3 class=\"sd-title\">Me gusta esto:<\/h3>\n<p><span class=\"button\"><span>Me gusta<\/span><\/span> <span class=\"loading\">Cargando&#8230;<\/span><\/p>\n<p><span class=\"sd-text-color\"><\/span><\/div>\n<p><h3 class=\"jp-relatedposts-headline\"><em>Relacionado<\/em><\/h3>\n<\/p>\n<\/div>\n","protected":false},"excerpt":{"rendered":"<p>El presidente&nbsp;Alberto Fern\u00e1ndez&nbsp;afirm\u00f3 este jueves a la noche que&nbsp;\u00abla paz social ha sido alterada\u00bb&nbsp;tras el atentado contra la vida de Cristina Fern\u00e1ndez de Kirchner y decret\u00f3 un feriado nacional para este viernes&nbsp;\u00abpara que en paz y armon\u00eda el pueblo argentino pueda expresarse en defensa de la vida, de la democracia y en solidaridad con nuestra [&hellip;]<\/p>\n","protected":false},"author":1,"featured_media":23877,"comment_status":"closed","ping_status":"closed","sticky":false,"template":"","format":"standard","meta":[],"categories":[14],"tags":[],"_links":{"self":[{"href":"http:\/\/nuevacordoba.net\/index.php\/wp-json\/wp\/v2\/posts\/23876"}],"collection":[{"href":"http:\/\/nuevacordoba.net\/index.php\/wp-json\/wp\/v2\/posts"}],"about":[{"href":"http:\/\/nuevacordoba.net\/index.php\/wp-json\/wp\/v2\/types\/post"}],"author":[{"embeddable":true,"href":"http:\/\/nuevacordoba.net\/index.php\/wp-json\/wp\/v2\/users\/1"}],"replies":[{"embeddable":true,"href":"http:\/\/nuevacordoba.net\/index.php\/wp-json\/wp\/v2\/comments?post=23876"}],"version-history":[{"count":0,"href":"http:\/\/nuevacordoba.net\/index.php\/wp-json\/wp\/v2\/posts\/23876\/revisions"}],"wp:featuredmedia":[{"embeddable":true,"href":"http:\/\/nuevacordoba.net\/index.php\/wp-json\/wp\/v2\/media\/23877"}],"wp:attachment":[{"href":"http:\/\/nuevacordoba.net\/index.php\/wp-json\/wp\/v2\/media?parent=23876"}],"wp:term":[{"taxonomy":"category","embeddable":true,"href":"http:\/\/nuevacordoba.net\/index.php\/wp-json\/wp\/v2\/categories?post=23876"},{"taxonomy":"post_tag","embeddable":true,"href":"http:\/\/nuevacordoba.net\/index.php\/wp-json\/wp\/v2\/tags?post=23876"}],"curies":[{"name":"wp","href":"https:\/\/api.w.org\/{rel}","templated":true}]}}