{"id":23888,"date":"2022-09-02T09:30:06","date_gmt":"2022-09-02T09:30:06","guid":{"rendered":"https:\/\/puntoapunto.com.ar\/?p=337628"},"modified":"2022-09-02T09:30:06","modified_gmt":"2022-09-02T09:30:06","slug":"dictaron-feriado-nacional-para-hoy-por-el-atentado-contra-la-vicepresidenta","status":"publish","type":"post","link":"http:\/\/nuevacordoba.net\/index.php\/2022\/09\/02\/dictaron-feriado-nacional-para-hoy-por-el-atentado-contra-la-vicepresidenta\/","title":{"rendered":"Dictaron feriado nacional para hoy por el atentado contra la vicepresidenta"},"content":{"rendered":"<div class=\"g g-37\">\n<div class=\"g-single a-29\"><a class=\"gofollow\" data-track=\"MjksMzcsMSw2MA==\" href=\"https:\/\/www.harmoniechateau.com.ar\/\" target=\"_blank\" rel=\"noopener\"><img src=\"http:\/\/nuevacordoba.net\/wp-content\/uploads\/2022\/09\/dictaron-feriado-nacional-para-hoy-por-el-atentado-contra-la-vicepresidenta.gif\"><\/a><\/div>\n<\/div>\n<p>El Poder Ejecutivo decret\u00f3 feriado para este viernes en todo el territorio nacional, para permitir que \u00abel pueblo argentino\u00bb pueda manifestarse en \u00abrepudio al atentado\u00bb que el jueves sufri\u00f3 contra su vida la vicepresidenta Cristina Fern\u00e1ndez de Kirchner, y en \u00abdefensa de la paz y la democracia\u00bb, seg\u00fan se public\u00f3 en el Bolet\u00edn Oficial.<\/p>\n<p>\u00abDecl\u00e1rase feriado nacional el d\u00eda 2 de septiembre de 2022 a fin de que el pueblo argentino pueda expresar su m\u00e1s profundo repudio al atentado contra la vida de la Vicepresidenta de la Naci\u00f3n, Cristina Fern\u00e1ndez de Kirchner, y pronunciarse en defensa de la paz y la democracia\u00bb, se\u00f1ala el el&nbsp;<strong>Decreto de Necesidad y Urgencia 573\/2022<\/strong>.<\/p>\n<p>El decreto agrega que se instruye a los diferentes organismos para que implementen \u00ablas medidas pertinentes a fin de mantener las guardias necesarias a efectos de preservar la continuidad de los servicios esenciales\u00bb.<\/p>\n<p>La norma legal, que lleva la firma de todos los integrantes del Gabinete Nacional, destaca en sus considerandos que el jueves \u00abalrededor de las 21\u00bb, la Vicepresidenta \u00abfue v\u00edctima de un atentado contra su vida\u00bb.<\/p>\n<p>\u00abDicho atentado constituye una amenaza a la democracia que exige acciones oportunas y claras desde el Estado en defensa de sus instituciones pol\u00edticas y de la paz social\u00bb. agrega.<\/p>\n<p>El decreto, sostiene que \u00abes fundamental que la sociedad toda pueda expresarse en paz en defensa de la democracia y sus instituciones y en repudio a las expresiones de odio y a la violencia pol\u00edtica\u00bb.<\/p>\n<p>De acuerdo a esto, el feriado busca que \u00abel pueblo argentino pueda expresar su m\u00e1s profundo repudio al atentado contra la vida de la Vicepresidenta de la Naci\u00f3n, Cristina Fern\u00e1ndez de Kirchner, y pronunciarse en defensa de la paz y la democracia\u00bb.<\/p>\n<p>La portavoz de la Presidencia&nbsp;<strong>Gabriela Cerruti&nbsp;<\/strong>hab\u00eda difundido en su cuenta oficial de Twitter el DNU que lleva la firma del jefe de Estado y de otros funcionarios y que en sus considerandos consigna que \u00abel d\u00eda 1\u00b0 de septiembre de 2022, alrededor de las 21 horas, la Vicepresidenta de la Naci\u00f3n, Cristina Fern\u00e1ndez de Kirchner, fue v\u00edctima de un atentado contra su vida\u00bb.<\/p>\n<div class=\"g g-38\">\n<div class=\"g-single a-12\"><a class=\"gofollow\" data-track=\"MTIsMzgsMSw2MA==\" href=\"https:\/\/hospitalprivado.com.ar\/hospital-privado-villa-allende.html\" target=\"_blank\" rel=\"noopener\"><img src=\"http:\/\/nuevacordoba.net\/wp-content\/uploads\/2022\/09\/dictaron-feriado-nacional-para-hoy-por-el-atentado-contra-la-vicepresidenta-1.gif\"><\/a><\/div>\n<\/div>\n","protected":false},"excerpt":{"rendered":"<p>El Poder Ejecutivo decret\u00f3 feriado para este viernes en todo el territorio nacional, para permitir que \u00abel pueblo argentino\u00bb pueda manifestarse en \u00abrepudio al atentado\u00bb que el jueves sufri\u00f3 contra su vida la vicepresidenta Cristina Fern\u00e1ndez de Kirchner, y en \u00abdefensa de la paz y la democracia\u00bb, seg\u00fan se public\u00f3 en el Bolet\u00edn Oficial. \u00abDecl\u00e1rase [&hellip;]<\/p>\n","protected":false},"author":1,"featured_media":23889,"comment_status":"open","ping_status":"closed","sticky":false,"template":"","format":"standard","meta":[],"categories":[12,14],"tags":[],"_links":{"self":[{"href":"http:\/\/nuevacordoba.net\/index.php\/wp-json\/wp\/v2\/posts\/23888"}],"collection":[{"href":"http:\/\/nuevacordoba.net\/index.php\/wp-json\/wp\/v2\/posts"}],"about":[{"href":"http:\/\/nuevacordoba.net\/index.php\/wp-json\/wp\/v2\/types\/post"}],"author":[{"embeddable":true,"href":"http:\/\/nuevacordoba.net\/index.php\/wp-json\/wp\/v2\/users\/1"}],"replies":[{"embeddable":true,"href":"http:\/\/nuevacordoba.net\/index.php\/wp-json\/wp\/v2\/comments?post=23888"}],"version-history":[{"count":0,"href":"http:\/\/nuevacordoba.net\/index.php\/wp-json\/wp\/v2\/posts\/23888\/revisions"}],"wp:featuredmedia":[{"embeddable":true,"href":"http:\/\/nuevacordoba.net\/index.php\/wp-json\/wp\/v2\/media\/23889"}],"wp:attachment":[{"href":"http:\/\/nuevacordoba.net\/index.php\/wp-json\/wp\/v2\/media?parent=23888"}],"wp:term":[{"taxonomy":"category","embeddable":true,"href":"http:\/\/nuevacordoba.net\/index.php\/wp-json\/wp\/v2\/categories?post=23888"},{"taxonomy":"post_tag","embeddable":true,"href":"http:\/\/nuevacordoba.net\/index.php\/wp-json\/wp\/v2\/tags?post=23888"}],"curies":[{"name":"wp","href":"https:\/\/api.w.org\/{rel}","templated":true}]}}