{"id":2389,"date":"2021-03-24T10:46:04","date_gmt":"2021-03-24T10:46:04","guid":{"rendered":"http:\/\/nuevacordoba.net\/index.php\/2021\/03\/24\/una-seleccion-protagonista-el-comunicado-numero-23-y-toda-la-incertidumbre\/"},"modified":"2021-03-24T10:46:04","modified_gmt":"2021-03-24T10:46:04","slug":"una-seleccion-protagonista-el-comunicado-numero-23-y-toda-la-incertidumbre","status":"publish","type":"post","link":"http:\/\/nuevacordoba.net\/index.php\/2021\/03\/24\/una-seleccion-protagonista-el-comunicado-numero-23-y-toda-la-incertidumbre\/","title":{"rendered":"Una Selecci\u00f3n \u00abprotagonista\u00bb, el comunicado n\u00famero 23 y toda la incertidumbre"},"content":{"rendered":"<div class=\"image\" id=\"image\" readability=\"8\"> <img src=\"http:\/\/nuevacordoba.net\/wp-content\/uploads\/2021\/03\/una-seleccion-protagonista-el-comunicado-numero-23-y-toda-la-incertidumbre.jpg\" alt=\"En la gira del equipo de Menotti continu\u00f3 con dos derrotas (0-2 con Hungr\u00eda y 1-2 con Hertha Berl\u00edn en Alemania) y un empate (0-0 con Sevilla en Espa\u00f1a).\" title=\"En la gira del equipo de Menotti continu\u00f3 con dos derrotas (0-2 con Hungr\u00eda y 1-2 con Hertha Berl\u00edn en Alemania) y un empate (0-0 con Sevilla en Espa\u00f1a).\"><\/p>\n<p>En la gira del equipo de Menotti continu\u00f3 con dos derrotas (0-2 con Hungr\u00eda y 1-2 con Hertha Berl\u00edn en Alemania) y un empate (0-0 con Sevilla en Espa\u00f1a).<\/p>\n<\/div>\n<p>El seleccionado argentino de f\u00fatbol fue involuntario \u00abprotagonista\u00bb, si se quiere, de aquel siniestro 24 de marzo de 1976, cuando el golpe de Estado ideado por la Junta Militar inici\u00f3 el proceso m\u00e1s sombr\u00edo en la historia del pa\u00eds.<\/p>\n<p>Por aquellos d\u00edas, el equipo albiceleste que dirig\u00eda C\u00e9sar Luis Menotti -y que dos a\u00f1os m\u00e1s tarde se consagrar\u00eda campe\u00f3n mundial- llevaba a cabo una intensa gira preparatoria por pa\u00edses de Europa Oriental y Espa\u00f1a.<\/p>\n<p><strong>\u00abYo ten\u00eda bien en claro los objetivos del viaje. \u00cdbamos a jugar con el mejor f\u00fatbol de Europa por esos momentos. O por lo menos con seleccionados que estaban por encima de nuestro nivel\u00bb, evoc\u00f3 el exDT de Hurac\u00e1n del &#8217;73,<\/strong> al ser interpelado en relaci\u00f3n a ese periplo que asomaba m\u00e1s ambicioso (diez amistosos) y que debi\u00f3 reducirse a la mitad por una crisis econ\u00f3mica galopante en las arcas de la AFA.<\/p>\n<p>Ese mi\u00e9rcoles 24 de marzo, en la ciudad de Chorzow, ubicada a 13 kil\u00f3metros de Katowice, el representativo argentino venci\u00f3 a la local Polonia (tercera en la anterior Copa del Mundo Alemania &#8217;74), por 2-1, con goles de H\u00e9ctor Scotta y Ren\u00e9 Houseman. Un par de d\u00edas antes, bajo la nieve en Kiev y con una estupenda actuaci\u00f3n de Hugo Gatti, por aquel entonces arquero de Boca, Argentina hab\u00eda derrotado 1-0 a la Uni\u00f3n Sovi\u00e9tica (URSS), con tanto de Mario Kempes.<\/p>\n<p><strong>El llamado Proceso de Reorganizaci\u00f3n Nacional instaurado ese tr\u00e1gico mi\u00e9rcoles hab\u00eda reglamentado una serie de prohibiciones, a trav\u00e9s de una serie de comunicados.<\/strong><\/p>\n<p>Pero el n\u00famero 23, curiosamente, autorizaba una emisi\u00f3n y garantizaba la tranquilidad de la &#8216;patria deportiva&#8217;.<\/p>\n<p>\u00abQueda exceptuada de la transmisi\u00f3n por cadena nacional la propalaci\u00f3n programada para el d\u00eda de la fecha del partido de f\u00fatbol que sostendr\u00e1n las selecciones de la Argentina y Polonia\u00bb, le\u00eda el locutor oficial de aquel entonces, Juan Carlos Mentesana.<\/p>\n<p>Entonces, Canal 7 emiti\u00f3 el encuentro a\u00fan \u00abcuando nadie nos dijo nada oficialmente\u00bb, seg\u00fan record\u00f3 el comentarista deportivo Enrique Macaya M\u00e1rquez al escritor Mat\u00edas Bauso, quien elabor\u00f3 el texto &#8217;78. Historia oral del Mundial&#8217;<\/p>\n<p>El periodista Fernando Niembro, enviado especial de la emisora e integrante de la comisi\u00f3n de Prensa del Comit\u00e9 Organizador del Mundial &#8217;78, hab\u00eda viajado a Europa y se encontraba en territorio polaco.<\/p>\n<p>Algunos a\u00f1os m\u00e1s tarde, parad\u00f3jicamente, el mismo profesional fue el encargado de comunicar los indultos a los militares, cuando se desempe\u00f1aba como vocero del Gobierno del presidente Carlos Sa\u00fal Menem.<\/p>\n<p>Adem\u00e1s de Niembro, apenas un pu\u00f1ado de periodistas hab\u00eda viajado a la cobertura de la gira del seleccionado. As\u00ed, C\u00e9sar Volco estuvo por revista Goles; H\u00e9ctor Vega On\u00e9sime por El Gr\u00e1fico; Adolfo Serrano (directivo de Gimnasia La Plata) escrib\u00eda para diarios del interior y Jos\u00e9 Mar\u00eda Mu\u00f1oz, hist\u00f3rico relator deportivo por esos a\u00f1os, encabezaba el equipo de Radio Rivadavia (AM 630), que tambi\u00e9n contaba con el comentarista Julio C\u00e9sar Calvo.<\/p>\n<p>\u00abEn los momentos previos a la salida al estadio (Slaski), un sigiloso y confidencial &#8216;Gordo&#8217; Mu\u00f1oz me susurra: \u00abH\u00e9ctor, no digas nada para que los muchachos no se preocupen: en Buenos Aires hubo golpe de Estado\u00bb, record\u00f3 Vega On\u00e9sime, en un acto que revelaba los lazos y contactos que el llamado &#8216;Relator de Am\u00e9rica&#8217; manten\u00eda hist\u00f3ricamente con el \u00e1mbito castrense.<\/p>\n<p><strong>\u00abNos comunicaron la noticia antes del comienzo del partido. Est\u00e1bamos todos preocupados y no solamente (Mario) Kempes y yo, como se dijo. Nos hab\u00edamos ido del pa\u00eds con un gobierno democr\u00e1tico y cuando regresamos al pa\u00eds era todo distinto\u00bb, evoc\u00f3 el &#8216;Gringo&#8217; Scotta,<\/strong> por aquel entonces estrella de San Lorenzo, a punto tal de haber convertido 60 goles con la camiseta del &#8216;Cicl\u00f3n&#8217;, en toda la temporada 1975.<\/p>\n<p>\u00abTen\u00edamos miedo a que se desatara una guerra civil, por ejemplo. Horas despu\u00e9s del partido lleg\u00f3 a la concentraci\u00f3n una orden del propio (Jorge) Videla diciendo que la Selecci\u00f3n &#8216;ten\u00eda que jugar&#8217; ese encuentro con Polonia\u00bb, agreg\u00f3 el exgoleador al autor de &#8217;78. Historia oral del Mundial&#8217;.<\/p>\n<p>\u00ab<strong>La noticia del golpe nos tom\u00f3 por sorpresa. Est\u00e1bamos concentrados y enterarse de eso fue algo muy fuerte. All\u00e1 no nos dec\u00edan todo lo que quer\u00edamos saber. Uno siempre estaba pendiente de que a la familia no le pasara nada\u00bb, sostuvo Jorge Carrascosa, marcador de punta y capit\u00e1n de ese seleccionado albiceleste.<\/strong><\/p>\n<p><strong>Por orden del capit\u00e1n de Corbeta, Humberto Pascual D&#8217;Angelo, la emisora Canal 7 repiti\u00f3 \u00abla propalaci\u00f3n del partido\u00bb (que hab\u00eda ido en directo a las 13.30 hora de Buenos Aires) en el horario central de las 21.30.<\/strong><\/p>\n<p>En lo futbol\u00edstico, la gira del equipo de Menotti continu\u00f3 con dos derrotas (0-2 con Hungr\u00eda y 1-2 con Hertha Berl\u00edn en Alemania) y un empate (0-0 con Sevilla en Espa\u00f1a).<\/p>\n","protected":false},"excerpt":{"rendered":"<p>En la gira del equipo de Menotti continu\u00f3 con dos derrotas (0-2 con Hungr\u00eda y 1-2 con Hertha Berl\u00edn en Alemania) y un empate (0-0 con Sevilla en Espa\u00f1a). El seleccionado argentino de f\u00fatbol fue involuntario \u00abprotagonista\u00bb, si se quiere, de aquel siniestro 24 de marzo de 1976, cuando el golpe de Estado ideado por [&hellip;]<\/p>\n","protected":false},"author":1,"featured_media":2390,"comment_status":"closed","ping_status":"closed","sticky":false,"template":"","format":"standard","meta":[],"categories":[10],"tags":[],"_links":{"self":[{"href":"http:\/\/nuevacordoba.net\/index.php\/wp-json\/wp\/v2\/posts\/2389"}],"collection":[{"href":"http:\/\/nuevacordoba.net\/index.php\/wp-json\/wp\/v2\/posts"}],"about":[{"href":"http:\/\/nuevacordoba.net\/index.php\/wp-json\/wp\/v2\/types\/post"}],"author":[{"embeddable":true,"href":"http:\/\/nuevacordoba.net\/index.php\/wp-json\/wp\/v2\/users\/1"}],"replies":[{"embeddable":true,"href":"http:\/\/nuevacordoba.net\/index.php\/wp-json\/wp\/v2\/comments?post=2389"}],"version-history":[{"count":0,"href":"http:\/\/nuevacordoba.net\/index.php\/wp-json\/wp\/v2\/posts\/2389\/revisions"}],"wp:featuredmedia":[{"embeddable":true,"href":"http:\/\/nuevacordoba.net\/index.php\/wp-json\/wp\/v2\/media\/2390"}],"wp:attachment":[{"href":"http:\/\/nuevacordoba.net\/index.php\/wp-json\/wp\/v2\/media?parent=2389"}],"wp:term":[{"taxonomy":"category","embeddable":true,"href":"http:\/\/nuevacordoba.net\/index.php\/wp-json\/wp\/v2\/categories?post=2389"},{"taxonomy":"post_tag","embeddable":true,"href":"http:\/\/nuevacordoba.net\/index.php\/wp-json\/wp\/v2\/tags?post=2389"}],"curies":[{"name":"wp","href":"https:\/\/api.w.org\/{rel}","templated":true}]}}