{"id":23900,"date":"2022-09-02T14:02:59","date_gmt":"2022-09-02T14:02:59","guid":{"rendered":"https:\/\/cordoba.gob.ar\/?p=32919"},"modified":"2022-09-02T14:02:59","modified_gmt":"2022-09-02T14:02:59","slug":"avanza-la-implementacion-del-sistema-de-evaluacion-mixta-en-las-instituciones-del-sistema-educativo-municipal","status":"publish","type":"post","link":"http:\/\/nuevacordoba.net\/index.php\/2022\/09\/02\/avanza-la-implementacion-del-sistema-de-evaluacion-mixta-en-las-instituciones-del-sistema-educativo-municipal\/","title":{"rendered":"Avanza la implementaci\u00f3n del Sistema de Evaluaci\u00f3n Mixta en las instituciones del Sistema Educativo Municipal"},"content":{"rendered":"<div><img src=\"http:\/\/nuevacordoba.net\/wp-content\/uploads\/2022\/09\/avanza-la-implementacion-del-sistema-de-evaluacion-mixta-en-las-instituciones-del-sistema-educativo-municipal.jpg\" class=\"ff-og-image-inserted\"><\/div>\n<ul>\n<li><strong>Se trata de un dispositivo formativo que complementa las evaluaciones externas (nacionales, provinciales e internacionales \u2013 estandarizadas y comunes -) con las internas que se realizan en cada Jard\u00edn y Escuela.<\/strong><\/li>\n<li><strong>Busca pautar y promover estrategias de evaluaci\u00f3n de aprendizajes por campo y\/o espacio curricular.<\/strong><\/li>\n<\/ul>\n<hr>\n<p>La Municipalidad de C\u00f3rdoba, a trav\u00e9s de su Secretar\u00eda de Educaci\u00f3n, contin\u00faa trabajando en torno a la implementaci\u00f3n de la Evaluaci\u00f3n Mixta en las instituciones municipales.<\/p>\n<p>Esta supone un trabajo de evaluaci\u00f3n a nivel de cada instituci\u00f3n y de la secretaria en su conjunto de los aprendizajes y por ende de la ense\u00f1anza, que complementa las evaluaciones externas \u2013 tales como las Pruebas PRISMA y el operativo APRENDER \u2013 con las internas que se realizan en cada Jard\u00edn y Escuela.<\/p>\n<p>En ese marco, los d\u00edas 24, 25 y 26 de agosto se llevaron adelante encuentros presenciales con el Nivel Inicial, Primario y la Modalidad de J\u00f3venes y Adultos con especialistas de la Organizaci\u00f3n de Estados Iberoamericanos (OEI).<\/p>\n<p>Las jornadas estuvieron acompa\u00f1adas por el equipo de asesores de la Direcci\u00f3n de Aprendizaje y Desarrollo Profesional y contaron con la presencia de todos los y las docentes de todos los niveles, los equipos directivos y los equipos de supervisi\u00f3n.<\/p>\n<p>El dispositivo de Evaluaci\u00f3n Mixta, como es habitual, trabaj\u00f3 de manera integral con todos los espacios y campo curriculares, a diferencia de otros dispositivos de evaluaci\u00f3n que se centran en Lengua, Matem\u00e1tica o ciencias. Aqu\u00ed se incluyeron tambi\u00e9n educaci\u00f3n f\u00edsica, artes, educaci\u00f3n digital, programaci\u00f3n y rob\u00f3tica, ciudadan\u00eda y participaci\u00f3n e ingl\u00e9s.<\/p>\n<p>En este sentido, la iniciativa es desafiante e innovadora porque busca pautar y promover estrategias de evaluaci\u00f3n de aprendizajes por cada materia.<\/p>\n<p>Al respecto el Secretario de Educaci\u00f3n Horacio Ferreyra afirm\u00f3 que <em>\u201cla evaluaci\u00f3n mixta le permite a cada instituci\u00f3n mirarse de manera particular y a cada docente de manera espec\u00edfica poder analizar los procesos y resultados en el inicio, a la mitad de proceso y al final. Adem\u00e1s, esta evaluaci\u00f3n a nivel de la Secretar\u00eda brinda informaci\u00f3n para la toma de decisiones a nivel sistema. Nos permite pensar en rutas de mejora\u201d<\/em>.<\/p>\n<p>Alicia Olmos, directora de Aprendizaje y Desarrollo Profesional, sostuvo que <em>\u201cdesde que asumimos la gesti\u00f3n nuestra preocupaci\u00f3n fue evaluar para mejorar. Por eso nos propusimos ir m\u00e1s all\u00e1 de los est\u00e1ndares y complementar las evaluaciones externas creando este sistema que hemos denominado de evaluaci\u00f3n Mixta\u201d<\/em>.<\/p>\n<p>Luis Franchi, director de Gesti\u00f3n Educativa, expres\u00f3: <em>\u201cLo novedoso de este sistema es que apunta a dejar capacidad instalada en las instituciones educativas municipales pensando en la mejora\u201d<\/em>.<\/p>\n<p>Lilia Toranzos, especialista de la OEI, celebr\u00f3 las jornadas manifestando \u201c<em>la gran importancia y el sentido de innovaci\u00f3n que tiene esta propuesta de evaluaci\u00f3n que se centra en la mejora de los aprendizajes y las propuestas de ense\u00f1anza\u201d<\/em>.<\/p>\n<p>El Secretario de Educaci\u00f3n Horacio Ferreyra finaliz\u00f3 recordando que en simult\u00e1neo durante el primer semestre se trabaj\u00f3 en dos comisiones para revisar y mejorar el sistema evaluaci\u00f3n formativa con la mirada puesta en el 2023 en la educaci\u00f3n Inicial, Primario y en la Modalidad de J\u00f3venes y Adultos de cara al a\u00f1o que viene, para poder implementar nuevos Informes de Trayectorias Escolares (libreta de calificaciones) basados en logros a partir de evidencia de aprendizaje.<\/p>\n","protected":false},"excerpt":{"rendered":"<p>Se trata de un dispositivo formativo que complementa las evaluaciones externas (nacionales, provinciales e internacionales \u2013 estandarizadas y comunes -) con las internas que se realizan en cada Jard\u00edn y Escuela. Busca pautar y promover estrategias de evaluaci\u00f3n de aprendizajes por campo y\/o espacio curricular. La Municipalidad de C\u00f3rdoba, a trav\u00e9s de su Secretar\u00eda de [&hellip;]<\/p>\n","protected":false},"author":1,"featured_media":23901,"comment_status":"closed","ping_status":"closed","sticky":false,"template":"","format":"standard","meta":[],"categories":[14],"tags":[],"_links":{"self":[{"href":"http:\/\/nuevacordoba.net\/index.php\/wp-json\/wp\/v2\/posts\/23900"}],"collection":[{"href":"http:\/\/nuevacordoba.net\/index.php\/wp-json\/wp\/v2\/posts"}],"about":[{"href":"http:\/\/nuevacordoba.net\/index.php\/wp-json\/wp\/v2\/types\/post"}],"author":[{"embeddable":true,"href":"http:\/\/nuevacordoba.net\/index.php\/wp-json\/wp\/v2\/users\/1"}],"replies":[{"embeddable":true,"href":"http:\/\/nuevacordoba.net\/index.php\/wp-json\/wp\/v2\/comments?post=23900"}],"version-history":[{"count":0,"href":"http:\/\/nuevacordoba.net\/index.php\/wp-json\/wp\/v2\/posts\/23900\/revisions"}],"wp:featuredmedia":[{"embeddable":true,"href":"http:\/\/nuevacordoba.net\/index.php\/wp-json\/wp\/v2\/media\/23901"}],"wp:attachment":[{"href":"http:\/\/nuevacordoba.net\/index.php\/wp-json\/wp\/v2\/media?parent=23900"}],"wp:term":[{"taxonomy":"category","embeddable":true,"href":"http:\/\/nuevacordoba.net\/index.php\/wp-json\/wp\/v2\/categories?post=23900"},{"taxonomy":"post_tag","embeddable":true,"href":"http:\/\/nuevacordoba.net\/index.php\/wp-json\/wp\/v2\/tags?post=23900"}],"curies":[{"name":"wp","href":"https:\/\/api.w.org\/{rel}","templated":true}]}}