{"id":23926,"date":"2022-09-02T09:04:08","date_gmt":"2022-09-02T09:04:08","guid":{"rendered":"https:\/\/puntoapunto.com.ar\/?p=337623"},"modified":"2022-09-02T09:04:08","modified_gmt":"2022-09-02T09:04:08","slug":"conmocion-nacional-por-intento-de-homicidio-contra-cristina-fernandez","status":"publish","type":"post","link":"http:\/\/nuevacordoba.net\/index.php\/2022\/09\/02\/conmocion-nacional-por-intento-de-homicidio-contra-cristina-fernandez\/","title":{"rendered":"Conmoci\u00f3n nacional por intento de homicidio contra Cristina Fern\u00e1ndez"},"content":{"rendered":"<div class=\"g g-37\">\n<div class=\"g-single a-29\"><a class=\"gofollow\" data-track=\"MjksMzcsMSw2MA==\" href=\"https:\/\/www.harmoniechateau.com.ar\/\" target=\"_blank\" rel=\"noopener\"><img src=\"http:\/\/nuevacordoba.net\/wp-content\/uploads\/2022\/09\/conmocion-nacional-por-intento-de-homicidio-contra-cristina-fernandez.gif\"><\/a><\/div>\n<\/div>\n<p>Un hombre gatill\u00f3 contra la vicepresidenta anoche, aunque la bala no sali\u00f3. Fue detenido e identificado. Dictaron feriado nacional para hoy.<\/p>\n<p>El ataque, sin precedentes en esta etapa de la democracia argentina, mereci\u00f3&nbsp;<a href=\"http:\/\/www.telam.com.ar\/notas\/202209\/603572-ataque-cristina-repudio-gabinete.html\" target=\"_blank\" rel=\"noopener\">el inmediato repudio de ministros<\/a>, legisladores, encumbrados dirigentes pol\u00edticos de la oposici\u00f3n y el oficialismo, sindicatos y personalidades de distintos sectores, que pidieron el esclarecimiento del caso.<\/p>\n<p>El intento de magnicidio qued\u00f3 registrado en im\u00e1genes tomadas por la Televisi\u00f3n P\u00fablica en las inmediaciones del domicilio de la exmandataria, mientras el agresor, identificado como&nbsp;<a href=\"https:\/\/www.telam.com.ar\/notas\/202209\/603573-detenido-atacante-cristina-fernandez-de-kirchner.html\" target=\"_blank\" rel=\"noopener\">Fernando Andre Sabag Montiel<\/a>, qued\u00f3 detenido por agentes de la Polic\u00eda Federal.<\/p>\n<p>En una de las im\u00e1genes difundidas se ve con nitidez cuando la Vicepresidenta acababa de bajar de un auto para entrar a su domicilio y un arma se acerca a su cabeza. En el registro parece que el agresor intenta disparar.<\/p>\n<p><iframe loading=\"lazy\" title=\"Atentado contra la Vicepresidenta de Argentina, Cristina Kirchner\" width=\"500\" height=\"281\" src=\"https:\/\/www.youtube.com\/embed\/iBTj9y03j7g?feature=oembed\" frameborder=\"0\" allow=\"accelerometer; autoplay; clipboard-write; encrypted-media; gyroscope; picture-in-picture\" allowfullscreen>[embedded content]<\/iframe><\/p>\n<p>El presidente Alberto Fern\u00e1ndez&nbsp;<a href=\"https:\/\/www.telam.com.ar\/notas\/202209\/603565-alberto-fernandez-cristina-kirchner-ataque.html\" target=\"_blank\" rel=\"noopener\">consider\u00f3 al hecho como \u00abel m\u00e1s grave\u00bb desde el regreso de la democracia<\/a>&nbsp;y declar\u00f3 a este viernes feriado nacional \u00abpara que en paz y armon\u00eda el pueblo pueda expresarse en defensa de la vida y la democracia y en solidaridad con nuestra Vicepresidenta\u00bb.<\/p>\n<p>El jefe de Estado dio un discurso por cadena nacional pocos minutos despu\u00e9s de la medianoche, mientras que el jefe de Gabinete Juan Manzur, convoc\u00f3 a&nbsp;<a href=\"https:\/\/www.telam.com.ar\/notas\/202209\/603588-juan-manzur-reunion-gabinete.html\" target=\"_blank\" rel=\"noopener\">una reuni\u00f3n de gabinete para las 8.30<\/a>.<\/p>\n<figure class=\"mb-3\"><img loading=\"lazy\" src=\"http:\/\/nuevacordoba.net\/wp-content\/uploads\/2022\/09\/conmocion-nacional-por-intento-de-homicidio-contra-cristina-fernandez.jpg\" alt=\"Telam SE\" width=\"100%\" height=\"100%\"><figcaption><\/figcaption><\/figure>\n<p>La Vicepresidenta regres\u00f3 por la noche a su casa en la esquina de Juncal y Uruguay, en el barrio de Recoleta, donde una persona infiltrada entre la multitud intent\u00f3 atacarla&nbsp;<a href=\"https:\/\/www.telam.com.ar\/notas\/202209\/603585-ataque-cristina-pericia-arma-apta-disparo.html\" target=\"_blank\" rel=\"noopener\">con un arma de fuego<\/a>, un ataque grav\u00edsimo que a los pocos minutos fue confirmado desde el ministerio de Seguridad.<\/p>\n<p>Durante la habitual ronda de saludos y muestras de afecto que la exmandataria realiza entre los militantes que se acercan a saludarla a su regreso del Senado, el agresor, con tatuajes en una de sus manos, acerc\u00f3 un arma a cent\u00edmetros de su rostro e intent\u00f3 gatillar, aunque no se produjo ning\u00fan disparo.<\/p>\n<p>El individuo fue detenido por los custodios de la titular del Senado y luego llevado a un m\u00f3vil de la Polic\u00eda, donde se cubri\u00f3 la cara con un abrigo, seg\u00fan transmiti\u00f3 la televisi\u00f3n que se encontraba en el lugar.<\/p>\n<p>Minutos despu\u00e9s del hecho, desde el Ministerio de Seguridad confirmaron a trav\u00e9s de un comunicado que un \u00abhombre se encontrar\u00eda armado\u00bb y que \u00abse lo identific\u00f3 procediendo a su detenci\u00f3n en la calle Juncal y Uruguay\u00bb.<\/p>\n<p>A pocos metros del lugar se encontr\u00f3 un arma&nbsp;calibre .32 marca Bersa, que ten\u00eda balas y que estaba apta para el disparo. Seg\u00fan los pesquisas de la Polic\u00eda Federal Argentina, la pistola ten\u00eda cinco balas en su cargador.<\/p>\n<figure class=\"mb-3\"><img loading=\"lazy\" src=\"http:\/\/nuevacordoba.net\/wp-content\/uploads\/2022\/09\/conmocion-nacional-por-intento-de-homicidio-contra-cristina-fernandez-1.jpg\" alt=\"Telam SE\" width=\"100%\" height=\"100%\"><figcaption><\/figcaption><\/figure>\n<p>El ministro de Seguridad, An\u00edbal Fern\u00e1ndez, en di\u00e1logo con el canal C5N detall\u00f3 que la persona detenida \u00abten\u00eda un arma\u00bb y que fue detenida, inicialmente, \u00abpor personal de la custodia\u00bb.<\/p>\n<p>\u00abLo apartan y encuentran el arma. Ahora tiene que ser analizada esta cuesti\u00f3n por nuestra gente para ver la disposici\u00f3n que ten\u00eda esta persona\u00bb, asegur\u00f3 el ministro, y agreg\u00f3: \u00abTenemos que esperar que cient\u00edfica haga el an\u00e1lisis. Esperemos un poco, no quiero hacer m\u00e1s grande la cosa de lo necesario. Hay que hablar con seriedad\u00bb.<br \/>Ministros, secretarios de estado, legisladores, sindicalistas y personalidades de distintos sectores emitieron de inmediato declaraciones de repudio al ataque.<\/p>\n<p>Desde la oposici\u00f3n, se conocieron pronunciamientos del&nbsp;<a href=\"https:\/\/www.telam.com.ar\/notas\/202209\/603575-juntos-por-el-cambio-repudio-mauricio-macri-ataque-cristina-kirchner.html\" target=\"_blank\" rel=\"noopener\">expresidente Mauricio Macri<\/a>&nbsp;y del jefe del Gobierno porte\u00f1o, Horacio Rodr\u00edguez Larreta, entre otros.<br \/>El Partido Justicialista de la provincia de Buenos Aires anunci\u00f3 en medio de la conmoci\u00f3n la suspensi\u00f3n del Congreso partidario y del acto previsto para el s\u00e1bado en la localidad de Merlo.<\/p>\n<p>\u00abExigimos el urgente esclarecimiento del atentado hacia la vicepresidenta, producido en un contexto de creciente violencia medi\u00e1tica y verbal de algunos dirigentes y dirigentas pol\u00edticas que difunden discursos de odio hacia la vicepresidenta y lo que representa su figura dentro del peronismo\u00bb, se\u00f1al\u00f3 en un comunicado.<\/p>\n<p>Senadores y diputados del Frente de Todos y de Juntos por el Cambio se autoconvocaron en el Congreso de la Naci\u00f3n para hacer p\u00fablica una declaraci\u00f3n conjunta de rechazo al ataque a la vicepresidenta Cristina Fern\u00e1ndez de Kirchner en la puerta de su domicilio.<\/p>\n<p>Los legisladores de las dos principales bancadas pol\u00edticas se reunieron pasadas las 23.40 en el sal\u00f3n Arturo Illia del Senado, donde se tomaron una fotograf\u00eda en conjunto en se\u00f1al de unidad ante el intento de atentado a la Vicepresidenta.<\/p>\n<p><a href=\"https:\/\/www.telam.com.ar\/notas\/202209\/603582-cgt-repudio-ataque-cristina-kirchner-magnicidio.html\" target=\"_blank\" rel=\"noopener\">La Confederaci\u00f3n General del Trabajo (CGT) expres\u00f3 su \u00abm\u00e1s profundo repudio\u00bb<\/a>&nbsp;al ataque sufrido por la vicepresidenta y sostuvo que la \u00abtentativa de magnicidio debe interpelar a todos los dirigentes pol\u00edticos que d\u00eda a d\u00eda tensan el clima social hasta niveles irracionales\u00bb y convoc\u00f3 a una reuni\u00f3n de autoridades para las 10 del viernes..<\/p>\n<div class=\"g g-38\">\n<div class=\"g-single a-12\"><a class=\"gofollow\" data-track=\"MTIsMzgsMSw2MA==\" href=\"https:\/\/hospitalprivado.com.ar\/hospital-privado-villa-allende.html\" target=\"_blank\" rel=\"noopener\"><img src=\"http:\/\/nuevacordoba.net\/wp-content\/uploads\/2022\/09\/conmocion-nacional-por-intento-de-homicidio-contra-cristina-fernandez-1.gif\"><\/a><\/div>\n<\/div>\n","protected":false},"excerpt":{"rendered":"<p>Un hombre gatill\u00f3 contra la vicepresidenta anoche, aunque la bala no sali\u00f3. Fue detenido e identificado. Dictaron feriado nacional para hoy. El ataque, sin precedentes en esta etapa de la democracia argentina, mereci\u00f3&nbsp;el inmediato repudio de ministros, legisladores, encumbrados dirigentes pol\u00edticos de la oposici\u00f3n y el oficialismo, sindicatos y personalidades de distintos sectores, que pidieron [&hellip;]<\/p>\n","protected":false},"author":1,"featured_media":23927,"comment_status":"open","ping_status":"closed","sticky":false,"template":"","format":"standard","meta":[],"categories":[12,14],"tags":[],"_links":{"self":[{"href":"http:\/\/nuevacordoba.net\/index.php\/wp-json\/wp\/v2\/posts\/23926"}],"collection":[{"href":"http:\/\/nuevacordoba.net\/index.php\/wp-json\/wp\/v2\/posts"}],"about":[{"href":"http:\/\/nuevacordoba.net\/index.php\/wp-json\/wp\/v2\/types\/post"}],"author":[{"embeddable":true,"href":"http:\/\/nuevacordoba.net\/index.php\/wp-json\/wp\/v2\/users\/1"}],"replies":[{"embeddable":true,"href":"http:\/\/nuevacordoba.net\/index.php\/wp-json\/wp\/v2\/comments?post=23926"}],"version-history":[{"count":0,"href":"http:\/\/nuevacordoba.net\/index.php\/wp-json\/wp\/v2\/posts\/23926\/revisions"}],"wp:featuredmedia":[{"embeddable":true,"href":"http:\/\/nuevacordoba.net\/index.php\/wp-json\/wp\/v2\/media\/23927"}],"wp:attachment":[{"href":"http:\/\/nuevacordoba.net\/index.php\/wp-json\/wp\/v2\/media?parent=23926"}],"wp:term":[{"taxonomy":"category","embeddable":true,"href":"http:\/\/nuevacordoba.net\/index.php\/wp-json\/wp\/v2\/categories?post=23926"},{"taxonomy":"post_tag","embeddable":true,"href":"http:\/\/nuevacordoba.net\/index.php\/wp-json\/wp\/v2\/tags?post=23926"}],"curies":[{"name":"wp","href":"https:\/\/api.w.org\/{rel}","templated":true}]}}