{"id":23953,"date":"2022-09-04T14:45:04","date_gmt":"2022-09-04T14:45:04","guid":{"rendered":"http:\/\/nuevacordoba.net\/index.php\/2022\/09\/04\/verstappen-larga-desde-la-pole-position-en-el-gp-de-paises-bajos\/"},"modified":"2022-09-04T14:45:04","modified_gmt":"2022-09-04T14:45:04","slug":"verstappen-larga-desde-la-pole-position-en-el-gp-de-paises-bajos","status":"publish","type":"post","link":"http:\/\/nuevacordoba.net\/index.php\/2022\/09\/04\/verstappen-larga-desde-la-pole-position-en-el-gp-de-paises-bajos\/","title":{"rendered":"Verstappen larga desde la pole position en el GP de Pa\u00edses Bajos"},"content":{"rendered":"<figure class=\"mb-3\"><img loading=\"lazy\" src=\"http:\/\/nuevacordoba.net\/wp-content\/uploads\/2022\/09\/verstappen-larga-desde-la-pole-position-en-el-gp-de-paises-bajos.jpg\" width=\"100%\" height=\"100%\" alt=\"Se correr en el circuito de Zandvoort por la decimoquinta fecha del calendario oficial\"><figcaption> Se correr\u00e1 en el circuito de Zandvoort por la decimoquinta fecha del calendario oficial. <\/figcaption><\/figure>\n<p> &nbsp;<br \/>El vigente campe\u00f3n y l\u00edder actual de la F\u00f3rmula 1, Max Verstappen, larga este domingo desde la pole position en el Gran Premio de Pa\u00edses Bajos de F\u00f3rmula 1 que se corre en el circuito de Zandvoort por la decimoquinta fecha del calendario oficial.<\/p>\n<p>La carrera <strong>se disputa desde las 10.00 de Argentina con televisaci\u00f3n de Star+ a 72 vueltas sobre un circuito de 4,259 kil\u00f3metros<\/strong>.<\/p>\n<p>El primer volante de Red Bull aventaj\u00f3 por mil\u00e9simas al monegasco Charles Leclerc (Ferrari), que lo acompa\u00f1ar\u00e1 en la primera l\u00ednea de salida, desde el segundo lugar.<\/p>\n<p>La otra Ferrari del espa\u00f1ol Carlos Sainz Jr. ingres\u00f3 en el tercer puesto, por delante del brit\u00e1nico y s\u00e9xtuple campe\u00f3n mundial Lewis Hamilton, con Mercedes.<\/p>\n<p>En la tercera l\u00ednea se ubicaron el mexicano Sergio P\u00e9rez (Red Bull) y el brit\u00e1nico George Russell (Mercedes).<\/p>\n<p>Verstappen logr\u00f3 su 17ma. pole position en la F1, por segundo a\u00f1o consecutivo en el GP de su pa\u00eds, que el a\u00f1o pasado volvi\u00f3 al calendario internacional tras su anterior edici\u00f3n en 1985.<\/p>\n<p>El neerland\u00e9s buscar\u00e1 repetir la victoria de 2021 para estirar a\u00fan m\u00e1s su ventaja con el Campeonato Mundial, que encabeza con 93 puntos de ventaja sobre su coequiper \u00abCheco\u00bb P\u00e9rez.<\/p>\n","protected":false},"excerpt":{"rendered":"<p>Se correr\u00e1 en el circuito de Zandvoort por la decimoquinta fecha del calendario oficial. &nbsp;El vigente campe\u00f3n y l\u00edder actual de la F\u00f3rmula 1, Max Verstappen, larga este domingo desde la pole position en el Gran Premio de Pa\u00edses Bajos de F\u00f3rmula 1 que se corre en el circuito de Zandvoort por la decimoquinta fecha [&hellip;]<\/p>\n","protected":false},"author":1,"featured_media":23954,"comment_status":"closed","ping_status":"closed","sticky":false,"template":"","format":"standard","meta":[],"categories":[10],"tags":[],"_links":{"self":[{"href":"http:\/\/nuevacordoba.net\/index.php\/wp-json\/wp\/v2\/posts\/23953"}],"collection":[{"href":"http:\/\/nuevacordoba.net\/index.php\/wp-json\/wp\/v2\/posts"}],"about":[{"href":"http:\/\/nuevacordoba.net\/index.php\/wp-json\/wp\/v2\/types\/post"}],"author":[{"embeddable":true,"href":"http:\/\/nuevacordoba.net\/index.php\/wp-json\/wp\/v2\/users\/1"}],"replies":[{"embeddable":true,"href":"http:\/\/nuevacordoba.net\/index.php\/wp-json\/wp\/v2\/comments?post=23953"}],"version-history":[{"count":0,"href":"http:\/\/nuevacordoba.net\/index.php\/wp-json\/wp\/v2\/posts\/23953\/revisions"}],"wp:featuredmedia":[{"embeddable":true,"href":"http:\/\/nuevacordoba.net\/index.php\/wp-json\/wp\/v2\/media\/23954"}],"wp:attachment":[{"href":"http:\/\/nuevacordoba.net\/index.php\/wp-json\/wp\/v2\/media?parent=23953"}],"wp:term":[{"taxonomy":"category","embeddable":true,"href":"http:\/\/nuevacordoba.net\/index.php\/wp-json\/wp\/v2\/categories?post=23953"},{"taxonomy":"post_tag","embeddable":true,"href":"http:\/\/nuevacordoba.net\/index.php\/wp-json\/wp\/v2\/tags?post=23953"}],"curies":[{"name":"wp","href":"https:\/\/api.w.org\/{rel}","templated":true}]}}