{"id":2397,"date":"2021-03-24T10:46:41","date_gmt":"2021-03-24T10:46:41","guid":{"rendered":"http:\/\/nuevacordoba.net\/index.php\/2021\/03\/24\/victor-heredia-escribi-todavia-cantamos-en-homenaje-a-las-madres-de-plaza-de-mayo\/"},"modified":"2021-03-24T10:46:41","modified_gmt":"2021-03-24T10:46:41","slug":"victor-heredia-escribi-todavia-cantamos-en-homenaje-a-las-madres-de-plaza-de-mayo","status":"publish","type":"post","link":"http:\/\/nuevacordoba.net\/index.php\/2021\/03\/24\/victor-heredia-escribi-todavia-cantamos-en-homenaje-a-las-madres-de-plaza-de-mayo\/","title":{"rendered":"V\u00edctor Heredia: \u00abEscrib\u00ed &#8216;Todav\u00eda cantamos&#8217; en homenaje a las Madres de Plaza de Mayo\u00bb"},"content":{"rendered":"<div class=\"image\" id=\"image\" readability=\"9\"> <img src=\"http:\/\/nuevacordoba.net\/wp-content\/uploads\/2021\/03\/victor-heredia-escribi-todavia-cantamos-en-homenaje-a-las-madres-de-plaza-de-mayo.jpg\" alt=\"A los 74 a\u00f1os, el cantautor nacido en Paso del Rey es uno de los artistas m\u00e1s comprometidos dentro del mundo de la m\u00fasica.\" title=\"A los 74 a\u00f1os, el cantautor nacido en Paso del Rey es uno de los artistas m\u00e1s comprometidos dentro del mundo de la m\u00fasica.\"><\/p>\n<p>A los 74 a\u00f1os, el cantautor nacido en Paso del Rey es uno de los artistas m\u00e1s comprometidos dentro del mundo de la m\u00fasica.<\/p>\n<\/div>\n<p>A pocas horas de cumplirse un nuevo aniversario del golpe c\u00edvico-militar de 1976, el cantautor V\u00edctor Heredia record\u00f3 que \u00abTodav\u00eda cantamos\u00bb, una de sus canciones m\u00e1s emblem\u00e1ticas, \u00abrepresenta esa lucha y tambi\u00e9n la esperanza\u00bb que muchos familiares de desaparecidos, como el caso de las Madres de Plaza de Mayo, ten\u00edan en aquellos a\u00f1os.<\/p>\n<p>\u00abMi madre, al igual que much\u00edsimas madres argentinas, busc\u00f3 denodadamente a su hija, mi hermana Mar\u00eda Cristina, secuestrada, <strong>embarazada de cinco meses <\/strong>y desaparecida junto a su marido Claudio Nicol\u00e1s Grande, desde junio de 1976. Esa canci\u00f3n representa esa lucha y tambi\u00e9n la esperanza que muchos familiares de desaparecidos ten\u00edamos en aquella instancia\u00bb, expres\u00f3 el artista en di\u00e1logo con T\u00e9lam Radio.<\/p>\n<p>Y actualiz\u00f3: \u00abHoy sabemos que desde la memoria, la verdad y la justicia, podemos seguir intentando encontrar alg\u00fan rastro que nos lleve, por lo menos, al lugar donde est\u00e1n enterrados sus huesos\u00bb.<\/p>\n<p>Respecto a la famosa composici\u00f3n incluida en el disco \u00abSolo quiero la vida\u00bb, de 1984, un verdadero himno durante la llamada \u00abprimavera democr\u00e1tica\u00bb, el m\u00fasico afirm\u00f3 que <strong>una de las versiones que m\u00e1s lo conmovi\u00f3 fue la que registr\u00f3 Mercedes Sosa junto a Domingo Cura.<\/strong><\/p>\n<p>\u00abRealmente me impresion\u00f3, desde la interpretaci\u00f3n, desde el drama con que la cant\u00f3 y desde la soledad que implicaba esa voz solita sobre una percusi\u00f3n\u00bb, detall\u00f3.<\/p>\n<p><strong>Adem\u00e1s de la desaparici\u00f3n de su hermana, durante la dictadura, V\u00edctor Heredia sufri\u00f3 diversas censuras.<\/strong>&nbsp;Desde entonces, el m\u00fasico se convirti\u00f3 en un colaborador permanente de las organizaciones de derechos humanos, como as\u00ed tambi\u00e9n abraz\u00f3 la causa indigenista, tal como lo reflej\u00f3 en su disco \u00abTaki Ongoy\u00bb, de 1986. <\/p>\n","protected":false},"excerpt":{"rendered":"<p>A los 74 a\u00f1os, el cantautor nacido en Paso del Rey es uno de los artistas m\u00e1s comprometidos dentro del mundo de la m\u00fasica. A pocas horas de cumplirse un nuevo aniversario del golpe c\u00edvico-militar de 1976, el cantautor V\u00edctor Heredia record\u00f3 que \u00abTodav\u00eda cantamos\u00bb, una de sus canciones m\u00e1s emblem\u00e1ticas, \u00abrepresenta esa lucha y [&hellip;]<\/p>\n","protected":false},"author":1,"featured_media":2398,"comment_status":"closed","ping_status":"closed","sticky":false,"template":"","format":"standard","meta":[],"categories":[9],"tags":[],"_links":{"self":[{"href":"http:\/\/nuevacordoba.net\/index.php\/wp-json\/wp\/v2\/posts\/2397"}],"collection":[{"href":"http:\/\/nuevacordoba.net\/index.php\/wp-json\/wp\/v2\/posts"}],"about":[{"href":"http:\/\/nuevacordoba.net\/index.php\/wp-json\/wp\/v2\/types\/post"}],"author":[{"embeddable":true,"href":"http:\/\/nuevacordoba.net\/index.php\/wp-json\/wp\/v2\/users\/1"}],"replies":[{"embeddable":true,"href":"http:\/\/nuevacordoba.net\/index.php\/wp-json\/wp\/v2\/comments?post=2397"}],"version-history":[{"count":0,"href":"http:\/\/nuevacordoba.net\/index.php\/wp-json\/wp\/v2\/posts\/2397\/revisions"}],"wp:featuredmedia":[{"embeddable":true,"href":"http:\/\/nuevacordoba.net\/index.php\/wp-json\/wp\/v2\/media\/2398"}],"wp:attachment":[{"href":"http:\/\/nuevacordoba.net\/index.php\/wp-json\/wp\/v2\/media?parent=2397"}],"wp:term":[{"taxonomy":"category","embeddable":true,"href":"http:\/\/nuevacordoba.net\/index.php\/wp-json\/wp\/v2\/categories?post=2397"},{"taxonomy":"post_tag","embeddable":true,"href":"http:\/\/nuevacordoba.net\/index.php\/wp-json\/wp\/v2\/tags?post=2397"}],"curies":[{"name":"wp","href":"https:\/\/api.w.org\/{rel}","templated":true}]}}