{"id":2415,"date":"2021-03-24T10:47:35","date_gmt":"2021-03-24T10:47:35","guid":{"rendered":"http:\/\/nuevacordoba.net\/index.php\/2021\/03\/24\/confirmaron-la-extension-de-la-prision-preventiva-para-el-falso-abogado-marcelo-dalessio\/"},"modified":"2021-03-24T10:47:35","modified_gmt":"2021-03-24T10:47:35","slug":"confirmaron-la-extension-de-la-prision-preventiva-para-el-falso-abogado-marcelo-dalessio","status":"publish","type":"post","link":"http:\/\/nuevacordoba.net\/index.php\/2021\/03\/24\/confirmaron-la-extension-de-la-prision-preventiva-para-el-falso-abogado-marcelo-dalessio\/","title":{"rendered":"Confirmaron la extensi\u00f3n de la prisi\u00f3n preventiva para el falso abogado Marcelo D&#8217;Alessio"},"content":{"rendered":"<div><img src=\"http:\/\/nuevacordoba.net\/wp-content\/uploads\/2021\/03\/confirmaron-la-extension-de-la-prision-preventiva-para-el-falso-abogado-marcelo-dalessio.jpg\" class=\"ff-og-image-inserted\"><\/div>\n<p>La Sala IV de la C\u00e1mara Federal de Casaci\u00f3n Penal homolog\u00f3 la decisi\u00f3n del Tribunal Oral en lo Criminal Federal 2 de la Ciudad de Buenos Aires que dispuso la pr\u00f3rroga de la prisi\u00f3n preventiva que cumple el falso abogado Marcelo D\u2019Alessio desde marzo de 2019 en el marco de una causa por extorsi\u00f3n que fue elevada a un juicio oral y p\u00fablico que comenz\u00f3 el pasado 8 de marzo, seg\u00fan informaron fuentes judiciales.<\/p>\n<p>\u00abExiste peligro de entorpecimiento del presente proceso a partir del hecho de que, precisamente, es en este estadio procesal en el que ya se han establecido qui\u00e9nes ser\u00e1n los testigos quienes habr\u00e1n de declarar en el debate oral y p\u00fablico, aunado a tal extremo las influencias de poder que podr\u00eda conservar el encausado, reputadas en tal sentido en raz\u00f3n de la calidad de los sujetos que participaron de las maniobras aqu\u00ed investigadas\u00bb, se\u00f1alaron los jueces Mariano Hern\u00e1n Borinsky, Javier Carbajo y Angela Ledesma en una resoluci\u00f3n a la que tuvo acceso T\u00e9lam.<\/p>\n<p>De acuerdo a la imputaci\u00f3n, D\u2019Alessio habr\u00eda extorsionado a Gabriel Traficante para que le diera una suma de dinero a cambio de desvincularlo y borrar las pruebas que lo comprometer\u00edan de una investigaci\u00f3n en su contra en el fuero penal econ\u00f3mico, en funci\u00f3n de su supuesta calidad de agente de la AFI y los contactos que ten\u00eda en la justicia.<\/p>\n<p>Asimismo se le adjudica haberle ofrecido a Traficante a la posibilidad de frenar la menci\u00f3n de su nombre en los medios de comunicaci\u00f3n, en especial en el diario Clar\u00edn debido al v\u00ednculo con el periodista de Clar\u00edn Daniel Santoro.<\/p>\n<div class=\"block-ad-node\">\n<div>\n<p> <span>Publicidad<\/span> <\/p>\n<\/div>\n<\/div>\n<p>\u00abPor ello, corresponde homologar lo resuelto e informado por el Tribunal Oral en lo Criminal Federal nro. 2 de la ciudad de Buenos Aires, respecto de la<\/p>\n<p>pr\u00f3rroga de la prisi\u00f3n preventiva de Marcelo Sebasti\u00e1n D\u2019Alessio a partir del 6 de marzo de 2021 por el t\u00e9rmino de seis meses\u00bb, remarc\u00f3 el fallo, y de esta manara, el imputado afrontar\u00e1 el juicio en el cual se evaluar\u00e1 su responsabilidad penal, cumpliendo prisi\u00f3n preventiva.<\/p>\n<div class=\"ctaNewsNotaContainer\" readability=\"6.5\">\n<div class=\"newsletterTextContainer\" readability=\"33\">\n<p> S\u00cdNTESIS POL\u00cdTICA<\/p>\n<p> Informaci\u00f3n exclusiva y el mejor an\u00e1lisis, los lunes en tu correo.<\/p>\n<form method=\"post\" action-xhr=\"https:\/\/www.lavoz.com.ar\/newsletters\/sintesis-politica\/signup\" id=\"newsletter-signup\" class=\"newsletterForm\" target=\"_blank\" custom-validation-reporting=\"as-you-go\" on=\"submit:AMP.setState({formLoading:true});submit-success:AMP.setState({formSuccess:true})\">\n<div submit-success class=\"is-paddingless-l\" readability=\"6\"> <template type=\"amp-mustache\" readability=\"2\"><\/p>\n<p> <strong>\u00a1Gracias por suscribirte!<\/strong><\/p>\n<p> <\/template><\/div>\n<div submit-error class=\"is-paddingless-l\" readability=\"6.5\"> <template type=\"amp-mustache\" readability=\"3\"><\/p>\n<p> <strong>Ha ocurrido un error, por favor intente nuevamente m\u00e1s tarde.<\/strong><\/p>\n<p> <\/template><\/div>\n<\/form>\n<\/div>\n<\/div>\n<div>\n<p> <span>Publicidad<\/span> <\/p>\n<\/div>\n","protected":false},"excerpt":{"rendered":"<p>La Sala IV de la C\u00e1mara Federal de Casaci\u00f3n Penal homolog\u00f3 la decisi\u00f3n del Tribunal Oral en lo Criminal Federal 2 de la Ciudad de Buenos Aires que dispuso la pr\u00f3rroga de la prisi\u00f3n preventiva que cumple el falso abogado Marcelo D\u2019Alessio desde marzo de 2019 en el marco de una causa por extorsi\u00f3n que [&hellip;]<\/p>\n","protected":false},"author":1,"featured_media":2416,"comment_status":"closed","ping_status":"closed","sticky":false,"template":"","format":"standard","meta":[],"categories":[12],"tags":[],"_links":{"self":[{"href":"http:\/\/nuevacordoba.net\/index.php\/wp-json\/wp\/v2\/posts\/2415"}],"collection":[{"href":"http:\/\/nuevacordoba.net\/index.php\/wp-json\/wp\/v2\/posts"}],"about":[{"href":"http:\/\/nuevacordoba.net\/index.php\/wp-json\/wp\/v2\/types\/post"}],"author":[{"embeddable":true,"href":"http:\/\/nuevacordoba.net\/index.php\/wp-json\/wp\/v2\/users\/1"}],"replies":[{"embeddable":true,"href":"http:\/\/nuevacordoba.net\/index.php\/wp-json\/wp\/v2\/comments?post=2415"}],"version-history":[{"count":0,"href":"http:\/\/nuevacordoba.net\/index.php\/wp-json\/wp\/v2\/posts\/2415\/revisions"}],"wp:featuredmedia":[{"embeddable":true,"href":"http:\/\/nuevacordoba.net\/index.php\/wp-json\/wp\/v2\/media\/2416"}],"wp:attachment":[{"href":"http:\/\/nuevacordoba.net\/index.php\/wp-json\/wp\/v2\/media?parent=2415"}],"wp:term":[{"taxonomy":"category","embeddable":true,"href":"http:\/\/nuevacordoba.net\/index.php\/wp-json\/wp\/v2\/categories?post=2415"},{"taxonomy":"post_tag","embeddable":true,"href":"http:\/\/nuevacordoba.net\/index.php\/wp-json\/wp\/v2\/tags?post=2415"}],"curies":[{"name":"wp","href":"https:\/\/api.w.org\/{rel}","templated":true}]}}