{"id":2419,"date":"2021-03-24T03:02:51","date_gmt":"2021-03-24T03:02:51","guid":{"rendered":"https:\/\/puntoapunto.com.ar\/?p=275057"},"modified":"2021-03-24T03:02:51","modified_gmt":"2021-03-24T03:02:51","slug":"macri-vidal-y-el-zoom-el-combo-explosivo-en-juntos-por-el-cambio","status":"publish","type":"post","link":"http:\/\/nuevacordoba.net\/index.php\/2021\/03\/24\/macri-vidal-y-el-zoom-el-combo-explosivo-en-juntos-por-el-cambio\/","title":{"rendered":"Macri, Vidal y el Zoom, el combo explosivo en Juntos por el Cambio"},"content":{"rendered":"<p><!-- image --><\/p>\n<div class=\"td-post-featured-image\"><a href=\"http:\/\/nuevacordoba.net\/wp-content\/uploads\/2021\/03\/macri-vidal-y-el-zoom-el-combo-explosivo-en-juntos-por-el-cambio-7.jpg\" data-caption><img loading=\"lazy\" width=\"696\" height=\"464\" class=\"entry-thumb td-modal-image\" src=\"http:\/\/nuevacordoba.net\/wp-content\/uploads\/2021\/03\/macri-vidal-y-el-zoom-el-combo-explosivo-en-juntos-por-el-cambio.jpg\" srcset=\"http:\/\/nuevacordoba.net\/wp-content\/uploads\/2021\/03\/macri-vidal-y-el-zoom-el-combo-explosivo-en-juntos-por-el-cambio.jpg 696w, http:\/\/nuevacordoba.net\/wp-content\/uploads\/2021\/03\/macri-vidal-y-el-zoom-el-combo-explosivo-en-juntos-por-el-cambio-1.jpg 300w, http:\/\/nuevacordoba.net\/wp-content\/uploads\/2021\/03\/macri-vidal-y-el-zoom-el-combo-explosivo-en-juntos-por-el-cambio-2.jpg 1024w, http:\/\/nuevacordoba.net\/wp-content\/uploads\/2021\/03\/macri-vidal-y-el-zoom-el-combo-explosivo-en-juntos-por-el-cambio-3.jpg 768w, http:\/\/nuevacordoba.net\/wp-content\/uploads\/2021\/03\/macri-vidal-y-el-zoom-el-combo-explosivo-en-juntos-por-el-cambio-4.jpg 150w, http:\/\/nuevacordoba.net\/wp-content\/uploads\/2021\/03\/macri-vidal-y-el-zoom-el-combo-explosivo-en-juntos-por-el-cambio-5.jpg 1068w, http:\/\/nuevacordoba.net\/wp-content\/uploads\/2021\/03\/macri-vidal-y-el-zoom-el-combo-explosivo-en-juntos-por-el-cambio-6.jpg 630w, http:\/\/nuevacordoba.net\/wp-content\/uploads\/2021\/03\/macri-vidal-y-el-zoom-el-combo-explosivo-en-juntos-por-el-cambio-7.jpg 1500w\" sizes=\"(max-width: 696px) 100vw, 696px\" alt title=\"Vidal apertura\"><\/a><\/div>\n<p> <!-- content --><\/p>\n<div class=\"td-a-rec td-a-rec-id-content_top tdi_66_47c td_block_template_10\">\n<div class=\"g g-34\">\n<div class=\"g-single a-299\"><a class=\"gofollow\" data-track=\"Mjk5LDM0LDEsNjA=\" href=\"http:\/\/www.grupocanter.com.ar\/landing\/blanqueo\/pap\/?utm_source=Punto%20a%20Punto&amp;utm_medium=Banners&amp;utm_campaign=Blanqueo&amp;utm_term=950x187\"><img src=\"http:\/\/nuevacordoba.net\/wp-content\/uploads\/2021\/03\/macri-vidal-y-el-zoom-el-combo-explosivo-en-juntos-por-el-cambio.gif\"><\/a><\/div>\n<\/div>\n<\/div>\n<p>En Juntos por el Cambio, despu\u00e9s de d\u00edas cargados y con agenda activa, buena parte de los socios coincide en algo: \u201carranc\u00f3 la temporada de codazos\u201d. La irrupci\u00f3n del expresidente Mauricio Macri, con la presentaci\u00f3n de su libro Primer Tiempo, sumado al arribo de la exgobernadora Mar\u00eda Eugenia Vidal el lunes pasado en la Fundaci\u00f3n Mediterr\u00e1nea; las esquirlas de las internas del radicalismo -en C\u00f3rdoba y Buenos Aires- y el pol\u00e9mico Zoom con el expresidente encabezando la reuni\u00f3n desde su cuarto, conformaron la tormenta perfecta para la coalici\u00f3n en la previa a los primeros bocetos para definir las listas en las Legislativas.<\/p>\n<p>Y el rol de oposici\u00f3n, a diferencia de lo que ocurr\u00eda antes del 2015, con la figura de Macri en aquel momento como l\u00edder del espacio y sin compa\u00f1eros de protagonismo con peso, hoy tiene a dirigentes que se le plantan al expresidente. Y le discuten no s\u00f3lo el liderazgo sino que tambi\u00e9n amenazan con poner l\u00edmites a una nueva aventura del hijo de Franco.<\/p>\n<p>De hecho, un ejemplo de ello fue el malestar que provoc\u00f3 la imagen de Macri el lunes en la reuni\u00f3n habitual de la mesa nacional de JxC hablando desde su habitaci\u00f3n a las 9:30 de la ma\u00f1ana.<\/p>\n<p>Por lo que, si algo qued\u00f3 claro el lunes despu\u00e9s del paso de Vidal por C\u00f3rdoba, es que el c\u00edrculo rojo acentu\u00f3 la toma de distancia con respecto al expresidente. Aunque, a decir verdad, no son s\u00f3lo los empresarios los que arrancaron con la etapa de distanciamiento obligatorio del hombre del PRO: tambi\u00e9n dirigentes que estuvieron el jueves pasado en el lanzamiento de su libro se fueron por lo bajo marcando serias diferencias entre \u00e9l y Horacio Rodr\u00edguez Larreta.<\/p>\n<p>\u201cUno transpira gesti\u00f3n, se muestra activo y sabe que tiene para crecer; el otro, se pas\u00f3 de relajado y da la sensaci\u00f3n que est\u00e1 empezando a negociar el 41% m\u00e1s que buscando un futuro con su nombre en las urnas\u201d, defini\u00f3 un dirigente con peso dentro de los socios cordobeses a Punto a Punto.<\/p>\n<h4><strong>\u00bfEl fin de la grieta?<\/strong><\/h4>\n<p>No en lo inmediato, es cierto; pero a futuro, no son pocos los dirigentes en JxC que apuestan a saltar la grieta entre Macri y CFK. Y a ese barco se est\u00e1n subiendo tambi\u00e9n empresarios cordobeses que \u2018compraron\u2019 el paquete de MM en 2015 pero que ahora ya le miraron la etiqueta del vencimiento y prefieren dejarlo en la g\u00f3ndola.<\/p>\n<p>Es m\u00e1s, entre los que estuvieron el lunes en la Fundaci\u00f3n Mediterr\u00e1nea, varios hasta se mostraron ap\u00e1ticos con la exgobernadora bonaerense. \u201cEn C\u00f3rdoba lo ven con m\u00e1s certezas al Pelado\u201d, dijo un operador del PRO en territorio mediterr\u00e1neo y suma a su teor\u00eda: \u201cpor eso Horacio no baja ya: porque sabe que, sin venir, crece, y cuando lo haga ser\u00e1 para mostrar algo. No es de los tipos que vendr\u00eda s\u00f3lo por la foto\u201d.<\/p>\n<p>En la misma l\u00ednea, entre aquellos que respaldan a Larreta, est\u00e1n tambi\u00e9n quienes esperan un \u2018correctivo\u2019 a Patricia Bullrich, la exministra de Seguridad de la Naci\u00f3n, hoy titular<\/p>\n<p>del PRO y quien dice lo que Macri evita. Ajusta, donde Mauricio distiende; y abraza, al que Mauricio suelta. Para que nadie se corte por afuera.<\/p>\n<p>\u201cA Bullrich le est\u00e1n dando aire y manda mensajes, tanto hacia adentro como hacia afuera. Entonces, si escucha que (Gabriel) Frizza est\u00e1 enojado, lo llama y se saca la foto. O si se entera que a la Coneja (H\u00e9ctor Baldassi) lo llam\u00f3 Javier Milei, ella le hace un llamadito para refrescarle un par de cosas. Ahora, cuando levanta en contra de alg\u00fan top, no gusta\u201d, dicen.<\/p>\n<p>Larreta es distinto. Por eso a los macristas cordobeses les hizo saber que quiere saber con qu\u00e9 fierros cuenta cada uno; enti\u00e9ndase por esto encuesta, Big Data, georreferenciaci\u00f3n, todo. All\u00e1 tambi\u00e9n est\u00e1n los que no compran m\u00e1s buzones.<\/p>\n<h4><strong>Ausencia schiarettista<\/strong><\/h4>\n<p>A diferencia de otras ocasiones, en las que los dirigentes nacionales del PRO eran escoltados por funcionarios provinciales, en esta oportunidad hubo ausencia de schiarettistas de primera y segunda l\u00ednea.<\/p>\n<p>Si bien est\u00e1n los que destacan la presencialidad acotada por tratarse del primer evento en pandemia, la nueva normalidad tiene al cordobesismo alejado del cotill\u00f3n amarillo.<\/p>\n<p>Nadie duda que, a pesar de tratarse de listados de invitados reducidos, si alg\u00fan funcionario provincial de primera l\u00ednea quer\u00eda estar, ten\u00eda un lugar asegurado. \u201cEl Gringo est\u00e1 haciendo equilibrio por lo que se viene. Hoy (por el lunes) se acerca a nosotros por biocombustibles en el Congreso pero mira lo que pasa con el PJ y Alberto. Para eso viajaron peronistas de ac\u00e1 a Buenos Aires\u201d, dijo un diputado de JxC.<\/p>\n<p>El delgado equilibrio lo tiene a Schiaretti alejado de los extremos, y vale para Macri, Cristina o Vidal. La pregunta es qu\u00e9 pasar\u00e1 cuando el invitado sea Larreta, con el que tambi\u00e9n se manda mensajes por WhatsApp, al igual que lo hac\u00eda con el expresidente.<\/p>\n<p> No tags for this post. <!-- A generated by theme --> <!-- end A --> <\/p>\n","protected":false},"excerpt":{"rendered":"<p>En Juntos por el Cambio, despu\u00e9s de d\u00edas cargados y con agenda activa, buena parte de los socios coincide en algo: \u201carranc\u00f3 la temporada de codazos\u201d. La irrupci\u00f3n del expresidente Mauricio Macri, con la presentaci\u00f3n de su libro Primer Tiempo, sumado al arribo de la exgobernadora Mar\u00eda Eugenia Vidal el lunes pasado en la Fundaci\u00f3n [&hellip;]<\/p>\n","protected":false},"author":1,"featured_media":2420,"comment_status":"open","ping_status":"closed","sticky":false,"template":"","format":"standard","meta":[],"categories":[14],"tags":[],"_links":{"self":[{"href":"http:\/\/nuevacordoba.net\/index.php\/wp-json\/wp\/v2\/posts\/2419"}],"collection":[{"href":"http:\/\/nuevacordoba.net\/index.php\/wp-json\/wp\/v2\/posts"}],"about":[{"href":"http:\/\/nuevacordoba.net\/index.php\/wp-json\/wp\/v2\/types\/post"}],"author":[{"embeddable":true,"href":"http:\/\/nuevacordoba.net\/index.php\/wp-json\/wp\/v2\/users\/1"}],"replies":[{"embeddable":true,"href":"http:\/\/nuevacordoba.net\/index.php\/wp-json\/wp\/v2\/comments?post=2419"}],"version-history":[{"count":0,"href":"http:\/\/nuevacordoba.net\/index.php\/wp-json\/wp\/v2\/posts\/2419\/revisions"}],"wp:featuredmedia":[{"embeddable":true,"href":"http:\/\/nuevacordoba.net\/index.php\/wp-json\/wp\/v2\/media\/2420"}],"wp:attachment":[{"href":"http:\/\/nuevacordoba.net\/index.php\/wp-json\/wp\/v2\/media?parent=2419"}],"wp:term":[{"taxonomy":"category","embeddable":true,"href":"http:\/\/nuevacordoba.net\/index.php\/wp-json\/wp\/v2\/categories?post=2419"},{"taxonomy":"post_tag","embeddable":true,"href":"http:\/\/nuevacordoba.net\/index.php\/wp-json\/wp\/v2\/tags?post=2419"}],"curies":[{"name":"wp","href":"https:\/\/api.w.org\/{rel}","templated":true}]}}