{"id":2421,"date":"2021-03-24T22:47:05","date_gmt":"2021-03-24T22:47:05","guid":{"rendered":"http:\/\/nuevacordoba.net\/index.php\/2021\/03\/24\/lopez-el-documental-que-retrata-al-fotografo-argentino-llega-al-gaumont\/"},"modified":"2021-03-24T22:47:05","modified_gmt":"2021-03-24T22:47:05","slug":"lopez-el-documental-que-retrata-al-fotografo-argentino-llega-al-gaumont","status":"publish","type":"post","link":"http:\/\/nuevacordoba.net\/index.php\/2021\/03\/24\/lopez-el-documental-que-retrata-al-fotografo-argentino-llega-al-gaumont\/","title":{"rendered":"\u00abL\u00f3pez\u00bb: el documental que retrata al fot\u00f3grafo argentino llega al Gaumont"},"content":{"rendered":"<div class=\"image\" id=\"image\" readability=\"7\"> <img src=\"http:\/\/nuevacordoba.net\/wp-content\/uploads\/2021\/03\/lopez-el-documental-que-retrata-al-fotografo-argentino-llega-al-gaumont.jpg\" alt=\"La cinta fue dirigida por Ulises Rosell y producida por Araque Rodr\u00edguez y Esteban Lucangioli.\" title=\"La cinta fue dirigida por Ulises Rosell y producida por Araque Rodr\u00edguez y Esteban Lucangioli.\"><\/p>\n<p>La cinta fue dirigida por Ulises Rosell y producida por Araque Rodr\u00edguez y Esteban Lucangioli.<\/p>\n<\/div>\n<p>El documental argentino \u00abL\u00f3pez\u00bb, que retrata de una forma intimista y cotidiana al fot\u00f3grafo ganador del premio Konex de Platino a la trayectoria Marcos L\u00f3pez, llegar\u00e1 este jueves al cine Gaumont y a la plataforma de streaming Cine.ar luego de su estreno en la 22da. edici\u00f3n del Festival Internacional de Cine Independiente de Buenos Aires (Bafici).<\/p>\n<p>La cinta dirigida por Ulises Rosell, realizador de \u00abEl etn\u00f3grafo\u00bb (2012) y \u00abBonanza\u00bb (2001), entre otras, se traduce en \u00abuna sensaci\u00f3n de estar viendo a dos amigos conversando\u00bb dentro de \u00abuna l\u00f3gica de confianza mutua en la que los l\u00edmites de qu\u00e9 contar y c\u00f3mo se dan de una forma muy org\u00e1nica\u00bb, afirm\u00f3 en di\u00e1logo con T\u00e9lam Araque Rodr\u00edguez, quien produjo la pel\u00edcula junto a Esteban Lucangioli.<\/p>\n<blockquote readability=\"6\">\n<p>\u00abMarcos L\u00f3pez es un artista que sabe ver y detectar en el d\u00eda a d\u00eda cosas que en general se nos escapan\u00bb<span class=\"comilla\">\u201d<\/span><\/p>\n<\/blockquote>\n<p>\u00abEs una pel\u00edcula que nos hace mirar hacia adentro y nos espeja un poco con Marcos, que tiene la capacidad, dentro de su desorden, o justamente a trav\u00e9s de \u00e9l, de ordenar muchas ideas y conceptos que en general no tienen un borde definido para el resto nosotros\u00bb, agreg\u00f3 Rodr\u00edguez.<\/p>\n<p><strong>Para crear \u00abL\u00f3pez\u00bb, Rosell sigui\u00f3 al artista durante un a\u00f1o y registr\u00f3 desde sus actividades laborales, inauguraciones en centros culturales y museos y apariciones en la radio hasta sus momentos hogare\u00f1os y sus visitas al veterinario con su perro, a la \u00f3ptica, a una sesi\u00f3n de acupuntura o al dentista.<\/strong><\/p>\n<div class=\"image-right\"> <img src=\"http:\/\/nuevacordoba.net\/wp-content\/uploads\/2021\/03\/lopez-el-documental-que-retrata-al-fotografo-argentino-llega-al-gaumont-1.jpg\" alt=\"Marcos L\u00f3pez\" title=\"Marcos L\u00f3pez\"><\/p>\n<p>Marcos L\u00f3pez<\/p>\n<\/div>\n<p>Pero adem\u00e1s, el documental capta la personalidad y la experiencia de L\u00f3pez en una etapa compleja a nivel familiar, que afecta su relaci\u00f3n con sus hijos Aliona y Aaron y su pareja, Leda, con mudanzas de por medio y la natural desestabilizaci\u00f3n de los v\u00ednculos entre ellos que trae aparejada la situaci\u00f3n.<\/p>\n<p>El protagonista, que se dedica a la fotograf\u00eda hace m\u00e1s de cuarenta a\u00f1os y luego incursion\u00f3 en otras artes pl\u00e1sticas y audiovisuales, aporta para la c\u00e1mara toda su espontaneidad y mirada cr\u00edtica sobre su alrededor y sobre s\u00ed mismo a este trabajo cuidado y humano, que a partir de lo cotidiano alcanza a indagar -con grandes dosis de humor y sin dramatizar- en lo sensible y lo \u00edntimo de esa vida.<\/p>\n<p>\u00abLa pel\u00edcula habla sobre un artista pero no se mete de lleno en &#8216;El Artista&#8217; Marcos L\u00f3pez, porque Marcos es Marcos todo el d\u00eda, desde ese lugar aparece el artista y la idea era contarlo a \u00e9l. Ulises es un documentalista incre\u00edble y tiene la capacidad de hacer desaparecer el set de filmaci\u00f3n de enfrente de tus ojos, lo he visto generar ese clima de cotidianidad incluso cuando filma ficci\u00f3n, eso es much\u00edsimo y est\u00e1 en la pel\u00edcula\u00bb, resumi\u00f3 Rodr\u00edguez.<\/p>\n<p>Por ese motivo, \u00abL\u00f3pez\u00bb no se encaja en el formato documental que recopila la obra y desarrolla la l\u00ednea de tiempo del artista, sino que elige poner el ojo -siempre con un tono l\u00fadico que por momentos se ti\u00f1e de iron\u00eda, dulzura y absurdo- en esas personas y elementos comunes que desmitifican al personaje y reconstruyen a la persona, con todos sus cambios e incertidumbres.<\/p>\n<p>Seg\u00fan coment\u00f3 Rodr\u00edguez, \u00e9l y Lucangioli se acercaron a la pel\u00edcula \u00abde una manera muy linda\u00bb, porque antes de involucrarse en el rodaje ya ten\u00edan una relaci\u00f3n cercana y de amistad con Rosell.<\/p>\n<p>\u00abCuando nos ve\u00edamos, \u00e9l me iba contando sobre sus encuentros con Marcos y sobre c\u00f3mo iba armando el proyecto, aunque hasta ah\u00ed \u00e9ramos dos colegas poni\u00e9ndose al d\u00eda sobre sus cosas, pero el entusiasmo con el que relataba sus aventuras con Marcos y conociendo su obra como cineasta, me despert\u00f3 unas ganas tremendas de ver c\u00f3mo terminaba la idea\u00bb, dijo.<\/p>\n<p>En ese sentido, el productor asegur\u00f3 que encararon el proyecto queriendo \u00abser p\u00fablico de la pel\u00edcula\u00bb, y que participar en su realizaci\u00f3n \u00abfue realmente fant\u00e1stico\u00bb, porque \u00abMarcos L\u00f3pez es un artista que sabe ver y detectar en el d\u00eda a d\u00eda cosas que en general se nos escapan, y \u00e9l tiene la habilidad de resaltar aspectos que a la mayor\u00eda nos parecen ins\u00f3litos y a la vez geniales\u00bb.<\/p>\n<blockquote readability=\"6\">\n<p>\u00abUlises es un documentalista incre\u00edble y tiene la capacidad de hacer desaparecer el set de filmaci\u00f3n de enfrente de tus ojos\u00bb<span class=\"comilla\">\u201d<\/span><\/p>\n<\/blockquote>\n<p>\u00abCuando toda esa energ\u00eda se encuentra y dialoga con un otro que tambi\u00e9n sabe ver y sabe contar, aparece algo que es maravilloso, que es un retratista retratado\u00bb, sigui\u00f3 Rodr\u00edguez.<\/p>\n<p>La elecci\u00f3n de Rosell de llevar a la pantalla esta narrativa liderada por el fot\u00f3grafo \u00abinvita a reflexionar mucho sobre uno mismo\u00bb, consider\u00f3, a trav\u00e9s de \u00ablas frases y pensamientos que L\u00f3pez va armando sobre la marcha\u00bb.<\/p>\n<div class=\"image-left\"> <img src=\"http:\/\/nuevacordoba.net\/wp-content\/uploads\/2021\/03\/lopez-el-documental-que-retrata-al-fotografo-argentino-llega-al-gaumont-2.jpg\" alt title><\/div>\n<p>\u00abQuieras o no quedan dando vueltas en la cabeza por mucho tiempo, eso no pasa siempre, y cuando pasa, es porque algo se est\u00e1 diciendo e importa. Hablando desde el punto de vista del espectador, creo que es una pel\u00edcula que nos hace mirar hacia adentro y nos espeja un poco con Marcos, que tiene la capacidad, dentro de su desorden, o justamente a trav\u00e9s de \u00e9l, de ordenar muchas ideas y conceptos que en general no tienen un borde definido para el resto nosotros\u00bb, a\u00f1adi\u00f3.<\/p>\n<p>El documental, que tuvo su estreno con dos funciones en el Bafici, llevadas a cabo el pasado 18 y el 19 de marzo en el marco de la Competencia Oficial Argentina del certamen, tuvo hasta el momento \u00abuna respuesta maravillosa por parte del p\u00fablico\u00bb, cont\u00f3 Rodr\u00edguez.<\/p>\n<p><strong>\u00abMe ha pasado una de las cosas m\u00e1s lindas que pueden pasar, que es que la gente me hable bien y hasta me recomienda nuestra propia pel\u00edcula, sin saber que es nuestra. No se me ocurre mejor elogio que ese, y esperamos que luego del estreno en salas esa tendencia contin\u00fae\u00bb<\/strong>, remarc\u00f3.<\/p>\n<p>\u00abTuvimos la suerte de que ambos eventos (el Bafici y el estreno en cines) confluyan as\u00ed que nos pone en un lugar perfecto para el lanzamiento y que la pel\u00edcula tenga la visibilidad que se merece, no s\u00f3lo en la Capital Federal sino tambi\u00e9n en el resto del pa\u00eds a trav\u00e9s de Cine.ar y las proyecciones en los distintos Espacios Incaa\u00bb, concluy\u00f3. <\/p>\n","protected":false},"excerpt":{"rendered":"<p>La cinta fue dirigida por Ulises Rosell y producida por Araque Rodr\u00edguez y Esteban Lucangioli. El documental argentino \u00abL\u00f3pez\u00bb, que retrata de una forma intimista y cotidiana al fot\u00f3grafo ganador del premio Konex de Platino a la trayectoria Marcos L\u00f3pez, llegar\u00e1 este jueves al cine Gaumont y a la plataforma de streaming Cine.ar luego de [&hellip;]<\/p>\n","protected":false},"author":1,"featured_media":2422,"comment_status":"closed","ping_status":"closed","sticky":false,"template":"","format":"standard","meta":[],"categories":[9],"tags":[],"_links":{"self":[{"href":"http:\/\/nuevacordoba.net\/index.php\/wp-json\/wp\/v2\/posts\/2421"}],"collection":[{"href":"http:\/\/nuevacordoba.net\/index.php\/wp-json\/wp\/v2\/posts"}],"about":[{"href":"http:\/\/nuevacordoba.net\/index.php\/wp-json\/wp\/v2\/types\/post"}],"author":[{"embeddable":true,"href":"http:\/\/nuevacordoba.net\/index.php\/wp-json\/wp\/v2\/users\/1"}],"replies":[{"embeddable":true,"href":"http:\/\/nuevacordoba.net\/index.php\/wp-json\/wp\/v2\/comments?post=2421"}],"version-history":[{"count":0,"href":"http:\/\/nuevacordoba.net\/index.php\/wp-json\/wp\/v2\/posts\/2421\/revisions"}],"wp:featuredmedia":[{"embeddable":true,"href":"http:\/\/nuevacordoba.net\/index.php\/wp-json\/wp\/v2\/media\/2422"}],"wp:attachment":[{"href":"http:\/\/nuevacordoba.net\/index.php\/wp-json\/wp\/v2\/media?parent=2421"}],"wp:term":[{"taxonomy":"category","embeddable":true,"href":"http:\/\/nuevacordoba.net\/index.php\/wp-json\/wp\/v2\/categories?post=2421"},{"taxonomy":"post_tag","embeddable":true,"href":"http:\/\/nuevacordoba.net\/index.php\/wp-json\/wp\/v2\/tags?post=2421"}],"curies":[{"name":"wp","href":"https:\/\/api.w.org\/{rel}","templated":true}]}}