{"id":2423,"date":"2021-03-25T02:45:41","date_gmt":"2021-03-25T02:45:41","guid":{"rendered":"http:\/\/www.bbc.com\/mundo\/noticias-internacional-56518947"},"modified":"2021-03-25T02:45:41","modified_gmt":"2021-03-25T02:45:41","slug":"kamala-harris-biden-encarga-a-la-vicepresidenta-la-crisis-humanitaria-destada-por-la-llegada-de-inmigrantes-a-la-frontera-con-mexico","status":"publish","type":"post","link":"http:\/\/nuevacordoba.net\/index.php\/2021\/03\/25\/kamala-harris-biden-encarga-a-la-vicepresidenta-la-crisis-humanitaria-destada-por-la-llegada-de-inmigrantes-a-la-frontera-con-mexico\/","title":{"rendered":"Kamala Harris: Biden encarga a la vicepresidenta la crisis humanitaria destada por la llegada de inmigrantes a la frontera con M\u00e9xico"},"content":{"rendered":"<div dir=\"ltr\" class=\"e1j2237y6 bbc-q4ibpr e57qer20\">\n<div class=\"bbc-1atl7vu e1c9i7u14\">\n<ul role=\"list\" class=\"bbc-cdrraw e1c9i7u12\">\n<li role=\"listitem\" class=\"bbc-1a3w4ok e1c9i7u11\">Redacci\u00f3n <\/li>\n<li role=\"listitem\" class=\"bbc-1p92jtu e1c9i7u10\">BBC News Mundo<\/li>\n<\/ul>\n<\/div>\n<\/div>\n<p><time datetime=\"2021-03-25\" class=\"bbc-14xtggo e4zesg50\">1 hora<\/time><\/p>\n<div dir=\"ltr\" class=\"bbc-1ka88fa e57qer20\">\n<figure class=\"bbc-1qdcvv9 e6bmn90\">\n<div dir=\"ltr\" class=\"bbc-172p16q e57qer20\">\n<div dir=\"ltr\" class=\"bbc-189y18v e57qer20\" readability=\"6.5\">\n<div data-e2e=\"image-placeholder\" class=\"bbc-1k5hvrj e1whu0\" readability=\"8\"><img srcset=\"http:\/\/nuevacordoba.net\/wp-content\/uploads\/2021\/03\/kamala-harris-biden-encarga-a-la-vicepresidenta-la-crisis-humanitaria-destada-por-la-llegada-de-inmigrantes-a-la-frontera-con-mexico-7.jpg 240w, http:\/\/nuevacordoba.net\/wp-content\/uploads\/2021\/03\/kamala-harris-biden-encarga-a-la-vicepresidenta-la-crisis-humanitaria-destada-por-la-llegada-de-inmigrantes-a-la-frontera-con-mexico-8.jpg 320w, http:\/\/nuevacordoba.net\/wp-content\/uploads\/2021\/03\/kamala-harris-biden-encarga-a-la-vicepresidenta-la-crisis-humanitaria-destada-por-la-llegada-de-inmigrantes-a-la-frontera-con-mexico-9.jpg 480w, http:\/\/nuevacordoba.net\/wp-content\/uploads\/2021\/03\/kamala-harris-biden-encarga-a-la-vicepresidenta-la-crisis-humanitaria-destada-por-la-llegada-de-inmigrantes-a-la-frontera-con-mexico-10.jpg 624w, http:\/\/nuevacordoba.net\/wp-content\/uploads\/2021\/03\/kamala-harris-biden-encarga-a-la-vicepresidenta-la-crisis-humanitaria-destada-por-la-llegada-de-inmigrantes-a-la-frontera-con-mexico-11.jpg 800w\" alt=\"Kamala Harris\" src=\"http:\/\/nuevacordoba.net\/wp-content\/uploads\/2021\/03\/kamala-harris-biden-encarga-a-la-vicepresidenta-la-crisis-humanitaria-destada-por-la-llegada-de-inmigrantes-a-la-frontera-con-mexico.jpg\" width=\"976\" class=\"bbc-fat2bc e1enwo3v0\"><\/p>\n<p role=\"text\" class=\"bbc-1s1cxbv etq3yw90\"><span class=\"bbc-1gnhmg2 e1yt7oin0\">Fuente de la imagen, <\/span><span lang=\"en-GB\">Getty Images<\/span><\/p>\n<\/div>\n<\/div>\n<div dir=\"ltr\" class=\"bbc-3edg7g e57qer20\" readability=\"6.5\"><figcaption dir=\"ltr\" class=\"bbc-1t9zlwf eede9f50\" readability=\"3\"><span class=\"bbc-1gnhmg2 e1yt7oin0\">Pie de foto, <\/span><\/p>\n<p>Harris tendr\u00e1 en sus manos la gesti\u00f3n de la migraci\u00f3n en la frontera entre Estados Unidos y M\u00e9xico.<\/p>\n<\/figcaption><\/div>\n<\/div>\n<\/figure>\n<\/div>\n<div dir=\"ltr\" class=\"bbc-19j92fr e57qer20\" readability=\"8\">\n<p dir=\"ltr\" class=\"bbc-bm53ic e1cc2ql70\"><b>Joe Biden considera que se trata de \u00abun trabajo duro\u00bb y asegura haber elegido a la \u00abpersona m\u00e1s cualificada para ejecutarlo\u00bb: Kamala Harris.<\/b><\/p>\n<\/div>\n<div dir=\"ltr\" class=\"bbc-19j92fr e57qer20\" readability=\"8\">\n<p dir=\"ltr\" class=\"bbc-bm53ic e1cc2ql70\">El presidente estadounidense encarg\u00f3 este mi\u00e9rcoles a su vicepresidenta hacerse cargo de la crisis humanitaria destada por la llegada de inmigrantes a la frontera sur del pa\u00eds.<\/p>\n<\/div>\n<div dir=\"ltr\" class=\"bbc-19j92fr e57qer20\" readability=\"11\">\n<p dir=\"ltr\" class=\"bbc-bm53ic e1cc2ql70\">Desde la llegada de Biden a la Casa Blanca se ha registrado un incremento notable en la llegada de nuevas personas, particularmente <b>menores no acompa\u00f1ados<\/b>, que est\u00e1n siendo recluidos en centros de detenci\u00f3n para inmigrantes.<\/p>\n<\/div>\n<div dir=\"ltr\" class=\"bbc-19j92fr e57qer20\" readability=\"12\">\n<p dir=\"ltr\" class=\"bbc-bm53ic e1cc2ql70\">El antecesor de Biden, Donald Trump, fue duramente criticado por el trato que su gobierno dio a los menores migrantes que llegaban por la frontera sur, en especial por su pol\u00edtica de separarlos de sus padres.<\/p>\n<\/div>\n<div dir=\"ltr\" class=\"bbc-19j92fr e57qer20\" readability=\"12\">\n<p dir=\"ltr\" class=\"bbc-bm53ic e1cc2ql70\">Desde enero, el gobierno de Biden revirti\u00f3 la pol\u00edtica de Trump de devolver en la frontera a los menores no acompa\u00f1ados y, en lugar de ello, ha optado por procesar su ingreso y buscarles un lugar con familias que los patrocinen en el pa\u00eds.<\/p>\n<\/div>\n<div dir=\"ltr\" class=\"bbc-19j92fr e57qer20\" readability=\"7\">\n<p dir=\"ltr\" class=\"bbc-bm53ic e1cc2ql70\">Pero los cr\u00edticos de Biden dicen que as\u00ed ha provocado un aumento de la migraci\u00f3n ilegal.<\/p>\n<\/div>\n<div dir=\"ltr\" class=\"bbc-1ka88fa e57qer20\">\n<figure class=\"bbc-1qdcvv9 e6bmn90\">\n<div dir=\"ltr\" class=\"bbc-172p16q e57qer20\">\n<div dir=\"ltr\" class=\"bbc-189y18v e57qer20\">\n<div data-e2e=\"image-placeholder\" class=\"bbc-1k5hvrj e1whu0\"><noscript><img srcset=\"http:\/\/nuevacordoba.net\/wp-content\/uploads\/2021\/03\/kamala-harris-biden-encarga-a-la-vicepresidenta-la-crisis-humanitaria-destada-por-la-llegada-de-inmigrantes-a-la-frontera-con-mexico-12.jpg 240w, http:\/\/nuevacordoba.net\/wp-content\/uploads\/2021\/03\/kamala-harris-biden-encarga-a-la-vicepresidenta-la-crisis-humanitaria-destada-por-la-llegada-de-inmigrantes-a-la-frontera-con-mexico-13.jpg 320w, http:\/\/nuevacordoba.net\/wp-content\/uploads\/2021\/03\/kamala-harris-biden-encarga-a-la-vicepresidenta-la-crisis-humanitaria-destada-por-la-llegada-de-inmigrantes-a-la-frontera-con-mexico-14.jpg 480w, http:\/\/nuevacordoba.net\/wp-content\/uploads\/2021\/03\/kamala-harris-biden-encarga-a-la-vicepresidenta-la-crisis-humanitaria-destada-por-la-llegada-de-inmigrantes-a-la-frontera-con-mexico-15.jpg 624w, http:\/\/nuevacordoba.net\/wp-content\/uploads\/2021\/03\/kamala-harris-biden-encarga-a-la-vicepresidenta-la-crisis-humanitaria-destada-por-la-llegada-de-inmigrantes-a-la-frontera-con-mexico-16.jpg 800w\" alt=\"Migrantes en Tijuana esperando a ser admitidos en Estados Unidos.\" src=\"http:\/\/nuevacordoba.net\/wp-content\/uploads\/2021\/03\/kamala-harris-biden-encarga-a-la-vicepresidenta-la-crisis-humanitaria-destada-por-la-llegada-de-inmigrantes-a-la-frontera-con-mexico-1.jpg\" width=\"976\" class=\"bbc-fat2bc e1enwo3v0\"><\/noscript><\/p>\n<p role=\"text\" class=\"bbc-1s1cxbv etq3yw90\"><span class=\"bbc-1gnhmg2 e1yt7oin0\">Fuente de la imagen, <\/span><span lang=\"en-GB\">AFP<\/span><\/p>\n<\/div>\n<\/div>\n<div dir=\"ltr\" class=\"bbc-3edg7g e57qer20\" readability=\"6.5\"><figcaption dir=\"ltr\" class=\"bbc-1t9zlwf eede9f50\" readability=\"3\"><span class=\"bbc-1gnhmg2 e1yt7oin0\">Pie de foto, <\/span><\/p>\n<p>Muchos de los que llegan a la frontera entre M\u00e9xico y Estados Unidos huyen de la pobreza y de la violencia.<\/p>\n<\/figcaption><\/div>\n<\/div>\n<\/figure>\n<\/div>\n<div dir=\"ltr\" class=\"bbc-19j92fr e57qer20\" readability=\"10\">\n<p dir=\"ltr\" class=\"bbc-bm53ic e1cc2ql70\">En febrero, <b>los funcionarios de aduanas de Estados Unidos detuvieron a m\u00e1s de 100.000 personas<\/b> a lo largo de la frontera sur, un aumento del 28% con respecto al mes anterior.<\/p>\n<\/div>\n<div dir=\"ltr\" class=\"bbc-19j92fr e57qer20\" readability=\"7\">\n<p dir=\"ltr\" class=\"bbc-bm53ic e1cc2ql70\"><b>\u00ab<\/b><b>Frenar <\/b><b>la migraci\u00f3n a la frontera sur\u00bb<\/b><\/p>\n<\/div>\n<div dir=\"ltr\" class=\"bbc-19j92fr e57qer20\" readability=\"15\">\n<p dir=\"ltr\" class=\"bbc-bm53ic e1cc2ql70\">Al anunciar el nombramiento de Harris como su zar de inmigraci\u00f3n, Biden dijo a los periodistas y funcionarios de la Casa Blanca: \u00abElla es la persona m\u00e1s calificada para hacerlo, para liderar nuestros esfuerzos con M\u00e9xico y el Tri\u00e1ngulo Norte [Honduras, Guatemala y El Salvador], y los pa\u00edses que van a necesitar ayuda para frenar el movimiento de tanta gente, frenar la migraci\u00f3n a nuestra frontera sur\u00bb.<\/p>\n<\/div>\n<div dir=\"ltr\" class=\"bbc-19j92fr e57qer20\" readability=\"10\">\n<p dir=\"ltr\" class=\"bbc-bm53ic e1cc2ql70\">Biden dijo que el trabajo anterior de Harris como fiscal general de California la hab\u00eda preparado para liderar este nuevo esfuerzo, y agreg\u00f3: <b>\u00abCuando<\/b><b> ella<\/b><b> habla, habla por m\u00ed\u00bb<\/b>.<\/p>\n<\/div>\n<div dir=\"ltr\" class=\"bbc-19j92fr e57qer20\" readability=\"10\">\n<p dir=\"ltr\" class=\"bbc-bm53ic e1cc2ql70\">En respuesta, Harris dijo: \u00abNo hace falta decir que no ser\u00e1 un trabajo f\u00e1cil, pero es un trabajo importante\u00bb.<\/p>\n<\/div>\n<div dir=\"ltr\" class=\"bbc-1ka88fa e57qer20\">\n<figure class=\"bbc-1qdcvv9 e6bmn90\">\n<div dir=\"ltr\" class=\"bbc-172p16q e57qer20\">\n<div dir=\"ltr\" class=\"bbc-189y18v e57qer20\" readability=\"6.5\">\n<div data-e2e=\"image-placeholder\" class=\"bbc-1k5hvrj e1whu0\" readability=\"8\"><noscript><img srcset=\"http:\/\/nuevacordoba.net\/wp-content\/uploads\/2021\/03\/kamala-harris-biden-encarga-a-la-vicepresidenta-la-crisis-humanitaria-destada-por-la-llegada-de-inmigrantes-a-la-frontera-con-mexico-17.jpg 240w, http:\/\/nuevacordoba.net\/wp-content\/uploads\/2021\/03\/kamala-harris-biden-encarga-a-la-vicepresidenta-la-crisis-humanitaria-destada-por-la-llegada-de-inmigrantes-a-la-frontera-con-mexico-18.jpg 320w, http:\/\/nuevacordoba.net\/wp-content\/uploads\/2021\/03\/kamala-harris-biden-encarga-a-la-vicepresidenta-la-crisis-humanitaria-destada-por-la-llegada-de-inmigrantes-a-la-frontera-con-mexico-19.jpg 480w, http:\/\/nuevacordoba.net\/wp-content\/uploads\/2021\/03\/kamala-harris-biden-encarga-a-la-vicepresidenta-la-crisis-humanitaria-destada-por-la-llegada-de-inmigrantes-a-la-frontera-con-mexico-20.jpg 624w, http:\/\/nuevacordoba.net\/wp-content\/uploads\/2021\/03\/kamala-harris-biden-encarga-a-la-vicepresidenta-la-crisis-humanitaria-destada-por-la-llegada-de-inmigrantes-a-la-frontera-con-mexico-21.jpg 800w\" alt=\"Kamala Harris y Joe Biden\" src=\"http:\/\/nuevacordoba.net\/wp-content\/uploads\/2021\/03\/kamala-harris-biden-encarga-a-la-vicepresidenta-la-crisis-humanitaria-destada-por-la-llegada-de-inmigrantes-a-la-frontera-con-mexico-2.jpg\" width=\"976\" class=\"bbc-fat2bc e1enwo3v0\"><\/noscript><\/p>\n<p role=\"text\" class=\"bbc-1s1cxbv etq3yw90\"><span class=\"bbc-1gnhmg2 e1yt7oin0\">Fuente de la imagen, <\/span><span lang=\"en-GB\">Getty Images<\/span><\/p>\n<\/div>\n<\/div>\n<div dir=\"ltr\" class=\"bbc-3edg7g e57qer20\" readability=\"6\"><figcaption dir=\"ltr\" class=\"bbc-1t9zlwf eede9f50\" readability=\"2\"><span class=\"bbc-1gnhmg2 e1yt7oin0\">Pie de foto, <\/span><\/p>\n<p>Harris recibi\u00f3 de Biden un reto que puede catapultar o hundir su carrera pol\u00edtica.<\/p>\n<\/figcaption><\/div>\n<\/div>\n<\/figure>\n<\/div>\n<div dir=\"ltr\" class=\"bbc-19j92fr e57qer20\" readability=\"8\">\n<p dir=\"ltr\" class=\"bbc-bm53ic e1cc2ql70\">Muchos de los que llegan a la frontera de Estados Unidos vienen huyendo de la pobreza y la violencia en Centroam\u00e9rica.<\/p>\n<\/div>\n<div dir=\"ltr\" class=\"bbc-19j92fr e57qer20\" readability=\"9\">\n<p dir=\"ltr\" class=\"bbc-bm53ic e1cc2ql70\">En una entrevista con la cadena CBS este mi\u00e9rcoles, Harris dijo que era necesario \u00ab<b>abordar las causas fundamentales&#8230; de lo que est\u00e1 sucediendo en el Tri\u00e1ngulo del Norte<\/b>\u00ab.<\/p>\n<\/div>\n<div dir=\"ltr\" class=\"bbc-19j92fr e57qer20\" readability=\"8\">\n<p dir=\"ltr\" class=\"bbc-bm53ic e1cc2ql70\">Indic\u00f3 que hay que gestionar la ayuda estadounidense de manera que contribuya al desarrollo de ese pa\u00edses para que tambi\u00e9n sea tratada la causa de por qu\u00e9 la gente est\u00e1 llegando.<\/p>\n<\/div>\n<div dir=\"ltr\" class=\"bbc-1ka88fa e57qer20\">\n<figure class=\"bbc-1qdcvv9 e6bmn90\">\n<div dir=\"ltr\" class=\"bbc-172p16q e57qer20\">\n<div dir=\"ltr\" class=\"bbc-189y18v e57qer20\">\n<div data-e2e=\"image-placeholder\" class=\"bbc-uhmmqj e1whu0\"><noscript><img srcset=\"http:\/\/nuevacordoba.net\/wp-content\/uploads\/2021\/03\/kamala-harris-biden-encarga-a-la-vicepresidenta-la-crisis-humanitaria-destada-por-la-llegada-de-inmigrantes-a-la-frontera-con-mexico-22.jpg 240w, http:\/\/nuevacordoba.net\/wp-content\/uploads\/2021\/03\/kamala-harris-biden-encarga-a-la-vicepresidenta-la-crisis-humanitaria-destada-por-la-llegada-de-inmigrantes-a-la-frontera-con-mexico-23.jpg 320w, http:\/\/nuevacordoba.net\/wp-content\/uploads\/2021\/03\/kamala-harris-biden-encarga-a-la-vicepresidenta-la-crisis-humanitaria-destada-por-la-llegada-de-inmigrantes-a-la-frontera-con-mexico-24.jpg 480w, http:\/\/nuevacordoba.net\/wp-content\/uploads\/2021\/03\/kamala-harris-biden-encarga-a-la-vicepresidenta-la-crisis-humanitaria-destada-por-la-llegada-de-inmigrantes-a-la-frontera-con-mexico-25.jpg 624w\" alt=\"Grey line\" src=\"http:\/\/nuevacordoba.net\/wp-content\/uploads\/2021\/03\/kamala-harris-biden-encarga-a-la-vicepresidenta-la-crisis-humanitaria-destada-por-la-llegada-de-inmigrantes-a-la-frontera-con-mexico-3.jpg\" width=\"624\" class=\"bbc-fat2bc e1enwo3v0\"><\/noscript><\/div>\n<\/div>\n<\/div>\n<\/figure>\n<\/div>\n<p><h2 id=\"Una-cartera-llena-de-oportunidades-pol\u00edticas-y-peligros\" tabindex=\"-1\" class=\"bbc-l3e97o e14hemmw0\">Una cartera llena de oportunidades pol\u00edticas y peligros<\/h2>\n<\/p>\n<div dir=\"ltr\" class=\"bbc-19j92fr e57qer20\" readability=\"8\">\n<p dir=\"ltr\" class=\"bbc-bm53ic e1cc2ql70\"><i class=\"bbc-h1y5j7 ewc4zcb0\"><b>An\u00e1lisis de Anthony Zurcher, reportero de la BBC en Am\u00e9rica del Norte<\/b><\/i><\/p>\n<\/div>\n<div dir=\"ltr\" class=\"bbc-19j92fr e57qer20\" readability=\"11\">\n<p dir=\"ltr\" class=\"bbc-bm53ic e1cc2ql70\">Durante los dos primeros meses del gobierno de Biden, la vicepresidenta Harris ten\u00eda el aspecto de una suplente presidencial, acompa\u00f1aba a su jefe a eventos importantes pero nunca se convert\u00eda en el centro de atenci\u00f3n por s\u00ed misma.<\/p>\n<\/div>\n<div dir=\"ltr\" class=\"bbc-19j92fr e57qer20\">\n<p dir=\"ltr\" class=\"bbc-bm53ic e1cc2ql70\">Eso acaba de cambiar.<\/p>\n<\/div>\n<div dir=\"ltr\" class=\"bbc-19j92fr e57qer20\" readability=\"11\">\n<p dir=\"ltr\" class=\"bbc-bm53ic e1cc2ql70\">Al ponerla a cargo de abordar la creciente crisis humanitaria en la frontera entre Estados Unidos y M\u00e9xico, Biden le ha dado a Harris una cartera significativa, <b>llena de oportunidades pol\u00edticas y de peligros. <\/b><\/p>\n<\/div>\n<div dir=\"ltr\" class=\"bbc-19j92fr e57qer20\" readability=\"9\">\n<p dir=\"ltr\" class=\"bbc-bm53ic e1cc2ql70\">Su desaf\u00edo es demostrar que hay una manera de detener la marea de inmigrantes indocumentados que llegan a Estados Unidos desde Centroam\u00e9rica sin recurrir a lo que los dem\u00f3cratas caracterizan como pol\u00edticas draconianas de la administraci\u00f3n Trump.<\/p>\n<\/div>\n<div dir=\"ltr\" class=\"bbc-19j92fr e57qer20\" readability=\"11\">\n<p dir=\"ltr\" class=\"bbc-bm53ic e1cc2ql70\">Si tiene \u00e9xito, Harris desactivar\u00e1 un tema que el Partido Republicano -y Donald Trump, en particular- ha utilizado como un arma pol\u00edtica eficaz contra el Partido Dem\u00f3crata y se ganar\u00e1 la gratitud de influyentes activistas de inmigraci\u00f3n.<\/p>\n<\/div>\n<div dir=\"ltr\" class=\"bbc-19j92fr e57qer20\" readability=\"9\">\n<p dir=\"ltr\" class=\"bbc-bm53ic e1cc2ql70\"><b>Si fracasa, las consecuencias pol\u00edticas subsiguientes podr\u00edan descarrilar la presidencia de Biden<\/b> y eclipsar todos sus logros iniciales.<\/p>\n<\/div>\n<div dir=\"ltr\" class=\"bbc-19j92fr e57qer20\" readability=\"12\">\n<p dir=\"ltr\" class=\"bbc-bm53ic e1cc2ql70\">Biden presumi\u00f3 de que Harris, como ex fiscal general de California, es la persona \u00abm\u00e1s cualificada\u00bb para manejar los complejos desaf\u00edos pol\u00edticos, log\u00edsticos y diplom\u00e1ticos que presenta este tema de inmigraci\u00f3n.<\/p>\n<\/div>\n<div dir=\"ltr\" class=\"bbc-19j92fr e57qer20\" readability=\"8\">\n<p dir=\"ltr\" class=\"bbc-bm53ic e1cc2ql70\">Harris ahora tiene la oportunidad de probarlo y pulir cualquier credencial presidencial futura en el camino.<\/p>\n<\/div>\n<div dir=\"ltr\" class=\"bbc-1ka88fa e57qer20\">\n<figure class=\"bbc-1qdcvv9 e6bmn90\">\n<div dir=\"ltr\" class=\"bbc-172p16q e57qer20\">\n<div dir=\"ltr\" class=\"bbc-189y18v e57qer20\">\n<div data-e2e=\"image-placeholder\" class=\"bbc-uhmmqj e1whu0\"><noscript><img srcset=\"http:\/\/nuevacordoba.net\/wp-content\/uploads\/2021\/03\/kamala-harris-biden-encarga-a-la-vicepresidenta-la-crisis-humanitaria-destada-por-la-llegada-de-inmigrantes-a-la-frontera-con-mexico-22.jpg 240w, http:\/\/nuevacordoba.net\/wp-content\/uploads\/2021\/03\/kamala-harris-biden-encarga-a-la-vicepresidenta-la-crisis-humanitaria-destada-por-la-llegada-de-inmigrantes-a-la-frontera-con-mexico-23.jpg 320w, http:\/\/nuevacordoba.net\/wp-content\/uploads\/2021\/03\/kamala-harris-biden-encarga-a-la-vicepresidenta-la-crisis-humanitaria-destada-por-la-llegada-de-inmigrantes-a-la-frontera-con-mexico-24.jpg 480w, http:\/\/nuevacordoba.net\/wp-content\/uploads\/2021\/03\/kamala-harris-biden-encarga-a-la-vicepresidenta-la-crisis-humanitaria-destada-por-la-llegada-de-inmigrantes-a-la-frontera-con-mexico-25.jpg 624w\" alt=\"Grey line\" src=\"http:\/\/nuevacordoba.net\/wp-content\/uploads\/2021\/03\/kamala-harris-biden-encarga-a-la-vicepresidenta-la-crisis-humanitaria-destada-por-la-llegada-de-inmigrantes-a-la-frontera-con-mexico-3.jpg\" width=\"624\" class=\"bbc-fat2bc e1enwo3v0\"><\/noscript><\/div>\n<\/div>\n<\/div>\n<\/figure>\n<\/div>\n<p><h2 id=\"Menores-en-centros-de-detenci\u00f3n\" tabindex=\"-1\" class=\"bbc-l3e97o e14hemmw0\">Menores en centros de detenci\u00f3n<\/h2>\n<\/p>\n<div dir=\"ltr\" class=\"bbc-19j92fr e57qer20\" readability=\"10\">\n<p dir=\"ltr\" class=\"bbc-bm53ic e1cc2ql70\">A principios de esta semana, se divulgaron im\u00e1genes de un centro de detenci\u00f3n en Texas que mostraban a <b>menores<\/b><b> a<\/b><b>golpados <\/b><b>en habitaciones <\/b><b>atestadas<\/b> y separadas por unas cortinas transparentes de pl\u00e1stico.<\/p>\n<\/div>\n<div dir=\"ltr\" class=\"bbc-19j92fr e57qer20\" readability=\"7\">\n<p dir=\"ltr\" class=\"bbc-bm53ic e1cc2ql70\">Dorm\u00edan sobre delgados colchones en el suelo bajo mantas de aluminio.<\/p>\n<\/div>\n<div dir=\"ltr\" class=\"bbc-1ka88fa e57qer20\">\n<figure class=\"bbc-1qdcvv9 e6bmn90\">\n<div dir=\"ltr\" class=\"bbc-172p16q e57qer20\">\n<div dir=\"ltr\" class=\"bbc-189y18v e57qer20\" readability=\"6.5\">\n<div data-e2e=\"image-placeholder\" class=\"bbc-1k5hvrj e1whu0\" readability=\"8\"><noscript><img srcset=\"http:\/\/nuevacordoba.net\/wp-content\/uploads\/2021\/03\/kamala-harris-biden-encarga-a-la-vicepresidenta-la-crisis-humanitaria-destada-por-la-llegada-de-inmigrantes-a-la-frontera-con-mexico-26.jpg 240w, http:\/\/nuevacordoba.net\/wp-content\/uploads\/2021\/03\/kamala-harris-biden-encarga-a-la-vicepresidenta-la-crisis-humanitaria-destada-por-la-llegada-de-inmigrantes-a-la-frontera-con-mexico-27.jpg 320w, http:\/\/nuevacordoba.net\/wp-content\/uploads\/2021\/03\/kamala-harris-biden-encarga-a-la-vicepresidenta-la-crisis-humanitaria-destada-por-la-llegada-de-inmigrantes-a-la-frontera-con-mexico-28.jpg 480w, http:\/\/nuevacordoba.net\/wp-content\/uploads\/2021\/03\/kamala-harris-biden-encarga-a-la-vicepresidenta-la-crisis-humanitaria-destada-por-la-llegada-de-inmigrantes-a-la-frontera-con-mexico-29.jpg 624w, http:\/\/nuevacordoba.net\/wp-content\/uploads\/2021\/03\/kamala-harris-biden-encarga-a-la-vicepresidenta-la-crisis-humanitaria-destada-por-la-llegada-de-inmigrantes-a-la-frontera-con-mexico-30.jpg 800w\" alt=\"Menores migrantes encerrados en un centro de detenci\u00f3n atestado\" src=\"http:\/\/nuevacordoba.net\/wp-content\/uploads\/2021\/03\/kamala-harris-biden-encarga-a-la-vicepresidenta-la-crisis-humanitaria-destada-por-la-llegada-de-inmigrantes-a-la-frontera-con-mexico-4.jpg\" width=\"976\" class=\"bbc-fat2bc e1enwo3v0\"><\/noscript><\/p>\n<p role=\"text\" class=\"bbc-1s1cxbv etq3yw90\"><span class=\"bbc-1gnhmg2 e1yt7oin0\">Fuente de la imagen, <\/span><span lang=\"en-GB\">Reuters<\/span><\/p>\n<\/div>\n<\/div>\n<div dir=\"ltr\" class=\"bbc-3edg7g e57qer20\" readability=\"6.5\"><figcaption dir=\"ltr\" class=\"bbc-1t9zlwf eede9f50\" readability=\"3\"><span class=\"bbc-1gnhmg2 e1yt7oin0\">Pie de foto, <\/span><\/p>\n<p>Las im\u00e1genes de menores migrantes encerrados en un centro de detenci\u00f3n atestado generaron dudas sobre la forma como el nuevo gobierno est\u00e1 gestionando la crisis migratoria.<\/p>\n<\/figcaption><\/div>\n<\/div>\n<\/figure>\n<\/div>\n<div dir=\"ltr\" class=\"bbc-19j92fr e57qer20\" readability=\"11\">\n<p dir=\"ltr\" class=\"bbc-bm53ic e1cc2ql70\">Las fotograf\u00edas proced\u00edan de un centro administrado por el gobierno federal en la ciudad de Donna (Texas), en la frontera entre Estados Unidos y M\u00e9xico, con capacidad para albergar a 1.000 personas.<\/p>\n<\/div>\n<div dir=\"ltr\" class=\"bbc-19j92fr e57qer20\" readability=\"11\">\n<p dir=\"ltr\" class=\"bbc-bm53ic e1cc2ql70\">Las fotos, que se dice que fueron tomadas el fin de semana pasado, tambi\u00e9n suscitaron preocupaci\u00f3n por las <b>dudas sobre <\/b><b>cu\u00e1nto <\/b><b>del <\/b><b>distanciamiento social<\/b> exigido para detener las pandemia de coronavirus se estaba manteniendo en ese centro.<\/p>\n<\/div>\n<div dir=\"ltr\" class=\"bbc-19j92fr e57qer20\" readability=\"9\">\n<p dir=\"ltr\" class=\"bbc-bm53ic e1cc2ql70\">Desde que Biden asumi\u00f3 la presidencia, <b>n<\/b><b>o se ha permitido que los periodistas ingresen a los centros de detenci\u00f3n <\/b>aunque la Casa Blanca ha dicho que podr\u00e1n hacerlo.<\/p>\n<\/div>\n<div dir=\"ltr\" class=\"bbc-19j92fr e57qer20\" readability=\"12\">\n<p dir=\"ltr\" class=\"bbc-bm53ic e1cc2ql70\">Este mi\u00e9rcoles, la secretaria de prensa de la Casa Blanca, Jen Psaki, dijo que el gobierno est\u00e1 \u00abcomprometido con la transparencia y continuaremos trabajando con las agencias federales para crear v\u00edas para el acceso de los medios y hacer visible el interior de estas instalaciones\u00bb.<\/p>\n<\/div>\n<div dir=\"ltr\" class=\"bbc-1ka88fa e57qer20\">\n<figure class=\"bbc-1qdcvv9 e6bmn90\">\n<div dir=\"ltr\" class=\"bbc-172p16q e57qer20\">\n<div dir=\"ltr\" class=\"bbc-189y18v e57qer20\">\n<div data-e2e=\"image-placeholder\" class=\"bbc-uhmmqj e1whu0\"><noscript><img srcset=\"http:\/\/nuevacordoba.net\/wp-content\/uploads\/2021\/03\/kamala-harris-biden-encarga-a-la-vicepresidenta-la-crisis-humanitaria-destada-por-la-llegada-de-inmigrantes-a-la-frontera-con-mexico-22.jpg 240w, http:\/\/nuevacordoba.net\/wp-content\/uploads\/2021\/03\/kamala-harris-biden-encarga-a-la-vicepresidenta-la-crisis-humanitaria-destada-por-la-llegada-de-inmigrantes-a-la-frontera-con-mexico-23.jpg 320w, http:\/\/nuevacordoba.net\/wp-content\/uploads\/2021\/03\/kamala-harris-biden-encarga-a-la-vicepresidenta-la-crisis-humanitaria-destada-por-la-llegada-de-inmigrantes-a-la-frontera-con-mexico-24.jpg 480w, http:\/\/nuevacordoba.net\/wp-content\/uploads\/2021\/03\/kamala-harris-biden-encarga-a-la-vicepresidenta-la-crisis-humanitaria-destada-por-la-llegada-de-inmigrantes-a-la-frontera-con-mexico-25.jpg 624w\" alt=\"Grey line\" src=\"http:\/\/nuevacordoba.net\/wp-content\/uploads\/2021\/03\/kamala-harris-biden-encarga-a-la-vicepresidenta-la-crisis-humanitaria-destada-por-la-llegada-de-inmigrantes-a-la-frontera-con-mexico-3.jpg\" width=\"624\" class=\"bbc-fat2bc e1enwo3v0\"><\/noscript><\/div>\n<\/div>\n<\/div>\n<\/figure>\n<\/div>\n<p><h2 id=\"No-somos-colonia\" tabindex=\"-1\" class=\"bbc-l3e97o e14hemmw0\">\u00abNo somos colonia\u00bb<\/h2>\n<\/p>\n<div dir=\"ltr\" class=\"bbc-19j92fr e57qer20\" readability=\"12\">\n<p dir=\"ltr\" class=\"bbc-bm53ic e1cc2ql70\">El presidente de M\u00e9xico, Andr\u00e9s Manuel L\u00f3pez Obrador, descart\u00f3 este martes que M\u00e9xico vaya a incrementar el control migratorio sobre su frontera norte a cambio del pr\u00e9stamo de 2,7 millones de dosis de vacunas de AstraZeneca contra el covid-19 que obtendr\u00e1 de Estados Unidos.<\/p>\n<\/div>\n<div dir=\"ltr\" class=\"bbc-1ka88fa e57qer20\">\n<figure class=\"bbc-1qdcvv9 e6bmn90\">\n<div dir=\"ltr\" class=\"bbc-172p16q e57qer20\">\n<div dir=\"ltr\" class=\"bbc-189y18v e57qer20\" readability=\"6.5\">\n<div data-e2e=\"image-placeholder\" class=\"bbc-1k5hvrj e1whu0\" readability=\"8\"><noscript><img srcset=\"http:\/\/nuevacordoba.net\/wp-content\/uploads\/2021\/03\/kamala-harris-biden-encarga-a-la-vicepresidenta-la-crisis-humanitaria-destada-por-la-llegada-de-inmigrantes-a-la-frontera-con-mexico-31.jpg 240w, http:\/\/nuevacordoba.net\/wp-content\/uploads\/2021\/03\/kamala-harris-biden-encarga-a-la-vicepresidenta-la-crisis-humanitaria-destada-por-la-llegada-de-inmigrantes-a-la-frontera-con-mexico-32.jpg 320w, http:\/\/nuevacordoba.net\/wp-content\/uploads\/2021\/03\/kamala-harris-biden-encarga-a-la-vicepresidenta-la-crisis-humanitaria-destada-por-la-llegada-de-inmigrantes-a-la-frontera-con-mexico-33.jpg 480w, http:\/\/nuevacordoba.net\/wp-content\/uploads\/2021\/03\/kamala-harris-biden-encarga-a-la-vicepresidenta-la-crisis-humanitaria-destada-por-la-llegada-de-inmigrantes-a-la-frontera-con-mexico-34.jpg 624w, http:\/\/nuevacordoba.net\/wp-content\/uploads\/2021\/03\/kamala-harris-biden-encarga-a-la-vicepresidenta-la-crisis-humanitaria-destada-por-la-llegada-de-inmigrantes-a-la-frontera-con-mexico-35.jpg 800w\" alt=\"AMLO\" src=\"http:\/\/nuevacordoba.net\/wp-content\/uploads\/2021\/03\/kamala-harris-biden-encarga-a-la-vicepresidenta-la-crisis-humanitaria-destada-por-la-llegada-de-inmigrantes-a-la-frontera-con-mexico-5.jpg\" width=\"976\" class=\"bbc-fat2bc e1enwo3v0\"><\/noscript><\/p>\n<p role=\"text\" class=\"bbc-1s1cxbv etq3yw90\"><span class=\"bbc-1gnhmg2 e1yt7oin0\">Fuente de la imagen, <\/span><span lang=\"en-GB\">Getty Images<\/span><\/p>\n<\/div>\n<\/div>\n<div dir=\"ltr\" class=\"bbc-3edg7g e57qer20\" readability=\"6.5\"><figcaption dir=\"ltr\" class=\"bbc-1t9zlwf eede9f50\" readability=\"3\"><span class=\"bbc-1gnhmg2 e1yt7oin0\">Pie de foto, <\/span><\/p>\n<p>AMLO rechaz\u00f3 la idea de que M\u00e9xico vaya a aumentar su cooperaci\u00f3n en temas migratorios con Estados Unidos a cambio del pr\u00e9stamo de las vacunas de AstraZeneca.<\/p>\n<\/figcaption><\/div>\n<\/div>\n<\/figure>\n<\/div>\n<div dir=\"ltr\" class=\"bbc-19j92fr e57qer20\" readability=\"14\">\n<p dir=\"ltr\" class=\"bbc-bm53ic e1cc2ql70\">\u00abNo aceptamos nosotros visitas de supervisi\u00f3n. Si <b>no somos colonia, no somos protectorado<\/b>, M\u00e9xico es un pa\u00eds independiente, soberano, libre\u00bb, dijo AMLO durante su acostumbrada rueda de prensa matutina.<\/p>\n<\/div>\n<div dir=\"ltr\" class=\"bbc-19j92fr e57qer20\" readability=\"15\">\n<p dir=\"ltr\" class=\"bbc-bm53ic e1cc2ql70\">Ese mismo d\u00eda, el canciller mexicano, Marcelo Ebrard, y la coordinadora de la Frontera Sur de la Casa Blanca, Roberta Jacobson, encabezaron una reuni\u00f3n en Ciudad de M\u00e9xico para conversar sobre el tr\u00e1nsito migratorio desde Centroam\u00e9rica, en particular de menores de edad no acompa\u00f1ados.<\/p>\n<\/div>\n<div dir=\"ltr\" class=\"bbc-19j92fr e57qer20\" readability=\"8\">\n<p dir=\"ltr\" class=\"bbc-bm53ic e1cc2ql70\">Ambos gobiernos acordaron buscar una \u00abmigraci\u00f3n ordenada, segura y regular\u00bb.<\/p>\n<\/div>\n<div dir=\"ltr\" class=\"bbc-1ka88fa e57qer20\">\n<figure class=\"bbc-1qdcvv9 e6bmn90\">\n<div dir=\"ltr\" class=\"bbc-172p16q e57qer20\">\n<div dir=\"ltr\" class=\"bbc-189y18v e57qer20\">\n<div data-e2e=\"image-placeholder\" class=\"bbc-uhmmqj e1whu0\"><noscript><img srcset=\"http:\/\/nuevacordoba.net\/wp-content\/uploads\/2021\/03\/kamala-harris-biden-encarga-a-la-vicepresidenta-la-crisis-humanitaria-destada-por-la-llegada-de-inmigrantes-a-la-frontera-con-mexico.png 240w, http:\/\/nuevacordoba.net\/wp-content\/uploads\/2021\/03\/kamala-harris-biden-encarga-a-la-vicepresidenta-la-crisis-humanitaria-destada-por-la-llegada-de-inmigrantes-a-la-frontera-con-mexico-36.jpg 320w, http:\/\/nuevacordoba.net\/wp-content\/uploads\/2021\/03\/kamala-harris-biden-encarga-a-la-vicepresidenta-la-crisis-humanitaria-destada-por-la-llegada-de-inmigrantes-a-la-frontera-con-mexico-37.jpg 480w, http:\/\/nuevacordoba.net\/wp-content\/uploads\/2021\/03\/kamala-harris-biden-encarga-a-la-vicepresidenta-la-crisis-humanitaria-destada-por-la-llegada-de-inmigrantes-a-la-frontera-con-mexico-38.jpg 624w\" alt=\"line\" src=\"http:\/\/nuevacordoba.net\/wp-content\/uploads\/2021\/03\/kamala-harris-biden-encarga-a-la-vicepresidenta-la-crisis-humanitaria-destada-por-la-llegada-de-inmigrantes-a-la-frontera-con-mexico-6.jpg\" width=\"624\" class=\"bbc-fat2bc e1enwo3v0\"><\/noscript><\/div>\n<\/div>\n<\/div>\n<\/figure>\n<\/div>\n<div dir=\"ltr\" class=\"bbc-19j92fr e57qer20\" readability=\"8\">\n<p dir=\"ltr\" class=\"bbc-bm53ic e1cc2ql70\"><i class=\"bbc-h1y5j7 ewc4zcb0\">Ahora puedes recibir notificaciones de BBC Mundo. Descarga la nueva versi\u00f3n de nuestra app y act\u00edvalas para no perderte nuestro mejor contenido.<\/i><\/p>\n<\/div>\n","protected":false},"excerpt":{"rendered":"<p>Redacci\u00f3n BBC News Mundo 1 hora Fuente de la imagen, Getty Images Pie de foto, Harris tendr\u00e1 en sus manos la gesti\u00f3n de la migraci\u00f3n en la frontera entre Estados Unidos y M\u00e9xico. Joe Biden considera que se trata de \u00abun trabajo duro\u00bb y asegura haber elegido a la \u00abpersona m\u00e1s cualificada para ejecutarlo\u00bb: Kamala [&hellip;]<\/p>\n","protected":false},"author":1,"featured_media":2424,"comment_status":"closed","ping_status":"closed","sticky":false,"template":"","format":"standard","meta":[],"categories":[13],"tags":[],"_links":{"self":[{"href":"http:\/\/nuevacordoba.net\/index.php\/wp-json\/wp\/v2\/posts\/2423"}],"collection":[{"href":"http:\/\/nuevacordoba.net\/index.php\/wp-json\/wp\/v2\/posts"}],"about":[{"href":"http:\/\/nuevacordoba.net\/index.php\/wp-json\/wp\/v2\/types\/post"}],"author":[{"embeddable":true,"href":"http:\/\/nuevacordoba.net\/index.php\/wp-json\/wp\/v2\/users\/1"}],"replies":[{"embeddable":true,"href":"http:\/\/nuevacordoba.net\/index.php\/wp-json\/wp\/v2\/comments?post=2423"}],"version-history":[{"count":0,"href":"http:\/\/nuevacordoba.net\/index.php\/wp-json\/wp\/v2\/posts\/2423\/revisions"}],"wp:featuredmedia":[{"embeddable":true,"href":"http:\/\/nuevacordoba.net\/index.php\/wp-json\/wp\/v2\/media\/2424"}],"wp:attachment":[{"href":"http:\/\/nuevacordoba.net\/index.php\/wp-json\/wp\/v2\/media?parent=2423"}],"wp:term":[{"taxonomy":"category","embeddable":true,"href":"http:\/\/nuevacordoba.net\/index.php\/wp-json\/wp\/v2\/categories?post=2423"},{"taxonomy":"post_tag","embeddable":true,"href":"http:\/\/nuevacordoba.net\/index.php\/wp-json\/wp\/v2\/tags?post=2423"}],"curies":[{"name":"wp","href":"https:\/\/api.w.org\/{rel}","templated":true}]}}