{"id":2425,"date":"2021-03-24T16:05:44","date_gmt":"2021-03-24T16:05:44","guid":{"rendered":"http:\/\/cordobanewsnet.wordpress.com\/?p=5187"},"modified":"2021-03-24T16:05:44","modified_gmt":"2021-03-24T16:05:44","slug":"coronavirus-el-gobierno-nacional-analiza-posibles-restricciones","status":"publish","type":"post","link":"http:\/\/nuevacordoba.net\/index.php\/2021\/03\/24\/coronavirus-el-gobierno-nacional-analiza-posibles-restricciones\/","title":{"rendered":"Coronavirus: El Gobierno Nacional analiza posibles restricciones"},"content":{"rendered":"<p><!-- \/featured-media --> <\/p>\n<div class=\"post-content clear\" readability=\"45.133165829146\">\n<p>El Gobierno Nacional eval\u00faa las&nbsp;<strong>primeras nuevas restricciones.<\/strong> La ministra de Salud,&nbsp;<strong>Carla Vizzotti<\/strong>, anticip\u00f3 que est\u00e1n bajo an\u00e1lisis restricciones en determinadas \u201cfranjas horarias\u201d.&nbsp;\u201cSi hay alg\u00fan aumento de casos, lo importante es tomar medidas lo m\u00e1s temprano posible en la medida geogr\u00e1fica m\u00ednima&nbsp;<strong>disminuyendo la circulaci\u00f3n de personas por franjas horarias<\/strong>,<strong>&nbsp;no apuntar a un confinamiento\u201d<\/strong>, sostuvo.<\/p>\n<p>\u201cEstamos en una situaci\u00f3n de alerta hace semanas, no solamente con la situaci\u00f3n de Argentina sino con los pa\u00edses vecinos y el aumento en algunas jurisdicciones que ya est\u00e1n experimentando un aumento comparativo en relaci\u00f3n a las \u00faltimas semanas\u201d, explic\u00f3 en di\u00e1logo con&nbsp;<em>Radio La Red.<\/em><\/p>\n<div id=\"jp-post-flair\" class=\"sharedaddy sd-like-enabled sd-sharing-enabled\">\n<div class=\"sharedaddy sd-sharing-enabled\">\n<div class=\"robots-nocontent sd-block sd-social sd-social-icon-text sd-sharing\">\n<h3 class=\"sd-title\">Share this:<\/h3>\n<\/div>\n<\/div>\n<div class=\"sharedaddy sd-block sd-like jetpack-likes-widget-wrapper jetpack-likes-widget-unloaded\" id=\"like-post-wrapper-143108178-5187-605c01196997b\" data-src=\"\/\/widgets.wp.com\/likes\/index.html?ver=20210317#blog_id=143108178&amp;post_id=5187&amp;origin=cordobanewsnet.wordpress.com&amp;obj_id=143108178-5187-605c01196997b\" data-name=\"like-post-frame-143108178-5187-605c01196997b\">\n<h3 class=\"sd-title\">Me gusta esto:<\/h3>\n<p><span class=\"button\"><span>Me gusta<\/span><\/span> <span class=\"loading\">Cargando&#8230;<\/span><\/p>\n<p><span class=\"sd-text-color\"><\/span><\/div>\n<p><h3 class=\"jp-relatedposts-headline\"><em>Relacionado<\/em><\/h3>\n<\/p>\n<\/div><\/div>\n<p><!--\/.post-content--> <\/p>\n<footer class=\"post-meta-container clear\" readability=\"0.3728813559322\">\n<div class=\"entry-author author-avatar-show\" readability=\"13.114754098361\">\n<div class=\"author-avatar\"> <img loading=\"lazy\" alt src=\"http:\/\/nuevacordoba.net\/wp-content\/uploads\/2021\/03\/coronavirus-el-gobierno-nacional-analiza-posibles-restricciones.png\" class=\"avatar avatar-90\" height=\"90\" width=\"90\"> <\/div>\n<p><!-- .author-avatar --> <\/p>\n<p><h2 class=\"author-title\">Publicado por <span class=\"author-name\">Redacci\u00f3n<\/span><\/h2>\n<\/p>\n<p><!-- .author-heading --> <\/p>\n<p class=\"author-bio\"> <a class=\"author-link\" href=\"https:\/\/cordobanewsnet.wordpress.com\/author\/prettomatias\/\" rel=\"author\"> Ver todas las entradas de Redacci\u00f3n <\/a> <\/p>\n<p><!-- .author-bio --> <\/div>\n<p><!-- .entry-auhtor --> <\/footer>\n<p> <!-- \/post-meta-container --> <!-- #respond --> <\/p>\n","protected":false},"excerpt":{"rendered":"<p>El Gobierno Nacional eval\u00faa las&nbsp;primeras nuevas restricciones. La ministra de Salud,&nbsp;Carla Vizzotti, anticip\u00f3 que est\u00e1n bajo an\u00e1lisis restricciones en determinadas \u201cfranjas horarias\u201d.&nbsp;\u201cSi hay alg\u00fan aumento de casos, lo importante es tomar medidas lo m\u00e1s temprano posible en la medida geogr\u00e1fica m\u00ednima&nbsp;disminuyendo la circulaci\u00f3n de personas por franjas horarias,&nbsp;no apuntar a un confinamiento\u201d, sostuvo. \u201cEstamos en [&hellip;]<\/p>\n","protected":false},"author":1,"featured_media":2426,"comment_status":"closed","ping_status":"closed","sticky":false,"template":"","format":"standard","meta":[],"categories":[14],"tags":[],"_links":{"self":[{"href":"http:\/\/nuevacordoba.net\/index.php\/wp-json\/wp\/v2\/posts\/2425"}],"collection":[{"href":"http:\/\/nuevacordoba.net\/index.php\/wp-json\/wp\/v2\/posts"}],"about":[{"href":"http:\/\/nuevacordoba.net\/index.php\/wp-json\/wp\/v2\/types\/post"}],"author":[{"embeddable":true,"href":"http:\/\/nuevacordoba.net\/index.php\/wp-json\/wp\/v2\/users\/1"}],"replies":[{"embeddable":true,"href":"http:\/\/nuevacordoba.net\/index.php\/wp-json\/wp\/v2\/comments?post=2425"}],"version-history":[{"count":0,"href":"http:\/\/nuevacordoba.net\/index.php\/wp-json\/wp\/v2\/posts\/2425\/revisions"}],"wp:featuredmedia":[{"embeddable":true,"href":"http:\/\/nuevacordoba.net\/index.php\/wp-json\/wp\/v2\/media\/2426"}],"wp:attachment":[{"href":"http:\/\/nuevacordoba.net\/index.php\/wp-json\/wp\/v2\/media?parent=2425"}],"wp:term":[{"taxonomy":"category","embeddable":true,"href":"http:\/\/nuevacordoba.net\/index.php\/wp-json\/wp\/v2\/categories?post=2425"},{"taxonomy":"post_tag","embeddable":true,"href":"http:\/\/nuevacordoba.net\/index.php\/wp-json\/wp\/v2\/tags?post=2425"}],"curies":[{"name":"wp","href":"https:\/\/api.w.org\/{rel}","templated":true}]}}