{"id":2427,"date":"2021-03-25T03:02:33","date_gmt":"2021-03-25T03:02:33","guid":{"rendered":"https:\/\/puntoapunto.com.ar\/?p=275085"},"modified":"2021-03-25T03:02:33","modified_gmt":"2021-03-25T03:02:33","slug":"el-plan-360-de-coca-cola-para-despertar-el-consumo-con-sus-latas-con-cafe","status":"publish","type":"post","link":"http:\/\/nuevacordoba.net\/index.php\/2021\/03\/25\/el-plan-360-de-coca-cola-para-despertar-el-consumo-con-sus-latas-con-cafe\/","title":{"rendered":"El plan 360\u00b0 de Coca-Cola para \u201cdespertar\u201d el consumo con sus latas con caf\u00e9"},"content":{"rendered":"<p><!-- image --><\/p>\n<div class=\"td-post-featured-image\"><a href=\"http:\/\/nuevacordoba.net\/wp-content\/uploads\/2021\/03\/el-plan-360-de-coca-cola-para-despertar-el-consumo-con-sus-latas-con-cafe-7.png\" data-caption><img loading=\"lazy\" width=\"696\" height=\"347\" class=\"entry-thumb td-modal-image\" src=\"http:\/\/nuevacordoba.net\/wp-content\/uploads\/2021\/03\/el-plan-360-de-coca-cola-para-despertar-el-consumo-con-sus-latas-con-cafe.png\" srcset=\"http:\/\/nuevacordoba.net\/wp-content\/uploads\/2021\/03\/el-plan-360-de-coca-cola-para-despertar-el-consumo-con-sus-latas-con-cafe.png 696w, http:\/\/nuevacordoba.net\/wp-content\/uploads\/2021\/03\/el-plan-360-de-coca-cola-para-despertar-el-consumo-con-sus-latas-con-cafe-1.png 300w, http:\/\/nuevacordoba.net\/wp-content\/uploads\/2021\/03\/el-plan-360-de-coca-cola-para-despertar-el-consumo-con-sus-latas-con-cafe-2.png 1024w, http:\/\/nuevacordoba.net\/wp-content\/uploads\/2021\/03\/el-plan-360-de-coca-cola-para-despertar-el-consumo-con-sus-latas-con-cafe-3.png 768w, http:\/\/nuevacordoba.net\/wp-content\/uploads\/2021\/03\/el-plan-360-de-coca-cola-para-despertar-el-consumo-con-sus-latas-con-cafe-4.png 150w, http:\/\/nuevacordoba.net\/wp-content\/uploads\/2021\/03\/el-plan-360-de-coca-cola-para-despertar-el-consumo-con-sus-latas-con-cafe-5.png 1068w, http:\/\/nuevacordoba.net\/wp-content\/uploads\/2021\/03\/el-plan-360-de-coca-cola-para-despertar-el-consumo-con-sus-latas-con-cafe-6.png 844w, http:\/\/nuevacordoba.net\/wp-content\/uploads\/2021\/03\/el-plan-360-de-coca-cola-para-despertar-el-consumo-con-sus-latas-con-cafe-7.png 1394w\" sizes=\"(max-width: 696px) 100vw, 696px\" alt title=\"17-08 1 (6)\"><\/a><\/div>\n<p> <!-- content --><\/p>\n<div class=\"td-a-rec td-a-rec-id-content_top tdi_66_eec td_block_template_10\">\n<div class=\"g g-34\">\n<div class=\"g-single a-299\"><a class=\"gofollow\" data-track=\"Mjk5LDM0LDEsNjA=\" href=\"http:\/\/www.grupocanter.com.ar\/landing\/blanqueo\/pap\/?utm_source=Punto%20a%20Punto&amp;utm_medium=Banners&amp;utm_campaign=Blanqueo&amp;utm_term=950x187\"><img src=\"http:\/\/nuevacordoba.net\/wp-content\/uploads\/2021\/03\/el-plan-360-de-coca-cola-para-despertar-el-consumo-con-sus-latas-con-cafe.gif\"><\/a><\/div>\n<\/div>\n<\/div>\n<p>Tras su incursi\u00f3n en numerosos mercados y luego de hacer pie a mediados del 2019 en Brasil, finalmente Coca Cola lanz\u00f3 en marzo su nuevo producto: Coca Cola con Caf\u00e9. En este caso, se trata de un producto que tendr\u00e1 una \u00fanica presentaci\u00f3n, <strong>una lata de 220 cc con precio sugerido de comercializaci\u00f3n de $50<\/strong>. Con \u00e9l, la compa\u00f1\u00eda pone un pie en una nueva categor\u00eda conocido como \u201cgaseosas funcionales\u201d.<\/p>\n<p>\u201cEsta innovadora y nueva bebida combina el sabor inigualable de Coca-Cola con un toque delicioso del caf\u00e9 espresso, creando una combinaci\u00f3n refrescante hecha a partir de aut\u00e9nticos granos de caf\u00e9, sin az\u00facar y sin calor\u00edas. Coca-Cola con Caf\u00e9 est\u00e1 llamada a revolucionar mucho m\u00e1s que tus horas de trabajo o de estudio, porque lo tiene todo para hacer que la llamada \u201chora del caf\u00e9\u201d se convierta en algo mucho m\u00e1s refrescante.&nbsp; No importa d\u00f3nde est\u00e9s o a d\u00f3nde vayas en tu d\u00eda a d\u00eda, Coca-Cola con Caf\u00e9 te acompa\u00f1ar\u00e1 a donde lo necesites con un plus de energ\u00eda\u201d, comunic\u00f3 la empresa.<\/p>\n<p><strong>Plan 360 y ventas<br \/><\/strong>Desde Andina, la compa\u00f1\u00eda que embotella Coca Cola para C\u00f3rdoba y provincias vecinas se adelant\u00f3 a <strong>Punto a Punto<\/strong> algunos detalles del lanzamiento, as\u00ed como las expectativas de ventas. En ese sentido se supo que la intenci\u00f3n es la de colocar cerca de <strong>1,5 mill\u00f3n de latas<\/strong> de Coca Cola Coffe al a\u00f1o. a la vez, se destac\u00f3 que el lanzamiento incluye un ambicioso plan 360\u00b0 con acciones en diversos frentes y publicidades en TV, Radio, v\u00eda Publica y Digital.<\/p>\n<p><img loading=\"lazy\" class=\"alignnone wp-image-275086\" src=\"http:\/\/nuevacordoba.net\/wp-content\/uploads\/2021\/03\/el-plan-360-de-coca-cola-para-despertar-el-consumo-con-sus-latas-con-cafe.jpg\" alt width=\"561\" height=\"284\" srcset=\"http:\/\/nuevacordoba.net\/wp-content\/uploads\/2021\/03\/el-plan-360-de-coca-cola-para-despertar-el-consumo-con-sus-latas-con-cafe.jpg 300w, http:\/\/nuevacordoba.net\/wp-content\/uploads\/2021\/03\/el-plan-360-de-coca-cola-para-despertar-el-consumo-con-sus-latas-con-cafe-1.jpg 768w, http:\/\/nuevacordoba.net\/wp-content\/uploads\/2021\/03\/el-plan-360-de-coca-cola-para-despertar-el-consumo-con-sus-latas-con-cafe-2.jpg 150w, http:\/\/nuevacordoba.net\/wp-content\/uploads\/2021\/03\/el-plan-360-de-coca-cola-para-despertar-el-consumo-con-sus-latas-con-cafe-3.jpg 696w, http:\/\/nuevacordoba.net\/wp-content\/uploads\/2021\/03\/el-plan-360-de-coca-cola-para-despertar-el-consumo-con-sus-latas-con-cafe-4.jpg 831w, http:\/\/nuevacordoba.net\/wp-content\/uploads\/2021\/03\/el-plan-360-de-coca-cola-para-despertar-el-consumo-con-sus-latas-con-cafe-5.jpg 963w\" sizes=\"(max-width: 561px) 100vw, 561px\"><\/p>\n<p>\u201cEs una fuerte inversi\u00f3n en evento de lanzamiento con celebrities invitados, medios tradicionales y digitales y Materiales de punto de venta. Se van a destinar cerca de <strong>$12 millones<\/strong>\u201d, confirmaron desde Andina.<\/p>\n<p><strong>-\u00bfC\u00f3mo viene la demanda en el primer trimestre y como finalizaron el 2020?<\/strong><br \/>En el a\u00f1o 2020 tuvimos una ca\u00edda importante de volumen, aproximadamente del 7%. Para 2021, si bien estamos dentro de los vol\u00famenes presupuestados, vemos un efecto <strong>de deterioro del bolsillo del consumidor<\/strong>, que est\u00e1 cambiando los h\u00e1bitos de consumo.<\/p>\n<p>No tags for this post. <!-- A generated by theme --> <!-- end A --> <\/p>\n","protected":false},"excerpt":{"rendered":"<p>Tras su incursi\u00f3n en numerosos mercados y luego de hacer pie a mediados del 2019 en Brasil, finalmente Coca Cola lanz\u00f3 en marzo su nuevo producto: Coca Cola con Caf\u00e9. En este caso, se trata de un producto que tendr\u00e1 una \u00fanica presentaci\u00f3n, una lata de 220 cc con precio sugerido de comercializaci\u00f3n de $50. [&hellip;]<\/p>\n","protected":false},"author":1,"featured_media":2428,"comment_status":"open","ping_status":"closed","sticky":false,"template":"","format":"standard","meta":[],"categories":[14],"tags":[],"_links":{"self":[{"href":"http:\/\/nuevacordoba.net\/index.php\/wp-json\/wp\/v2\/posts\/2427"}],"collection":[{"href":"http:\/\/nuevacordoba.net\/index.php\/wp-json\/wp\/v2\/posts"}],"about":[{"href":"http:\/\/nuevacordoba.net\/index.php\/wp-json\/wp\/v2\/types\/post"}],"author":[{"embeddable":true,"href":"http:\/\/nuevacordoba.net\/index.php\/wp-json\/wp\/v2\/users\/1"}],"replies":[{"embeddable":true,"href":"http:\/\/nuevacordoba.net\/index.php\/wp-json\/wp\/v2\/comments?post=2427"}],"version-history":[{"count":0,"href":"http:\/\/nuevacordoba.net\/index.php\/wp-json\/wp\/v2\/posts\/2427\/revisions"}],"wp:featuredmedia":[{"embeddable":true,"href":"http:\/\/nuevacordoba.net\/index.php\/wp-json\/wp\/v2\/media\/2428"}],"wp:attachment":[{"href":"http:\/\/nuevacordoba.net\/index.php\/wp-json\/wp\/v2\/media?parent=2427"}],"wp:term":[{"taxonomy":"category","embeddable":true,"href":"http:\/\/nuevacordoba.net\/index.php\/wp-json\/wp\/v2\/categories?post=2427"},{"taxonomy":"post_tag","embeddable":true,"href":"http:\/\/nuevacordoba.net\/index.php\/wp-json\/wp\/v2\/tags?post=2427"}],"curies":[{"name":"wp","href":"https:\/\/api.w.org\/{rel}","templated":true}]}}