{"id":2431,"date":"2021-03-25T10:40:10","date_gmt":"2021-03-25T10:40:10","guid":{"rendered":"http:\/\/nuevacordoba.net\/index.php\/2021\/03\/25\/un-tribunal-federal-avalo-el-derecho-de-los-estados-a-limitar-la-portacion-de-armas-en-publico\/"},"modified":"2021-03-25T10:40:10","modified_gmt":"2021-03-25T10:40:10","slug":"un-tribunal-federal-avalo-el-derecho-de-los-estados-a-limitar-la-portacion-de-armas-en-publico","status":"publish","type":"post","link":"http:\/\/nuevacordoba.net\/index.php\/2021\/03\/25\/un-tribunal-federal-avalo-el-derecho-de-los-estados-a-limitar-la-portacion-de-armas-en-publico\/","title":{"rendered":"Un tribunal federal aval\u00f3 el derecho de los estados a limitar la portaci\u00f3n de armas en p\u00fablico"},"content":{"rendered":"<div class=\"image\" id=\"image\" readability=\"7\"> <img src=\"http:\/\/nuevacordoba.net\/wp-content\/uploads\/2021\/03\/un-tribunal-federal-avalo-el-derecho-de-los-estados-a-limitar-la-portacion-de-armas-en-publico.jpg\" alt=\"Un tribunal aval\u00f3 el derecho de los estados a limitar la portaci\u00f3n de armas en p\u00fablico\" title=\"Un tribunal aval\u00f3 el derecho de los estados a limitar la portaci\u00f3n de armas en p\u00fablico\"><\/p>\n<p>Un tribunal aval\u00f3 el derecho de los estados a limitar la portaci\u00f3n de armas en p\u00fablico<\/p>\n<\/div>\n<p>Un tribunal federal de Estados Unidos aval\u00f3 el derecho de los estados a limitar la portaci\u00f3n de armas en p\u00fablico, mientras los tiroteos masivos de la \u00faltima semana en el pa\u00eds reactivaron el necesario debate sobre el control de armas y el presidente Joe Biden insisti\u00f3 en que el Congreso proh\u00edba la tenencia de ciertas armas y apruebe dos proyectos de ley para mejorar el sistema de verificaci\u00f3n de antecedentes.<\/p>\n<p><strong>La Segunda Enmienda de la Constituci\u00f3n de Estados Unidos garantiza el derecho de los estadounidenses a poseer y llevar armas.<\/strong><\/p>\n<p>La Corte de Apelaciones del Noveno Circuito de Estados Unidos determin\u00f3 que los gobiernos estatales tienen autoridad para limitar el derecho de las personas a portar armas en p\u00fablico, exigi\u00e9ndoles que demuestren urgencia o necesidad para hacerlo y que tengan un \u00abalto car\u00e1cter moral\u00bb, desestimando una acci\u00f3n que impugnaba la ley de licencias de Haw\u00e1i, inform\u00f3 la agencia de noticias Sputnik.<\/p>\n<p><strong>\u00abLa corte confirm\u00f3 la desestimaci\u00f3n del tribunal de distrito de una acci\u00f3n que impugnaba la ley de concesi\u00f3n de licencias de armas de fuego de Haw\u00e1i, Estatutos Revisados de Haw\u00e1i secc. 134-9 (a), que exige que los residentes que soliciten una licencia para portar un arma de fuego en p\u00fablico deben demostrar la urgencia o la necesidad de llevar un arma de fuego, deben tener un buen car\u00e1cter moral y deben estar &#8216;comprometidos con la protecci\u00f3n de la vida y la propiedad'\u00bb, dijo el tribunal.<\/strong><\/p>\n<p>La poderosa Asociaci\u00f3n Nacional del Rifle (NRA, que aport\u00f3 donaciones a las campa\u00f1as electorales de cientos de legisladores estadounidenses, la mayor\u00eda republicanos) impugn\u00f3 la sentencia alegando que afectaba a las leyes sobre el derecho a portar armas que actualmente est\u00e1 en vigor en los estados de Arkansas, Haw\u00e1i, California, Oregon, Arizona, Washington y Montana.<\/p>\n<p><strong>El fallo se anunci\u00f3 dos d\u00edas despu\u00e9s de que un individuo matara a 10 personas en un supermercado en Boulder, Colorado, en el segundo ataque de este tipo en seis d\u00edas, luego de que el 16 de este mes otro hombre asesinara a tiros a ocho personas en varios salones de masaje de asi\u00e1ticos en Atlanta, Georgia.<\/strong><\/p>\n<div class=\"image\" id=\"image\" readability=\"7\"> <img src=\"http:\/\/nuevacordoba.net\/wp-content\/uploads\/2021\/03\/un-tribunal-federal-avalo-el-derecho-de-los-estados-a-limitar-la-portacion-de-armas-en-publico-1.jpg\" alt=\"Los tiroteos masivos de la \u00faltima semana reactivaron el debate sobre el control de armas\" title=\"Los tiroteos masivos de la \u00faltima semana reactivaron el debate sobre el control de armas\"><\/p>\n<p>Los tiroteos masivos de la \u00faltima semana reactivaron el debate sobre el control de armas<\/p>\n<\/div>\n<p>Los tiroteos masivos de la \u00faltima semana llevado el martes a Biden a instar al Congreso a prohibir las armas de asalto y a que avalen los dos proyectos de ley que aprob\u00f3 la C\u00e1mara de Representantes a principios de marzo para mejorar el sistema de verificaci\u00f3n de antecedentes.<\/p>\n<p>Pero estos proyectos necesitar\u00edan para convertirse en legislaci\u00f3n permanente el respaldo en el Senado, donde los dem\u00f3cratas -el partido del presidente- tienen una mayor\u00eda tan estrecha que necesitar\u00edan convencer a al menos 10 republicanos para aprobarlas.<\/p>\n<p>En este sentido, Biden resalt\u00f3 que \u201cesto no es y no deber\u00eda ser un asunto partidista, sino un asunto estadounidense.<\/p>\n<p><strong>Por su parte, la vicepresidenta, Kamala Harris, dijo que \u00abestas masacres deben parar\u00bb, en una entrevista con la televisora CBS News.<\/strong><\/p>\n<p>Harris reconoci\u00f3 que no ser\u00e1 f\u00e1cil convencer al Congreso de que act\u00fae ahora, ya que no lo hizo despu\u00e9s de otro tiroteo masivo que conmocion\u00f3 profundamente al pa\u00eds, el de 2012 en la escuela Sandy Hook, en Connecticut.<\/p>\n<p>Cuando se produjo ese ataque, en el que murieron a tiros 20 ni\u00f1os peque\u00f1os y seis mujeres, Biden era vicepresidente y encabez\u00f3 un intento de reformar la legislaci\u00f3n sobre el control de armas, pero no consigui\u00f3 que el Senado aprobara siquiera las medidas que generaban m\u00e1s consenso.<\/p>\n<p><strong>El l\u00edder de la mayor\u00eda del Senado, Chuck Schumer, prometi\u00f3 llevar al Senado la legislaci\u00f3n aprobada por la C\u00e1mara que requerir\u00eda verificaciones de antecedentes para la mayor\u00eda de las ventas y transferencias de armas.<\/strong><\/p>\n<p>Schumer aleg\u00f3 que el Senado \u00abdebe enfrentar una verdad devastadora\u00bb, despu\u00e9s de una falta de acci\u00f3n del Congreso sobre el tema durante casi tres d\u00e9cadas.<\/p>\n<p>En cambio, la oposici\u00f3n del senador dem\u00f3crata Joe Manchin pone en peligro la aprobaci\u00f3n de dos proyectos de ley sobre seguridad de armas en la C\u00e1mara alta.<\/p>\n<p>A pesar de la petici\u00f3n de Biden y de los recientes acontecimientos, es poco probable que los dem\u00f3cratas consigan los 60 votos necesarios en el Senado para impulsar estos proyectos legislativos.<\/p>\n<p>No obstante, al ser preguntado por un endurecimiento de las leyes de armas, el l\u00edder de la minor\u00eda republicana en el Senado, Mitch McConnell, se mostr\u00f3 \u201cabierto a la discusi\u00f3n\u201d, seg\u00fan la televisora NBC.<\/p>\n","protected":false},"excerpt":{"rendered":"<p>Un tribunal aval\u00f3 el derecho de los estados a limitar la portaci\u00f3n de armas en p\u00fablico Un tribunal federal de Estados Unidos aval\u00f3 el derecho de los estados a limitar la portaci\u00f3n de armas en p\u00fablico, mientras los tiroteos masivos de la \u00faltima semana en el pa\u00eds reactivaron el necesario debate sobre el control de [&hellip;]<\/p>\n","protected":false},"author":1,"featured_media":2432,"comment_status":"closed","ping_status":"closed","sticky":false,"template":"","format":"standard","meta":[],"categories":[13],"tags":[],"_links":{"self":[{"href":"http:\/\/nuevacordoba.net\/index.php\/wp-json\/wp\/v2\/posts\/2431"}],"collection":[{"href":"http:\/\/nuevacordoba.net\/index.php\/wp-json\/wp\/v2\/posts"}],"about":[{"href":"http:\/\/nuevacordoba.net\/index.php\/wp-json\/wp\/v2\/types\/post"}],"author":[{"embeddable":true,"href":"http:\/\/nuevacordoba.net\/index.php\/wp-json\/wp\/v2\/users\/1"}],"replies":[{"embeddable":true,"href":"http:\/\/nuevacordoba.net\/index.php\/wp-json\/wp\/v2\/comments?post=2431"}],"version-history":[{"count":0,"href":"http:\/\/nuevacordoba.net\/index.php\/wp-json\/wp\/v2\/posts\/2431\/revisions"}],"wp:featuredmedia":[{"embeddable":true,"href":"http:\/\/nuevacordoba.net\/index.php\/wp-json\/wp\/v2\/media\/2432"}],"wp:attachment":[{"href":"http:\/\/nuevacordoba.net\/index.php\/wp-json\/wp\/v2\/media?parent=2431"}],"wp:term":[{"taxonomy":"category","embeddable":true,"href":"http:\/\/nuevacordoba.net\/index.php\/wp-json\/wp\/v2\/categories?post=2431"},{"taxonomy":"post_tag","embeddable":true,"href":"http:\/\/nuevacordoba.net\/index.php\/wp-json\/wp\/v2\/tags?post=2431"}],"curies":[{"name":"wp","href":"https:\/\/api.w.org\/{rel}","templated":true}]}}