{"id":2439,"date":"2021-03-24T23:57:28","date_gmt":"2021-03-24T23:57:28","guid":{"rendered":"https:\/\/es.digitaltrends.com\/?p=798827"},"modified":"2021-03-24T23:57:28","modified_gmt":"2021-03-24T23:57:28","slug":"la-leyenda-del-tesoro-perdido-tendria-serie-en-disney-plus","status":"publish","type":"post","link":"http:\/\/nuevacordoba.net\/index.php\/2021\/03\/24\/la-leyenda-del-tesoro-perdido-tendria-serie-en-disney-plus\/","title":{"rendered":"La leyenda del tesoro perdido tendr\u00eda serie en Disney Plus"},"content":{"rendered":"<p><span>Disney reeditar\u00e1 <\/span><i><span>La leyenda del tesoro perdido <\/span><\/i><span>como una miniserie de 10 cap\u00edtulos para <a href=\"https:\/\/es.digitaltrends.com\/topic\/disney-plus\/\">Disney Plus<\/a>, <a href=\"https:\/\/deadline.com\/2021\/03\/national-treasure-tv-series-reimagening-latina-lead-disney-plus-mira-nair-1234720950\/\" target=\"_blank\" rel=\"noopener noreferrer\">se\u00f1ala un reporte publicado por el portal<\/a> <\/span><i><span>Deadline<\/span><\/i><span>.<\/span><\/p>\n<figure class=\"aligncenter\"><img src=\"http:\/\/nuevacordoba.net\/wp-content\/uploads\/2021\/03\/la-leyenda-del-tesoro-perdido-tendria-serie-en-disney-plus.gif\" data-dt-lazy-src=\"https:\/\/img.dtcn.com\/image\/digitaltrends_es\/leyenda-de-tesoro-perdido-720x720.jpg\" onerror=\"dti_load_error(this)\" class=\" size-large wp-image-798829 dt-lazy-load dt-lazy-pending\" alt=\"Una imagen de la serie de pel\u00edculas La leyenda del tesoro perdido\"><\/figure>\n<p><span>Seg\u00fan el reporte, la serie adaptar\u00e1 el concepto de la pel\u00edcula original de 2004 al contexto actual, con un protagonista <\/span><i><span>dreamer<\/span><\/i><span> (un menor que lleg\u00f3 a Estados Unidos como inmigrante) llamado Jess Morales, quien deber\u00e1 desentra\u00f1ar un misterio y recuperar un tesoro perdido ligado a su familia.<\/span><\/p>\n<p><span>La miniserie ser\u00e1 dirigida por Mira Nair y, seg\u00fan el reporte, sostendr\u00e1 su trama en conceptos como la identidad, la comunidad, el patriotismo y la autor\u00eda hist\u00f3rica.<\/span><\/p>\n<p><span>En la producci\u00f3n de la serie tambi\u00e9n participar\u00e1n Marianne y Cormac Wibberley, guionistas de la pel\u00edcula original protagonizada por Nicolas Cage.<\/span><\/p>\n<p><span>Adem\u00e1s de la miniserie, Disney tambi\u00e9n trabaja en <\/span><i><span>La leyenda del tesoro perdido 3<\/span><\/i><span>. La secuela continuar\u00eda la historia del ingeniero y cript\u00f3logo Benjamin Franklin Gates, personaje que en la trama de las pel\u00edculas rob\u00f3 la Declaraci\u00f3n de Independencia de Estados Unidos para hallar un tesoro e investig\u00f3 una conspiraci\u00f3n para incriminar a su tatarabuelo en el asesinato de Abraham Lincoln.<\/span><\/p>\n<p><span>Ambas pel\u00edculas fueron muy exitosas en la primera d\u00e9cada de los 2000 y racaudaron $800 millones de d\u00f3lares en todo el mundo.<\/span><\/p>\n<p><span>Sin embargo, aunque la pel\u00edcula ya fue autorizada por Disney, a\u00fan no se concreta ni se descarta la participaci\u00f3n de Nicolas Cage en la tercera parte.<\/span><\/p>\n<p><span>Adem\u00e1s de una miniserie de <\/span><i><span>La leyenda del tesoro perdido<\/span><\/i><span>, <a href=\"https:\/\/es.digitaltrends.com\/entretenimiento\/echo-alaqua-cox-disney-plus-trabajaria-spinoff-hawkeye-mcu\/\">Disney tambi\u00e9n trabaja en adaptaciones televisivas<\/a> de las pel\u00edculas <\/span><i><span>Socios y sabuesos <\/span><\/i><span>(<\/span><i><span>Turner &amp; Hooch<\/span><\/i><span>), <\/span><i><span>Los campeones <\/span><\/i><span>(<\/span><i><span>The Mighty Ducks)<\/span><\/i><span> y un <em>spin-off<\/em> de <\/span><i><span>La bella y la bestia <\/span><\/i><span>(<\/span><i><span>Beauty and the Beast<\/span><\/i><span>).<\/span><\/p>\n<h4 class=\"h-editors-recs-title\"> Recomendaciones del editor\t<\/h4>\n<p> <span id=\"publisher-md\" itemprop=\"publisher\" itemscope itemtype=\"https:\/\/schema.org\/Organization\"> <span itemprop=\"url\" itemtype=\"https:\/\/schema.org\/Url\" content=\"https:\/\/es.digitaltrends.com\"> <span itemprop=\"logo\" itemscope itemtype=\"https:\/\/schema.org\/ImageObject\"> <meta itemprop=\"url\" content=\"https:\/\/cdn.dtcn.com\/dt\/dt-logo-small.png\"> <meta itemprop=\"width\" content=\"0\"> <meta itemprop=\"height\" content=\"0\"> <\/span> <meta itemprop=\"name\" content=\"Digital Trends Espa\u00f1ol\"> <\/span> <span itemprop=\"image\" itemscope itemtype=\"https:\/\/schema.org\/ImageObject\"> <meta itemprop=\"url\" content=\"https:\/\/img.dtcn.com\/image\/digitaltrends_es\/leyenda-de-tesoro-perdido.jpg\"> <\/span> <\/span><\/p>\n","protected":false},"excerpt":{"rendered":"<p>Disney reeditar\u00e1 La leyenda del tesoro perdido como una miniserie de 10 cap\u00edtulos para Disney Plus, se\u00f1ala un reporte publicado por el portal Deadline. Seg\u00fan el reporte, la serie adaptar\u00e1 el concepto de la pel\u00edcula original de 2004 al contexto actual, con un protagonista dreamer (un menor que lleg\u00f3 a Estados Unidos como inmigrante) llamado [&hellip;]<\/p>\n","protected":false},"author":1,"featured_media":2440,"comment_status":"open","ping_status":"closed","sticky":false,"template":"","format":"standard","meta":[],"categories":[7],"tags":[],"_links":{"self":[{"href":"http:\/\/nuevacordoba.net\/index.php\/wp-json\/wp\/v2\/posts\/2439"}],"collection":[{"href":"http:\/\/nuevacordoba.net\/index.php\/wp-json\/wp\/v2\/posts"}],"about":[{"href":"http:\/\/nuevacordoba.net\/index.php\/wp-json\/wp\/v2\/types\/post"}],"author":[{"embeddable":true,"href":"http:\/\/nuevacordoba.net\/index.php\/wp-json\/wp\/v2\/users\/1"}],"replies":[{"embeddable":true,"href":"http:\/\/nuevacordoba.net\/index.php\/wp-json\/wp\/v2\/comments?post=2439"}],"version-history":[{"count":0,"href":"http:\/\/nuevacordoba.net\/index.php\/wp-json\/wp\/v2\/posts\/2439\/revisions"}],"wp:featuredmedia":[{"embeddable":true,"href":"http:\/\/nuevacordoba.net\/index.php\/wp-json\/wp\/v2\/media\/2440"}],"wp:attachment":[{"href":"http:\/\/nuevacordoba.net\/index.php\/wp-json\/wp\/v2\/media?parent=2439"}],"wp:term":[{"taxonomy":"category","embeddable":true,"href":"http:\/\/nuevacordoba.net\/index.php\/wp-json\/wp\/v2\/categories?post=2439"},{"taxonomy":"post_tag","embeddable":true,"href":"http:\/\/nuevacordoba.net\/index.php\/wp-json\/wp\/v2\/tags?post=2439"}],"curies":[{"name":"wp","href":"https:\/\/api.w.org\/{rel}","templated":true}]}}