{"id":2450,"date":"2021-03-25T10:58:30","date_gmt":"2021-03-25T10:58:30","guid":{"rendered":"http:\/\/nuevacordoba.net\/index.php\/2021\/03\/25\/la-llamativa-grieta-entre-maximo-y-cristina-en-la-discusion-por-los-biocombustibles\/"},"modified":"2021-03-25T10:58:30","modified_gmt":"2021-03-25T10:58:30","slug":"la-llamativa-grieta-entre-maximo-y-cristina-en-la-discusion-por-los-biocombustibles","status":"publish","type":"post","link":"http:\/\/nuevacordoba.net\/index.php\/2021\/03\/25\/la-llamativa-grieta-entre-maximo-y-cristina-en-la-discusion-por-los-biocombustibles\/","title":{"rendered":"La llamativa grieta entre M\u00e1ximo y Cristina en la discusi\u00f3n por los biocombustibles"},"content":{"rendered":"<div><img src=\"http:\/\/nuevacordoba.net\/wp-content\/uploads\/2021\/03\/la-llamativa-grieta-entre-maximo-y-cristina-en-la-discusion-por-los-biocombustibles.jpg\" class=\"ff-og-image-inserted\"><\/div>\n<p>\u201cNunca se van a pelear, pero tienen diferencias en algunas cuestiones\u201d, fue la explicaci\u00f3n de un dirigente K cordob\u00e9s que conoce la relaci\u00f3n personal y pol\u00edtica entre Cristina Fern\u00e1ndez y su hijo M\u00e1ximo Kirchner.<\/p>\n<p>Esta explicaci\u00f3n no alcanza para entender lo que sucedi\u00f3 entre ambos en la discusi\u00f3n en el Congreso por la pr\u00f3rroga del r\u00e9gimen de beneficios para los biocombustibles.&nbsp;<\/p>\n<p>Nadie cree que est\u00e9n peleados. Ayer compartieron un acto en Las Flores, por un nuevo aniversario por el golpe militar de 1976.<\/p>\n<p>Sin embargo, la vicepresidenta y el diputado nacional, llamativamente, tienen posiciones distintas, en un debate atravesado por intereses econ\u00f3micos y pol\u00edticos, en un a\u00f1o electoral.<\/p>\n<div class=\"block-ad-node\">\n<div>\n<p> <span>Publicidad<\/span> <\/p>\n<\/div>\n<\/div>\n<p>Las provincias petroleras gobernadas en su mayor\u00eda por kirchneristas o aliados resisten la continuidad de la promoci\u00f3n de los biocombustibles.<\/p>\n<p>Mientras que las provincias agroindustriales, como C\u00f3rdoba, por ejemplo, presionan para mantener los beneficios para los combustibles alternativos.<\/p>\n<p>Cristina Fern\u00e1ndez aval\u00f3 un acuerdo con la oposici\u00f3n en el Senado para prorrogar por cuatro a\u00f1os la vigencia de la ley 26.093 que fomenta la producci\u00f3n de los biocombustibles.<\/p>\n<p>La media sanci\u00f3n sali\u00f3 por unanimidad, el 30 de octubre pasado.&nbsp;<\/p>\n<div class=\"block-ad-node\">\n<div>\n<p> <span>Publicidad<\/span> <\/p>\n<\/div>\n<\/div>\n<p class=\"SubTitulo\">Beneficios<\/p>\n<p>En l\u00edneas generales, esta norma que fue promovida por N\u00e9stor Kirchner en el a\u00f1o 2006, establece que los combustibles l\u00edquidos en base a petr\u00f3leo deben contener \u201ccortes\u201d (participaci\u00f3n) de un 12% de bioetanol y un 10% de biodi\u00e9sel.<\/p>\n<p>Las petroleras, entre ellas, la estatal YPF, hoy est\u00e1n obligadas a comprar los combustibles alternativos a productores del interior, con un cupo y precio establecidos por la Secretar\u00eda de Energ\u00eda de la Naci\u00f3n.<\/p>\n<div class=\"block-ad-node\">\n<div>\n<p> <span>Publicidad<\/span> <\/p>\n<\/div>\n<\/div>\n<p>Es decir, una promoci\u00f3n reglamentada pero beneficiosa para incentivar la expansi\u00f3n de la \u201cindustria verde\u201d, como se denomina a los biocombustibles.<\/p>\n<p>La norma tiene vigencia hasta el pr\u00f3ximo 12 de mayo. Si no hay pr\u00f3rroga o una nueva ley, se caen los beneficios para el sector.<\/p>\n<p class=\"TextoDestacado\">Con el apoyo de Cristina Fern\u00e1ndez y los senadores del Frente de Todos, las c\u00e1maras empresarias de biodi\u00e9sel y bioetanol creyeron que la aprobaci\u00f3n de la extensi\u00f3n ser\u00eda un \u201ctr\u00e1mite\u201d en la C\u00e1mara de Diputados.<\/p>\n<p>Juntos por el Cambio y el bloque Federal respaldaban lo aprobado en el Senado que gestion\u00f3 el cristinismo.<\/p>\n<p>Sin embargo, surgieron diferencias inesperadas. M\u00e1ximo Kirchner, titular del bloque del Frente de Todos, fren\u00f3 la aprobaci\u00f3n.<\/p>\n<p>Desde un primer momento, el hijo de la vicepresidenta consider\u00f3 que cuatro a\u00f1os \u201ceran muchos\u201d y que se deb\u00eda discutir una nueva ley.<\/p>\n<p><span class=\"SubTitulo\">Conflicto<\/span><\/p>\n<p>La posici\u00f3n de M\u00e1ximo Kirchner sorprendi\u00f3 hasta a los diputados de su bloque.<\/p>\n<p>Todos estaban convencidos de que en la C\u00e1mara Baja se iba a aprobar sin discusiones lo que el cristinismo acord\u00f3 con la oposici\u00f3n en el Senado.<\/p>\n<p class=\"TextoDestacado\">En lo pol\u00edtico, los m\u00e1s afectados por esta posici\u00f3n de M\u00e1ximo Kirchner son los diputados del Frente de Todos de C\u00f3rdoba, Santa Fe, Tucum\u00e1n y Entre R\u00edos, donde es muy fuerte la industria de los combustibles alternativos en base a soja, ma\u00edz y la ca\u00f1a de az\u00facar.<\/p>\n<p>Sin hacer declaraciones p\u00fablicas, los tres diputados cordobeses oficialistas (Gabriela Est\u00e9vez, Pablo Carro y Eduardo Fern\u00e1ndez) le transmitieron al presidente del bloque que ser\u00eda \u201cdif\u00edcil de explicar\u201d en C\u00f3rdoba que se dejen caer los beneficios para los biocombustibles, en un a\u00f1o electoral.<\/p>\n<p>No es un dato aleatorio que en C\u00f3rdoba, Santa Fe y Tucum\u00e1n se eligen senadores nacionales en octubre.<\/p>\n<p><span class=\"SubTitulo\">Los motivos<\/span><\/p>\n<p>Cuando la discusi\u00f3n se trab\u00f3 en la C\u00e1mara Baja, muchos legisladores opositores culparon a Sergio Massa, titular de la C\u00e1mara de Diputados, por esta situaci\u00f3n.<\/p>\n<p>Al dirigente bonaerense se le achaca defender los intereses de las empresas petroleras, que exigen anular o restringir los beneficios para los combustibles alternativos.<\/p>\n<p>M\u00e1s all\u00e1 de que es probable que Massa est\u00e9 del lado de las petroleras, el argumento central de M\u00e1ximo Kirchner para modificar la ley 26.093 ser\u00eda \u201cdefender los intereses de YPF\u00bb, por sobre los de las empresas agroindustriales que producen biocombustibles, seg\u00fan se escuch\u00f3 en el entorno del titular del bloque oficialista.<\/p>\n<p>En este contexto, las pr\u00f3ximas horas ser\u00e1n cruciales en esta pulseada de intereses econ\u00f3micos y tambi\u00e9n pol\u00edticos.<\/p>\n<p>Hoy, Juntos por el Cambio, con el apoyo de los diputados peronistas del bloque Federal, entre ellos, los cuatro peronistas, impulsa una sesi\u00f3n especial para aprobar la ley como sali\u00f3 del Senado.<\/p>\n<p>Deben alcanzar el cu\u00f3rum de 129 diputados. Estar\u00edan cerca, pero lo m\u00e1s probable es que no logren ese objetivo.<\/p>\n<p>Por su parte, M\u00e1ximo Kirchner tampoco tendr\u00eda los 129 votos para sancionar una nueva ley.<\/p>\n<p class=\"TextoDestacado\">Por lo cual, lo m\u00e1s probable es que en Diputados se apruebe una pr\u00f3rroga de la ley 26.093, pero por un a\u00f1o o un a\u00f1o y medio como m\u00e1ximo.<\/p>\n<p>En ese per\u00edodo se deber\u00eda discutir una nueva norma. Aunque las diferencias son grandes.<\/p>\n<p>La oposici\u00f3n y peronistas disidentes quieren mantener el actual r\u00e9gimen de promoci\u00f3n, mientras que M\u00e1ximo Kirchner impulsa una reducci\u00f3n de casi el 50% de los beneficios que hoy tienen las empresas que producen biocombustibles.<\/p>\n<p>La duda que hoy atraviesa al Congreso es qu\u00e9 sucedi\u00f3 entre Cristina y su hijo M\u00e1ximo.<\/p>\n<p>Para quienes conocen esa relaci\u00f3n aseguran que entre ellos apareci\u00f3 YPF, administrada por dirigentes que responden a La C\u00e1mpora, presionando para mantener sus intereses como petrolera, por sobre las empresas agroindustriales.<\/p>\n<p>En una reuni\u00f3n de la comisi\u00f3n de Energ\u00eda, un diputado opositor pregunt\u00f3 en voz alta \u00bfQu\u00e9 piensa el Presidente de la Naci\u00f3n sobre este tema? La \u00fanica respuesta de los legisladores oficialistas fue el silencio&#8230;.<\/p>\n<div class=\"ctaNewsNotaContainer\" readability=\"6.5\">\n<div class=\"newsletterTextContainer\" readability=\"33\">\n<p> S\u00cdNTESIS POL\u00cdTICA<\/p>\n<p> Informaci\u00f3n exclusiva y el mejor an\u00e1lisis, los lunes en tu correo.<\/p>\n<form method=\"post\" action-xhr=\"https:\/\/www.lavoz.com.ar\/newsletters\/sintesis-politica\/signup\" id=\"newsletter-signup\" class=\"newsletterForm\" target=\"_blank\" custom-validation-reporting=\"as-you-go\" on=\"submit:AMP.setState({formLoading:true});submit-success:AMP.setState({formSuccess:true})\">\n<div submit-success class=\"is-paddingless-l\" readability=\"6\"> <template type=\"amp-mustache\" readability=\"2\"><\/p>\n<p> <strong>\u00a1Gracias por suscribirte!<\/strong><\/p>\n<p> <\/template><\/div>\n<div submit-error class=\"is-paddingless-l\" readability=\"6.5\"> <template type=\"amp-mustache\" readability=\"3\"><\/p>\n<p> <strong>Ha ocurrido un error, por favor intente nuevamente m\u00e1s tarde.<\/strong><\/p>\n<p> <\/template><\/div>\n<\/form>\n<\/div>\n<\/div>\n<div>\n<p> <span>Publicidad<\/span> <\/p>\n<\/div>\n","protected":false},"excerpt":{"rendered":"<p>\u201cNunca se van a pelear, pero tienen diferencias en algunas cuestiones\u201d, fue la explicaci\u00f3n de un dirigente K cordob\u00e9s que conoce la relaci\u00f3n personal y pol\u00edtica entre Cristina Fern\u00e1ndez y su hijo M\u00e1ximo Kirchner. Esta explicaci\u00f3n no alcanza para entender lo que sucedi\u00f3 entre ambos en la discusi\u00f3n en el Congreso por la pr\u00f3rroga del [&hellip;]<\/p>\n","protected":false},"author":1,"featured_media":2451,"comment_status":"closed","ping_status":"closed","sticky":false,"template":"","format":"standard","meta":[],"categories":[12],"tags":[],"_links":{"self":[{"href":"http:\/\/nuevacordoba.net\/index.php\/wp-json\/wp\/v2\/posts\/2450"}],"collection":[{"href":"http:\/\/nuevacordoba.net\/index.php\/wp-json\/wp\/v2\/posts"}],"about":[{"href":"http:\/\/nuevacordoba.net\/index.php\/wp-json\/wp\/v2\/types\/post"}],"author":[{"embeddable":true,"href":"http:\/\/nuevacordoba.net\/index.php\/wp-json\/wp\/v2\/users\/1"}],"replies":[{"embeddable":true,"href":"http:\/\/nuevacordoba.net\/index.php\/wp-json\/wp\/v2\/comments?post=2450"}],"version-history":[{"count":0,"href":"http:\/\/nuevacordoba.net\/index.php\/wp-json\/wp\/v2\/posts\/2450\/revisions"}],"wp:featuredmedia":[{"embeddable":true,"href":"http:\/\/nuevacordoba.net\/index.php\/wp-json\/wp\/v2\/media\/2451"}],"wp:attachment":[{"href":"http:\/\/nuevacordoba.net\/index.php\/wp-json\/wp\/v2\/media?parent=2450"}],"wp:term":[{"taxonomy":"category","embeddable":true,"href":"http:\/\/nuevacordoba.net\/index.php\/wp-json\/wp\/v2\/categories?post=2450"},{"taxonomy":"post_tag","embeddable":true,"href":"http:\/\/nuevacordoba.net\/index.php\/wp-json\/wp\/v2\/tags?post=2450"}],"curies":[{"name":"wp","href":"https:\/\/api.w.org\/{rel}","templated":true}]}}