{"id":24604,"date":"2022-09-23T03:56:05","date_gmt":"2022-09-23T03:56:05","guid":{"rendered":"http:\/\/nuevacordoba.net\/index.php\/2022\/09\/23\/con-variedad-de-performances-artisticas-se-presento-el-festival-audiovisual-de-bariloche\/"},"modified":"2022-09-23T03:56:05","modified_gmt":"2022-09-23T03:56:05","slug":"con-variedad-de-performances-artisticas-se-presento-el-festival-audiovisual-de-bariloche","status":"publish","type":"post","link":"http:\/\/nuevacordoba.net\/index.php\/2022\/09\/23\/con-variedad-de-performances-artisticas-se-presento-el-festival-audiovisual-de-bariloche\/","title":{"rendered":"Con variedad de performances art\u00edsticas se present\u00f3 el Festival Audiovisual de Bariloche"},"content":{"rendered":"<figure class=\"mb-3\"><img loading=\"lazy\" src=\"http:\/\/nuevacordoba.net\/wp-content\/uploads\/2022\/09\/con-variedad-de-performances-artisticas-se-presento-el-festival-audiovisual-de-bariloche.jpg\" width=\"100%\" height=\"100%\" alt=\"Zaffanella Incaa el secretario de Cultura Avalos la gobernadora Carreras Batlle Incaa y Calvo director del Polo Audiovisual Foto Eugenia Neme\"><figcaption> Zaffanella (Incaa), el secretario de Cultura Avalos, la gobernadora Carreras, Batlle (Incaa) y Calvo, director del Polo Audiovisual. \/ Foto: Eugenia Neme <\/figcaption><\/figure>\n<p>La apertura del <strong>10mo. Festival Audiovisual Bariloche<\/strong> (FAB) se realiz\u00f3 la noche del mi\u00e9rcolers en el teatro La Baita con destacadas performances acrob\u00e1ticas, visuales y musicales y presencia de la gobernadora de R\u00edo Negro, <strong>Arabela Carreras<\/strong>, intendentes locales y funcionarios del sector.<\/p>\n<p><strong>Una nutrida concurrencia de espectadores colm\u00f3 las cuadras alrededor del teatro local<\/strong> y pugn\u00f3 por conseguir sus entradas para el largometraje invitado que sucedi\u00f3 a la presentaci\u00f3n del FAB,<strong> \u00abPatagonia sincera\u00bb, de Grego Campi<\/strong>, pero muchos debieron quedarse afuera a partir del inter\u00e9s que suscit\u00f3 el evento inaugural.<\/p>\n<p>La fr\u00eda noche patag\u00f3nica <strong>convoc\u00f3 a m\u00e1s cantidad de entusiastas audiovisuales de los que la capacidad del teatro La Baita pudo albergar, pero los espectadores tendr\u00e1n tiempo hasta el pr\u00f3ximo s\u00e1bado para poder ver la gran y variada selecci\u00f3n de cortos y largometrajes narrativos, documentales y hasta obras de video arte instalaci\u00f3n y de video danza<\/strong>, con entradas gratuitas para retirar media hora antes del comienzo de cada evento.<\/p>\n<p>Los n\u00fameros de apertura de la presentaci\u00f3n comenzaron con una destacada performance acrob\u00e1tica de la artista local <strong>Malena Richter<\/strong> y <strong>una actuaci\u00f3n vocal de la cantante mapuche Anah\u00ed Mariluan<\/strong>, quien interpret\u00f3 una pieza musical en su lengua aut\u00f3ctona.<\/p>\n<p>Luego, son\u00f3 durante varios minutos una versi\u00f3n extendida e instrumental de <strong>\u00abAltar\u00bb <\/strong>de<strong> Gustavo Cerati<\/strong> para dar lugar a im\u00e1genes en movimiento de los paisajes locales y un recorrido breve con algunos de los protagonistas del FAB.<\/p>\n<p>Tambi\u00e9n se present\u00f3 un tr\u00edo conformado por el guitarrista y cantante <strong>Daniel Lugones, Mariel Valy<\/strong>, que acompa\u00f1\u00f3 el n\u00famero musical con un palo de lluvia, y la labor en percusi\u00f3n de <strong>Carlitos Casalla<\/strong>.<\/p>\n<p>Para el cierre de la presentaci\u00f3n, adem\u00e1s de una proyecci\u00f3n de visuales psicod\u00e9licas que dieron lugar al banner oficial del festival, subieron al escenario los nueve artistas integrantes de La Nube, que, en interacci\u00f3n del p\u00fablico imitando sonido con sus palmas, realizaron un esmerado trabajo de percusi\u00f3n para animar la velada y dar por inaugurado el encuentro audiovisual ante la aclamaci\u00f3n del p\u00fablico.<\/p>\n<p>Adem\u00e1s de la gobernadora, la delegaci\u00f3n de funcionarios incluy\u00f3 al vicepresidente en ejercicio de la presidencia del Incaa, <strong>Nicol\u00e1s Batlle <\/strong>y&nbsp;de la subgerencia de Desarrollo Federal del organismo&nbsp;<strong>Juan Pablo Zaffanella<\/strong>; el secretario de Cultura provincial,&nbsp;<strong>Ariel \u00c1valos<\/strong>; el director del Polo Audiovisual, <strong>Cristi\u00e1n Calvo<\/strong>, y los intendentes <strong>Diego Ramello<\/strong> (Choele Choel) <strong>M\u00f3nica Balseira<\/strong> (Dina Huapi) y <strong>Mariano Lav\u00edn<\/strong> (Fern\u00e1ndez Oro), entre otros.<\/p>\n<p>En di\u00e1logo con T\u00e9lam tras la presentaci\u00f3n, Batlle subray\u00f3 que el FAB <strong>\u00abes un festival important\u00edsimo para la ciudad, la provincia, la regi\u00f3n y para nuestro pa\u00eds entero\u00bb<\/strong> a partir de que <strong>\u00abson diez a\u00f1os y nunca es f\u00e1cil la continuidad de eventos culturales como este\u00bb.<\/strong><\/p>\n<figure class=\"mb-3\"><img loading=\"lazy\" src=\"http:\/\/nuevacordoba.net\/wp-content\/uploads\/2022\/09\/con-variedad-de-performances-artisticas-se-presento-el-festival-audiovisual-de-bariloche-1.jpg\" width=\"100%\" height=\"100%\" alt=\"La cantante mapuche Anah Mariluan Foto Eugenia Neme\"><figcaption> La cantante mapuche Anah\u00ed Mariluan \/ Foto: Eugenia Neme <\/figcaption><\/figure>\n<p><br open><strong>\u00abEs de destacar la posibilidad de que durante una d\u00e9cada se haya podido mantener el FAB e importante la vuelta a la presencialidad. Es un festival que tiene un pasado, un presente, como podemos ver con salas llenas, y sobre todo, con mucho futuro\u00bb.<\/strong><\/p>\n<p>El responsable del Incaa <strong>consider\u00f3 adem\u00e1s que R\u00edo Negro merece una \u00abfelicitaci\u00f3n\u00bb porque \u00abest\u00e1 haciendo un desarrollo audiovisual muy importante y desde el Instituto se celebra\u00bb ese desempe\u00f1o<\/strong>.<\/p>\n<p>Adem\u00e1s, durante su discurso en la presentaci\u00f3n del FAB, Batlle respald\u00f3 las palabras del programador y director del festival, <strong>Diego Carriqueo<\/strong>, respecto de la preocupaci\u00f3n en el tratamiento del proyecto de las asignaciones espec\u00edficas para la cultura.<\/p>\n<p><strong>\u00abDefendamos nuestra cultura para tener la posibilidad de seguir creando estas cosas maravillosas, este espejo donde mirarnos. Por m\u00e1s cultura nacional, por m\u00e1s cine nacional\u00bb<\/strong>, sostuvo.<\/p>\n<p>En tanto, Carriqueo destac\u00f3 la vuelta a la presencialidad y <strong>plante\u00f3 que dentro del festival se generan otros espacios \u00abpara encontrarnos y seguir pensando para qu\u00e9 estamos y para qu\u00e9 hacemos lo que hacemos\u00bb, tras agradecer a los realizadores, \u00abquienes son los verdaderos protagonistas\u00bb.<\/strong><\/p>\n<p>Estuvieron tambi\u00e9n presentes <strong>delegaciones de las escuelas de cine de la Patagonia de Argentina y Chile<\/strong>, luego de que los dos a\u00f1os de pandemia impidieran realizar el encuentro de manera presencial.<\/p>\n<p><strong>\u00abEs un orgullo porque hemos visto c\u00f3mo el festival ha ido creciendo y desarroll\u00e1ndose y c\u00f3mo incide en el movimiento audiovisual de la provincia porque son muchas cosas que acontecieron en estos diez a\u00f1os\u00bb<\/strong>, cont\u00f3 \u00c1valos en di\u00e1logo con esta agencia.<\/p>\n<p>El funcionario agreg\u00f3 que <strong>\u00abR\u00edo Negro consolid\u00f3 al FAB como una base de todo el movimiento audiovisual y eso permiti\u00f3 trabajar un proyecto de ley de cine para la provincia, tener una Film Commission Provincial, un consejo asesor y realizar las primeras convocatorias para proyectos audiovisuales de realizadores de la provincia, cuyos premios ya se pagaron\u00bb<\/strong>.<\/p>\n<p><strong>\u00abEstamos contentos, no satisfechos, porque siempre falta seguir incluyendo sectores y dise\u00f1ando m\u00e1s pol\u00edticas que generen mayores oportunidades y puedan ser m\u00e1s \u00fatiles a todo el sector. Quedan muchas cosas, como promocionar a R\u00edo Negro como un polo audiovisual\u00bb<\/strong>, concluy\u00f3. <\/p>\n","protected":false},"excerpt":{"rendered":"<p>Zaffanella (Incaa), el secretario de Cultura Avalos, la gobernadora Carreras, Batlle (Incaa) y Calvo, director del Polo Audiovisual. \/ Foto: Eugenia Neme La apertura del 10mo. Festival Audiovisual Bariloche (FAB) se realiz\u00f3 la noche del mi\u00e9rcolers en el teatro La Baita con destacadas performances acrob\u00e1ticas, visuales y musicales y presencia de la gobernadora de R\u00edo [&hellip;]<\/p>\n","protected":false},"author":1,"featured_media":24605,"comment_status":"closed","ping_status":"closed","sticky":false,"template":"","format":"standard","meta":[],"categories":[9],"tags":[],"_links":{"self":[{"href":"http:\/\/nuevacordoba.net\/index.php\/wp-json\/wp\/v2\/posts\/24604"}],"collection":[{"href":"http:\/\/nuevacordoba.net\/index.php\/wp-json\/wp\/v2\/posts"}],"about":[{"href":"http:\/\/nuevacordoba.net\/index.php\/wp-json\/wp\/v2\/types\/post"}],"author":[{"embeddable":true,"href":"http:\/\/nuevacordoba.net\/index.php\/wp-json\/wp\/v2\/users\/1"}],"replies":[{"embeddable":true,"href":"http:\/\/nuevacordoba.net\/index.php\/wp-json\/wp\/v2\/comments?post=24604"}],"version-history":[{"count":0,"href":"http:\/\/nuevacordoba.net\/index.php\/wp-json\/wp\/v2\/posts\/24604\/revisions"}],"wp:featuredmedia":[{"embeddable":true,"href":"http:\/\/nuevacordoba.net\/index.php\/wp-json\/wp\/v2\/media\/24605"}],"wp:attachment":[{"href":"http:\/\/nuevacordoba.net\/index.php\/wp-json\/wp\/v2\/media?parent=24604"}],"wp:term":[{"taxonomy":"category","embeddable":true,"href":"http:\/\/nuevacordoba.net\/index.php\/wp-json\/wp\/v2\/categories?post=24604"},{"taxonomy":"post_tag","embeddable":true,"href":"http:\/\/nuevacordoba.net\/index.php\/wp-json\/wp\/v2\/tags?post=24604"}],"curies":[{"name":"wp","href":"https:\/\/api.w.org\/{rel}","templated":true}]}}