{"id":24608,"date":"2022-09-22T21:50:34","date_gmt":"2022-09-22T21:50:34","guid":{"rendered":"https:\/\/cordoba.gob.ar\/?p=33739"},"modified":"2022-09-22T21:50:34","modified_gmt":"2022-09-22T21:50:34","slug":"la-ciudad-es-sede-del-mayor-evento-de-diseno-y-arquitectura-del-interior-del-pais","status":"publish","type":"post","link":"http:\/\/nuevacordoba.net\/index.php\/2022\/09\/22\/la-ciudad-es-sede-del-mayor-evento-de-diseno-y-arquitectura-del-interior-del-pais\/","title":{"rendered":"La ciudad es sede del mayor evento de dise\u00f1o y arquitectura del interior del pa\u00eds"},"content":{"rendered":"<div><img src=\"http:\/\/nuevacordoba.net\/wp-content\/uploads\/2022\/09\/la-ciudad-es-sede-del-mayor-evento-de-diseno-y-arquitectura-del-interior-del-pais.jpg\" class=\"ff-og-image-inserted\"><\/div>\n<ul>\n<li><strong>Mart\u00edn Llaryora recorri\u00f3 la Expo Estilo Casa, donde m\u00e1s de 200 expositores se presentan el fin de semana.<\/strong><\/li>\n<li><strong>La actividad se desarrolla por cuatro d\u00edas, desde hoy hasta el domingo, en el Complejo Ferial C\u00f3rdoba.<\/strong><\/li>\n<\/ul>\n<hr>\n<p>El intendente Mart\u00edn Llaryora visit\u00f3 la Expo Estilo Casa. Se trata del evento de dise\u00f1o y arquitectura m\u00e1s importante del interior del pa\u00eds, que se desarrolla en la Ciudad de C\u00f3rdoba.<\/p>\n<p>El evento, organizado en conjunto por la C\u00e1mara Argentina de la Madera y Equipamiento de C\u00f3rdoba (CAMMEC) y La Voz del Interior, tiene una nueva edici\u00f3n luego de dos a\u00f1os de interrupci\u00f3n por la pandemia.<\/p>\n<p>La muestra se desarrolla en el Complejo Ferial C\u00f3rdoba (Av. C\u00e1rcano s\/n), donde m\u00e1s de 200 expositores de todo el pa\u00eds presentan las \u00faltimas tendencias en interiorismo, dise\u00f1o, mobiliario y arquitectura.<\/p>\n<p>Habr\u00e1 charlas, distintas actividades, una feria gastron\u00f3mica y un espacio dedicado a las infancias, con propuestas de huertas, plantaci\u00f3n, compost y cuidados naturales.<\/p>\n<p>Estar\u00e1 abierta entre los d\u00edas 22 y 25 de septiembre, de 14 a 22 horas, y tendr\u00e1 un especial foco puesto en la cuesti\u00f3n ambiental, con un medidor de huella de carbono para cada persona y el incentivo del uso de bicicleta.<\/p>\n<p>Al ser la 4\u00b0 edici\u00f3n abordando la tem\u00e1tica de concientizaci\u00f3n ambiental, se medir\u00e1 la huella de carbono de la producci\u00f3n de la feria y la de visitantes para as\u00ed tomar las medidas necesarias para mitigar nuestro consumo de di\u00f3xido de carbono, plantando \u00e1rboles en diferentes partes de la ciudad.<\/p>\n<p>El complejo cuenta con estacionamiento propio, vigilancia permanente, sanitarios, aire acondicionado y food trucks al aire libre.<\/p>\n<p>Las entradas se pueden adquirir en www.tiendaestilocasa.com, con promociones de dos y de cuatro entradas.<\/p>\n","protected":false},"excerpt":{"rendered":"<p>Mart\u00edn Llaryora recorri\u00f3 la Expo Estilo Casa, donde m\u00e1s de 200 expositores se presentan el fin de semana. La actividad se desarrolla por cuatro d\u00edas, desde hoy hasta el domingo, en el Complejo Ferial C\u00f3rdoba. El intendente Mart\u00edn Llaryora visit\u00f3 la Expo Estilo Casa. Se trata del evento de dise\u00f1o y arquitectura m\u00e1s importante del [&hellip;]<\/p>\n","protected":false},"author":1,"featured_media":24609,"comment_status":"closed","ping_status":"closed","sticky":false,"template":"","format":"standard","meta":[],"categories":[14],"tags":[],"_links":{"self":[{"href":"http:\/\/nuevacordoba.net\/index.php\/wp-json\/wp\/v2\/posts\/24608"}],"collection":[{"href":"http:\/\/nuevacordoba.net\/index.php\/wp-json\/wp\/v2\/posts"}],"about":[{"href":"http:\/\/nuevacordoba.net\/index.php\/wp-json\/wp\/v2\/types\/post"}],"author":[{"embeddable":true,"href":"http:\/\/nuevacordoba.net\/index.php\/wp-json\/wp\/v2\/users\/1"}],"replies":[{"embeddable":true,"href":"http:\/\/nuevacordoba.net\/index.php\/wp-json\/wp\/v2\/comments?post=24608"}],"version-history":[{"count":0,"href":"http:\/\/nuevacordoba.net\/index.php\/wp-json\/wp\/v2\/posts\/24608\/revisions"}],"wp:featuredmedia":[{"embeddable":true,"href":"http:\/\/nuevacordoba.net\/index.php\/wp-json\/wp\/v2\/media\/24609"}],"wp:attachment":[{"href":"http:\/\/nuevacordoba.net\/index.php\/wp-json\/wp\/v2\/media?parent=24608"}],"wp:term":[{"taxonomy":"category","embeddable":true,"href":"http:\/\/nuevacordoba.net\/index.php\/wp-json\/wp\/v2\/categories?post=24608"},{"taxonomy":"post_tag","embeddable":true,"href":"http:\/\/nuevacordoba.net\/index.php\/wp-json\/wp\/v2\/tags?post=24608"}],"curies":[{"name":"wp","href":"https:\/\/api.w.org\/{rel}","templated":true}]}}