{"id":24610,"date":"2022-09-23T10:59:40","date_gmt":"2022-09-23T10:59:40","guid":{"rendered":"http:\/\/nuevacordoba.net\/index.php\/2022\/09\/23\/sanchez-prometio-buscar-un-acercamiento-ue-america-latina-y-critico-a-rusia\/"},"modified":"2022-09-23T10:59:40","modified_gmt":"2022-09-23T10:59:40","slug":"sanchez-prometio-buscar-un-acercamiento-ue-america-latina-y-critico-a-rusia","status":"publish","type":"post","link":"http:\/\/nuevacordoba.net\/index.php\/2022\/09\/23\/sanchez-prometio-buscar-un-acercamiento-ue-america-latina-y-critico-a-rusia\/","title":{"rendered":"S\u00e1nchez prometi\u00f3 buscar un acercamiento UE-Am\u00e9rica latina y critic\u00f3 a Rusia"},"content":{"rendered":"<figure class=\"mb-3\"><img loading=\"lazy\" src=\"http:\/\/nuevacordoba.net\/wp-content\/uploads\/2022\/09\/sanchez-prometio-buscar-un-acercamiento-ue-america-latina-y-critico-a-rusia.jpg\" width=\"100%\" height=\"100%\" alt=\"Snchez prometi un acercamiento con Amrica Latina \"><figcaption> S\u00e1nchez prometi\u00f3 un acercamiento con Am\u00e9rica Latina <\/figcaption><\/figure>\n<p>El presidente del Gobierno de Espa\u00f1a, Pedro S\u00e1nchez, se comprometi\u00f3 este jueves a promover un \u201cmayor acercamiento\u201d entre Europa y Am\u00e9rica Latina cuando a Madrid le toque la presidencia de la Uni\u00f3n Europea, en el segundo semestre del a\u00f1o pr\u00f3ximo, \u201cpara revitalizar la alianza\u201d entre los dos bloques.<\/p>\n<p><strong>\u00abQueremos que Europa reafirme su mirada amplia y estrat\u00e9gica hacia Am\u00e9rica Latina y el Caribe, buscando revitalizar una alianza fundamental entre ambas regiones, y tambi\u00e9n hacia la vecindad sur, a la que debe prestar mayor atenci\u00f3n\u00bb<\/strong>, subray\u00f3 S\u00e1nchez.<\/p>\n<p>Al espa\u00f1ol le toc\u00f3 este jueves hablar ante la Asamblea General de la ONU, oportunidad en la que evalu\u00f3 que esa \u201cvecindad sur\u201d tiene <strong>\u201cun papel fundamental que desempe\u00f1ar en el mundo, empezando por la defensa de la democracia\u00bb, pro adem\u00e1s requiere de \u201capoyo internacional, incluso para hacer frente a la lucha contra el narcotr\u00e1fico\u201d.<\/strong><\/p>\n<p>Remarc\u00f3 tambi\u00e9n su apuesta por el multilateralismo y manifest\u00f3 su \u00abesperanza en el futuro y confianza\u00bb en Naciones Unidas, sacudida por la invasi\u00f3n rusa de Ucrania hace 7 meses.<\/p>\n<p>Conden\u00f3 al respecto, \u00aben los t\u00e9rminos m\u00e1s en\u00e9rgicos\u00bb, el <strong>anuncio de \u201clos falsos refer\u00e9ndums\u201d de anexi\u00f3n en los territorios prorrusos de Donesk, Lugansk y Jers\u00f3n en Ucrania, que significar\u00edan \u201cuna nueva violaci\u00f3n de la legalidad internacional <\/strong>por parte de (el presidente ruso, Vladimir) Putin\u00bb, y asegur\u00f3 que \u00absu resultado nunca ser\u00e1 reconocido\u00bb.<\/p>\n<p>En t\u00e9rminos similares que us\u00f3 antes, en una conferencia de prensa, el jefe de Gobierno afirm\u00f3 que Espa\u00f1a \u201cseguir\u00e1 apoyando la independencia, la soberan\u00eda y la integridad territorial de Ucrania\u00bb, report\u00f3 la agencia AFP.<\/p>\n<blockquote class=\"twitter-tweet\" readability=\"7.7783933518006\">\n<p lang=\"es\" dir=\"ltr\">Am\u00e9rica Latina y el Caribe tienen un papel fundamental que desempe\u00f1ar en el mundo, empezando por la defensa de la democracia. Espa\u00f1a trabajar\u00e1 desde la Presidencia de la UE para lograr un mayor acercamiento y revitalizar una alianza fundamental entre nuestras regiones.<a href=\"https:\/\/twitter.com\/hashtag\/UNGA?src=hash&amp;ref_src=twsrc%5Etfw\">#UNGA<\/a> <a href=\"https:\/\/t.co\/N4OCwv0vBJ\">pic.twitter.com\/N4OCwv0vBJ<\/a><\/p>\n<p>\u2014 Pedro S\u00e1nchez (@sanchezcastejon) <a href=\"https:\/\/twitter.com\/sanchezcastejon\/status\/1573088754561998848?ref_src=twsrc%5Etfw\">September 22, 2022<\/a><\/p><\/blockquote>\n<p><strong>Sobre el S\u00e1hara Occidental, cuesti\u00f3n en la que Madrid apoya la tesis marroqu\u00ed para resolver el conflicto, lo que le vali\u00f3 la queja de Argelia<\/strong>, socio importante comercial y suministrador de gas a Espa\u00f1a, S\u00e1nchez explic\u00f3 que \u00abno podemos arrastrar conflictos del siglo pasado\u00bb.<\/p>\n<p>Defendi\u00f3 as\u00ed que Espa\u00f1a \u00abapoya una soluci\u00f3n pol\u00edtica mutuamente aceptable, en el marco de la Carta de las Naciones Unidas y de las resoluciones del Consejo de Seguridad\u00bb.<\/p>\n<p>Antes, en un encuentro ante la prensa, S\u00e1nchez admiti\u00f3 preocupaci\u00f3n por la amenaza del uso de armas nucleares formulada por Putin, que fue quien \u201cinici\u00f3 esta guerra y quien debe acabarla\u201d.<\/p>\n<p><strong>\u00abEs evidente que Putin ha utilizado cualquier instrumento como arma de guerra\u00bb empezando primero por la desinformaci\u00f3n y siguiendo ahora por el petr\u00f3leo y el gas. \u00abLa preocupaci\u00f3n est\u00e1 ah\u00ed\u00bb,<\/strong> reconoci\u00f3 el mandatario, que subray\u00f3 la importancia de \u00abapelar a la prudencia\u00bb en las declaraciones y \u00abno contribuir a una escalada verbal\u201d, consign\u00f3 la agencia Europa Press.<\/p>\n<p>Neg\u00f3 adem\u00e1s que dentro de la UE hayan surgido divisiones sobre qu\u00e9 medidas adoptar frente a la guerra. \u00abNo percibo una divisi\u00f3n. Pero hay 27 estados miembro que deben sentarse a la mesa, dialogar y llegar a un acuerdo. En otras ocasiones, con paquetes de sanciones ha habido discrepancias y al final hemos llegado a un acuerdo\u00bb, ponder\u00f3.<\/p>\n<p>Finalmente, evalu\u00f3 \u201cevidente\u201d que debe reformarse \u201cel sistema de Naciones Unidas\u00bb, citando en particular el Consejo de Seguridad, y expres\u00f3 que ser\u00eda bueno avanzar \u201cpaso a paso, articulando propuestas concretas que hicieran m\u00e1s eficaz el sistema multilateral para no caer en la frustraci\u00f3n\u00bb. <\/p>\n","protected":false},"excerpt":{"rendered":"<p>S\u00e1nchez prometi\u00f3 un acercamiento con Am\u00e9rica Latina El presidente del Gobierno de Espa\u00f1a, Pedro S\u00e1nchez, se comprometi\u00f3 este jueves a promover un \u201cmayor acercamiento\u201d entre Europa y Am\u00e9rica Latina cuando a Madrid le toque la presidencia de la Uni\u00f3n Europea, en el segundo semestre del a\u00f1o pr\u00f3ximo, \u201cpara revitalizar la alianza\u201d entre los dos bloques. [&hellip;]<\/p>\n","protected":false},"author":1,"featured_media":24611,"comment_status":"closed","ping_status":"closed","sticky":false,"template":"","format":"standard","meta":[],"categories":[13],"tags":[],"_links":{"self":[{"href":"http:\/\/nuevacordoba.net\/index.php\/wp-json\/wp\/v2\/posts\/24610"}],"collection":[{"href":"http:\/\/nuevacordoba.net\/index.php\/wp-json\/wp\/v2\/posts"}],"about":[{"href":"http:\/\/nuevacordoba.net\/index.php\/wp-json\/wp\/v2\/types\/post"}],"author":[{"embeddable":true,"href":"http:\/\/nuevacordoba.net\/index.php\/wp-json\/wp\/v2\/users\/1"}],"replies":[{"embeddable":true,"href":"http:\/\/nuevacordoba.net\/index.php\/wp-json\/wp\/v2\/comments?post=24610"}],"version-history":[{"count":0,"href":"http:\/\/nuevacordoba.net\/index.php\/wp-json\/wp\/v2\/posts\/24610\/revisions"}],"wp:featuredmedia":[{"embeddable":true,"href":"http:\/\/nuevacordoba.net\/index.php\/wp-json\/wp\/v2\/media\/24611"}],"wp:attachment":[{"href":"http:\/\/nuevacordoba.net\/index.php\/wp-json\/wp\/v2\/media?parent=24610"}],"wp:term":[{"taxonomy":"category","embeddable":true,"href":"http:\/\/nuevacordoba.net\/index.php\/wp-json\/wp\/v2\/categories?post=24610"},{"taxonomy":"post_tag","embeddable":true,"href":"http:\/\/nuevacordoba.net\/index.php\/wp-json\/wp\/v2\/tags?post=24610"}],"curies":[{"name":"wp","href":"https:\/\/api.w.org\/{rel}","templated":true}]}}