{"id":24616,"date":"2022-09-23T15:05:13","date_gmt":"2022-09-23T15:05:13","guid":{"rendered":"http:\/\/nuevacordoba.net\/index.php\/2022\/09\/23\/jorge-lorenzo-la-obra-tiene-vigencia-porque-en-america-latina-hay-un-fascismo-creciente\/"},"modified":"2022-09-23T15:05:13","modified_gmt":"2022-09-23T15:05:13","slug":"jorge-lorenzo-la-obra-tiene-vigencia-porque-en-america-latina-hay-un-fascismo-creciente","status":"publish","type":"post","link":"http:\/\/nuevacordoba.net\/index.php\/2022\/09\/23\/jorge-lorenzo-la-obra-tiene-vigencia-porque-en-america-latina-hay-un-fascismo-creciente\/","title":{"rendered":"Jorge Lorenzo: \u00abLa obra tiene vigencia porque en Am\u00e9rica Latina hay un fascismo creciente\u00bb"},"content":{"rendered":"<figure class=\"mb-3\"><img loading=\"lazy\" src=\"http:\/\/nuevacordoba.net\/wp-content\/uploads\/2022\/09\/jorge-lorenzo-la-obra-tiene-vigencia-porque-en-america-latina-hay-un-fascismo-creciente.jpg\" width=\"100%\" height=\"100%\" alt=\"Jorge Lorenzo le pone el cuerpo al unipersonal Potestad \"><figcaption> Jorge Lorenzo le pone el cuerpo al unipersonal \u00abPotestad\u00bb. <\/figcaption><\/figure>\n<p>Aunque se estren\u00f3 en 1987, <strong>la obra \u201cPotestad\u201d de Eduardo \u201cTato\u201d Pavlovsky<\/strong> sube al escenario cada s\u00e1bado en el Centro Cultural de la Cooperaci\u00f3n <strong>para interpelar a su p\u00fablico sobre el silencio c\u00f3mplice de la sociedad&nbsp; durante la dictadura <\/strong>y poner en foco en la apropiaci\u00f3n de ni\u00f1os durante ese per\u00edodo de la historia argentina.<\/p>\n<p>El encargado de ponerle el cuerpo al \u00fanico personaje sobre un escenario despojado compuesto solo por dos sillas es Jorge Lorenzo, un actor de teatro y televisi\u00f3n que la mayor\u00eda de los argentinos asocian con \u201c<strong>Capece\u201d<\/strong>, un polic\u00eda violento y perverso, al que personific\u00f3 en la saga de la serie <strong>\u201cEl Marginal\u201d<\/strong>, producida por Sebasti\u00e1n Ortega.&nbsp;&nbsp;&nbsp;<\/p>\n<p>\u201cEs una obra \u00edntima que habla del silencio c\u00f3mplice de la dictadura monstruosa\u201d, sintetiza Lorenzo a la hora de justificar la vigencia del texto. Luego explica que la puesta que protagoniza se estren\u00f3 en 2013 con direcci\u00f3n de Christian Forteza y cont\u00f3 con la bendici\u00f3n del autor, que vio una de sus primeras funciones:&nbsp; \u201cYo acabo de ver en el escenario al&nbsp; personaje tal cual me lo imagin\u00e9\u201d, me dijo Pavlovsky ese d\u00eda. Y despu\u00e9s asegur\u00f3 en una entrevista que le hicieron que era la mejor versi\u00f3n\u201d.<\/p>\n<p>De todos modos, Lorenzo aclara que la obra no estuvo en cartel de modo permanente durante estos nueve a\u00f1os. Tres o cuatro funciones anuales, en giras por las provincias o los partidos bonaerenses, o en homenajes a Pavlovsky y dos ciclos m\u00e1s extensos en<strong> el Centro Cultural de la Cooperaci\u00f3n donde se presenta este s\u00e1bado a las 21 y desde el pr\u00f3ximo a las 19, durante todo octubre.<\/strong><\/p>\n<figure class=\"mb-3\"><img loading=\"lazy\" src=\"http:\/\/nuevacordoba.net\/wp-content\/uploads\/2022\/09\/jorge-lorenzo-la-obra-tiene-vigencia-porque-en-america-latina-hay-un-fascismo-creciente-1.jpg\" width=\"100%\" height=\"100%\" alt=\"Es una obra ntima que habla del silencio cmplice de la dictadura monstruosa sintetiz Lorenzo\"><figcaption> \u201cEs una obra \u00edntima que habla del silencio c\u00f3mplice de la dictadura monstruosa\u201d, sintetiz\u00f3 Lorenzo. <\/figcaption><\/figure>\n<p>Del paso de \u201cPotestad\u201d por las provincias, que espera repetir, el actor que alguna vez fue descripto por Gerardo Romano, su compa\u00f1ero de \u00abEl Marginal\u00bb, como de \u201cgran rostrocidad\u201d por la expresividad de sus facciones, <strong>recuerda las funciones en Neuqu\u00e9n y tambi\u00e9n en Cipolletti.<\/strong> \u201cEn esta \u00faltima ciudad se me acerc\u00f3 una se\u00f1ora al final de la obra. Me abraz\u00f3 y me agradeci\u00f3. Me miraba con los ojos llenos de l\u00e1grimas\u201d.<\/p>\n<p>Tambi\u00e9n hay l\u00e1grimas y aplausos sostenidos cada s\u00e1bado en el Centro Cultural de la Cooperaci\u00f3n, despu\u00e9s de que el int\u00e9rprete les <strong>dedica la obra a los m\u00e1s de 130 nietos recuperados por las Abuelas de Plaza de Mayo y los 200 que a\u00fan est\u00e1n desaparecidos.<\/strong><\/p>\n<p><strong>\u201cLa b\u00fasqueda de Abuelas le da vigencia a la obra<\/strong>&#8211; analiza Lorenzo- pero tambi\u00e9n que es evidente que en los \u00faltimos tiempos, en Argentina y en toda Am\u00e9rica Latina hay un fascismo creciente. Solo que ahora est\u00e1 disfrazado de otra cosa. En el continente ven\u00edamos acostumbrados a las dictaduras desgraciadamente . Ahora hay una derecha distinta, que viene amparada por sectores empresarios y que crea un clima de mucha incertidumbre. Creo que la obra va por ah\u00ed\u201d.<\/p>\n<p>\u201cLo m\u00e1s peligroso de mi personaje es que no es totalmente perverso, puede ser tierno tambi\u00e9n en la relaci\u00f3n con su hija\u201d, describe el protagonista e insiste en que <strong>su trabajo habla sobre la apropiaci\u00f3n de ni\u00f1os pero tambi\u00e9n del silencio de la sociedad<\/strong>, del mandato de no preguntar ni cuestionar nada.<\/p>\n<h2 class>Semilla de maldad<\/h2>\n<p>A la hora de componer a este personaje tan ligado a la dictadura el actor que <strong>se cri\u00f3 en Floresta, cerca del centro clandestino El Olimpo<\/strong>, recuerda la tradicional frase que aseguraba \u201cAlgo habr\u00e1 hecho\u201d, cuando hab\u00eda noticias de alg\u00fan conocido desaparecido o la recomendaci\u00f3n que le hac\u00edan en su casa de no juntarse con un compa\u00f1ero que militaba y repart\u00eda panfletos, hoy desaparecido. \u201cHubo <strong>un silencio c\u00f3mplice <\/strong>que muchas veces se traslada a las \u00e9pocas de democracia\u201d, argumenta.<\/p>\n<p>De aquellos mismos a\u00f1os, Lorenzo recuerda su paso por la Escuela de Artes Dram\u00e1tico a principios de los 80. \u201cEstudiaba de noche y <strong>cada d\u00eda al ingresar, en la puerta, nos palpaban de armas,<\/strong> como si fu\u00e9semos a llevarla a cursar la carrera de teatro\u201d, se asombra y puntualiza que esa evocaci\u00f3n surgi\u00f3 cuando convers\u00f3 con Sebasti\u00e1n Ortega tras quedarse con el papel del guardiac\u00e1rcel Capece en \u201cEl Marginal\u201d. <strong>\u201cMe pidi\u00f3 que tuviese en cuenta c\u00f3mo me sent\u00eda con esa prepotencia de la polic\u00eda de la puerta de la escuela<\/strong>. Ellos disfrutaban de generar miedo. Incluso en una escena de la tercera temporada de la serie, despu\u00e9s de romper toda la villa, mi personaje le confiesa al de Abel Ayala que disfrutaba cuando les hac\u00eda mierda los ranchos\u201d.<\/p>\n<figure class=\"mb-3\"><img loading=\"lazy\" src=\"http:\/\/nuevacordoba.net\/wp-content\/uploads\/2022\/09\/jorge-lorenzo-la-obra-tiene-vigencia-porque-en-america-latina-hay-un-fascismo-creciente-2.jpg\" width=\"100%\" height=\"100%\" alt=\"Lo ms peligroso de mi personaje es que no es totalmente perverso puede ser tierno tambin en la relacin con su hija\"><figcaption> \u201cLo m\u00e1s peligroso de mi personaje es que no es totalmente perverso, puede ser tierno tambi\u00e9n en la relaci\u00f3n con su hija\u00bb. <\/figcaption><\/figure>\n<p>Para completar la serie de personajes malvados, desde enero el actor estar\u00e1 en la pantalla diaria de El Trece con otro car\u00e1cter controvertido. Ser\u00e1 en la segunda parte de <strong>\u00abArgentina, tierra de amor y venganza\u00bb<\/strong>, en la que interpreta a un ayudante del m\u00e9dico apropiador que compone Federico D\u00b4Elia, dedicado a los \u201ctrabajos sucios\u201d. Su trabajo en la tira diaria de Polka lo llev\u00f3 a sorprenderse por el v\u00e9rtigo con que ten\u00eda que desarrollar su rol, de un modo opuesto al de \u201cEl Marginal\u201d e incluso a la ceremonia que representa cada noche en el teatro.<\/p>\n<p><strong>\u201cNo tengo ning\u00fan problema. Por m\u00ed puedo hacer de malo toda la vida ya que me divierto<\/strong>. Es atractivo jugar a los opuestos. Soy un tipo tranquilo, muy amiguero. Nada que ver con mis personajes\u201d, confiesa el hombre que se angusti\u00f3 despu\u00e9s de un casting porque Alberto Migr\u00e9 observ\u00f3 su incipiente calvicie y le se\u00f1al\u00f3 que ten\u00eda muy buena voz y actuaba muy bien, pero <strong>en las novelas no hab\u00eda galanes pelados.<\/strong><\/p>\n<figure class=\"mb-3\"><img loading=\"lazy\" src=\"http:\/\/nuevacordoba.net\/wp-content\/uploads\/2022\/09\/jorge-lorenzo-la-obra-tiene-vigencia-porque-en-america-latina-hay-un-fascismo-creciente-3.jpg\" width=\"100%\" height=\"100%\" alt=\"No tengo ningn problema Por m puedo hacer de malo toda la vida ya que me divierto\"><figcaption> \u201cNo tengo ning\u00fan problema. Por m\u00ed puedo hacer de malo toda la vida ya que me divierto\u00bb. <\/figcaption><\/figure>\n<p>Pero es sobre el escenario donde Lorenzo se siente en su elemento. Por eso en colaboraci\u00f3n con Forteza ha presentado <strong>otras obras del mismo Pavlovsky como \u201cRojos globos rojos\u201d,&nbsp;<\/strong>y \u201cC\u00e1mara lenta\u201d y \u201cLas paredes\u201d, de <strong>Griselda Gambaro<\/strong>.<\/p>\n<p>Por estos d\u00edas, antes de meterse en la piel del oscuro y ambivalente padre de \u201cPotestad\u201d, act\u00faa en <strong>una obra que \u00e9l mismo escribi\u00f3: el sainete \u201cDel barrio la mondiola\u201d<\/strong>, sobre un empleado municipal que sue\u00f1a con ser cantor de tangos.<\/p>\n<p>\u201cAquello es una fiesta. La gente sale cantando\u201d, describe sobre la experiencia de cada s\u00e1bado a las 17&nbsp; en el Centro Cultural Caras y Caretas.<\/p>\n","protected":false},"excerpt":{"rendered":"<p>Jorge Lorenzo le pone el cuerpo al unipersonal \u00abPotestad\u00bb. Aunque se estren\u00f3 en 1987, la obra \u201cPotestad\u201d de Eduardo \u201cTato\u201d Pavlovsky sube al escenario cada s\u00e1bado en el Centro Cultural de la Cooperaci\u00f3n para interpelar a su p\u00fablico sobre el silencio c\u00f3mplice de la sociedad&nbsp; durante la dictadura y poner en foco en la apropiaci\u00f3n [&hellip;]<\/p>\n","protected":false},"author":1,"featured_media":24617,"comment_status":"closed","ping_status":"closed","sticky":false,"template":"","format":"standard","meta":[],"categories":[9],"tags":[],"_links":{"self":[{"href":"http:\/\/nuevacordoba.net\/index.php\/wp-json\/wp\/v2\/posts\/24616"}],"collection":[{"href":"http:\/\/nuevacordoba.net\/index.php\/wp-json\/wp\/v2\/posts"}],"about":[{"href":"http:\/\/nuevacordoba.net\/index.php\/wp-json\/wp\/v2\/types\/post"}],"author":[{"embeddable":true,"href":"http:\/\/nuevacordoba.net\/index.php\/wp-json\/wp\/v2\/users\/1"}],"replies":[{"embeddable":true,"href":"http:\/\/nuevacordoba.net\/index.php\/wp-json\/wp\/v2\/comments?post=24616"}],"version-history":[{"count":0,"href":"http:\/\/nuevacordoba.net\/index.php\/wp-json\/wp\/v2\/posts\/24616\/revisions"}],"wp:featuredmedia":[{"embeddable":true,"href":"http:\/\/nuevacordoba.net\/index.php\/wp-json\/wp\/v2\/media\/24617"}],"wp:attachment":[{"href":"http:\/\/nuevacordoba.net\/index.php\/wp-json\/wp\/v2\/media?parent=24616"}],"wp:term":[{"taxonomy":"category","embeddable":true,"href":"http:\/\/nuevacordoba.net\/index.php\/wp-json\/wp\/v2\/categories?post=24616"},{"taxonomy":"post_tag","embeddable":true,"href":"http:\/\/nuevacordoba.net\/index.php\/wp-json\/wp\/v2\/tags?post=24616"}],"curies":[{"name":"wp","href":"https:\/\/api.w.org\/{rel}","templated":true}]}}