{"id":2462,"date":"2021-03-26T13:17:21","date_gmt":"2021-03-26T13:17:21","guid":{"rendered":"http:\/\/nuevacordoba.net\/index.php\/2021\/03\/26\/dybala-podria-ser-negociado-afirma-el-vicepresidente-de-la-juventus\/"},"modified":"2021-03-26T13:17:21","modified_gmt":"2021-03-26T13:17:21","slug":"dybala-podria-ser-negociado-afirma-el-vicepresidente-de-la-juventus","status":"publish","type":"post","link":"http:\/\/nuevacordoba.net\/index.php\/2021\/03\/26\/dybala-podria-ser-negociado-afirma-el-vicepresidente-de-la-juventus\/","title":{"rendered":"Dybala podr\u00eda ser negociado, afirma el vicepresidente de la Juventus"},"content":{"rendered":"<div class=\"image\" id=\"image\" readability=\"7\"> <img src=\"http:\/\/nuevacordoba.net\/wp-content\/uploads\/2021\/03\/dybala-podria-ser-negociado-afirma-el-vicepresidente-de-la-juventus.jpg\" alt=\"Dybala fue puesto en la \u00f3rbita del Par\u00eds Saint Germain\" title=\"Dybala fue puesto en la \u00f3rbita del Par\u00eds Saint Germain\"><\/p>\n<p>Dybala fue puesto en la \u00f3rbita del Par\u00eds Saint Germain<\/p>\n<\/div>\n<p>Paulo Dybala no tiene una buena temporada en la Juventus de Italia, a causa de las lesiones que sufre, y el vicepresidente y exjugador del club, el checo Pavel Nedved, desliz\u00f3 que en caso de una buena oferta podr\u00eda ser negociado, indic\u00f3 la prensa italiana.<\/p>\n<p>\u00abEchamos de menos a Paulo, nos habr\u00eda garantizado variantes ofensivas y goles. Tiene contrato por un a\u00f1o m\u00e1s y no tengo nada m\u00e1s que agregar, pero est\u00e1 claro que en la Juventus evaluamos cada oportunidad que se presenta en el mercado\u00bb, dijo Nedved a Corriere dello Sports.<\/p>\n<p>Dybala, quien adem\u00e1s se contagi\u00f3 de coronavirus, tiene una lesi\u00f3n en los ligamentos de la rodilla derecha y estar\u00e1 fuera todav\u00eda por un tiempo y en este temporada apenas suma 11 partidos y marc\u00f3 un gol.<\/p>\n<p>Hace algunas semanas, Dybala fue puesto en la \u00f3rbita del Par\u00eds Saint Germain, que estar\u00eda interesado en adquirir al exjugador de Instituto de C\u00f3rdoba de 27 a\u00f1os a sus filas, aunque con la incertidumbre de su estado f\u00edsico ello se complica.<\/p>\n<p>El atacante argentino tiene contrato con el cuadro italiano hasta el 2022 y est\u00e1 valuado en 60 millones de euros, aunque dada la urgencia financiera de la Juve, el equipo que lo quiera podr\u00eda hacer una oferta menor y contratarlo.<\/p>\n","protected":false},"excerpt":{"rendered":"<p>Dybala fue puesto en la \u00f3rbita del Par\u00eds Saint Germain Paulo Dybala no tiene una buena temporada en la Juventus de Italia, a causa de las lesiones que sufre, y el vicepresidente y exjugador del club, el checo Pavel Nedved, desliz\u00f3 que en caso de una buena oferta podr\u00eda ser negociado, indic\u00f3 la prensa italiana. [&hellip;]<\/p>\n","protected":false},"author":1,"featured_media":2463,"comment_status":"closed","ping_status":"closed","sticky":false,"template":"","format":"standard","meta":[],"categories":[10],"tags":[],"_links":{"self":[{"href":"http:\/\/nuevacordoba.net\/index.php\/wp-json\/wp\/v2\/posts\/2462"}],"collection":[{"href":"http:\/\/nuevacordoba.net\/index.php\/wp-json\/wp\/v2\/posts"}],"about":[{"href":"http:\/\/nuevacordoba.net\/index.php\/wp-json\/wp\/v2\/types\/post"}],"author":[{"embeddable":true,"href":"http:\/\/nuevacordoba.net\/index.php\/wp-json\/wp\/v2\/users\/1"}],"replies":[{"embeddable":true,"href":"http:\/\/nuevacordoba.net\/index.php\/wp-json\/wp\/v2\/comments?post=2462"}],"version-history":[{"count":0,"href":"http:\/\/nuevacordoba.net\/index.php\/wp-json\/wp\/v2\/posts\/2462\/revisions"}],"wp:featuredmedia":[{"embeddable":true,"href":"http:\/\/nuevacordoba.net\/index.php\/wp-json\/wp\/v2\/media\/2463"}],"wp:attachment":[{"href":"http:\/\/nuevacordoba.net\/index.php\/wp-json\/wp\/v2\/media?parent=2462"}],"wp:term":[{"taxonomy":"category","embeddable":true,"href":"http:\/\/nuevacordoba.net\/index.php\/wp-json\/wp\/v2\/categories?post=2462"},{"taxonomy":"post_tag","embeddable":true,"href":"http:\/\/nuevacordoba.net\/index.php\/wp-json\/wp\/v2\/tags?post=2462"}],"curies":[{"name":"wp","href":"https:\/\/api.w.org\/{rel}","templated":true}]}}