{"id":24631,"date":"2022-09-24T01:54:51","date_gmt":"2022-09-24T01:54:51","guid":{"rendered":"https:\/\/www.bbc.com\/mundo\/noticias-america-latina-62976228"},"modified":"2022-09-24T01:54:51","modified_gmt":"2022-09-24T01:54:51","slug":"crisis-de-seguridad-en-ecuador-ahora-nos-matan-en-cualquier-parte-la-barbarie-del-crimen-organizado-que-mantiene-en-vilo-a-guayaquil","status":"publish","type":"post","link":"http:\/\/nuevacordoba.net\/index.php\/2022\/09\/24\/crisis-de-seguridad-en-ecuador-ahora-nos-matan-en-cualquier-parte-la-barbarie-del-crimen-organizado-que-mantiene-en-vilo-a-guayaquil\/","title":{"rendered":"Crisis de seguridad en Ecuador | \u00abAhora nos matan en cualquier parte\u00bb: la barbarie del crimen organizado que mantiene en vilo a Guayaquil"},"content":{"rendered":"<div dir=\"ltr\" class=\"e1j2237y6 bbc-q4ibpr ebmt73l0\">\n<div class=\"bbc-1atl7vu euvj3t14\">\n<ul role=\"list\" class=\"bbc-k0l9bd euvj3t12\">\n<li role=\"listitem\" class=\"bbc-1a3w4ok euvj3t11\">Valentina Oropeza Colmenares &#8211; @orovalenti<\/li>\n<li role=\"listitem\" class=\"bbc-1p92jtu euvj3t10\">Enviada especial a Guayaquil, Ecuador<\/li>\n<\/ul>\n<\/div>\n<\/div>\n<p><time datetime=\"2022-09-23\" class=\"bbc-1dafq0j e1mklfmt0\">23 septiembre 2022<\/time><\/p>\n<div dir=\"ltr\" class=\"bbc-1ka88fa ebmt73l0\">\n<figure class=\"bbc-1qdcvv9 e1aczekt0\">\n<div dir=\"ltr\" class=\"bbc-172p16q ebmt73l0\">\n<div dir=\"ltr\" class=\"bbc-189y18v ebmt73l0\" readability=\"6.5\">\n<div data-e2e=\"image-placeholder\" class=\"bbc-997y1y eihqrxw0\" readability=\"8\"><picture class=\"bbc-yfiktt e1mo64ex1\"><source srcset=\"https:\/\/ichef.bbci.co.uk\/news\/240\/cpsprodpb\/F513\/production\/_126793726_whatsappimage2022-09-20at4.25.06pm.jpg.webp 240w, https:\/\/ichef.bbci.co.uk\/news\/320\/cpsprodpb\/F513\/production\/_126793726_whatsappimage2022-09-20at4.25.06pm.jpg.webp 320w, https:\/\/ichef.bbci.co.uk\/news\/480\/cpsprodpb\/F513\/production\/_126793726_whatsappimage2022-09-20at4.25.06pm.jpg.webp 480w, https:\/\/ichef.bbci.co.uk\/news\/624\/cpsprodpb\/F513\/production\/_126793726_whatsappimage2022-09-20at4.25.06pm.jpg.webp 624w, https:\/\/ichef.bbci.co.uk\/news\/800\/cpsprodpb\/F513\/production\/_126793726_whatsappimage2022-09-20at4.25.06pm.jpg.webp 800w\" type=\"image\/webp\" sizes=\"(min-width: 1008px) 645px, 100vw\"><source srcset=\"https:\/\/ichef.bbci.co.uk\/news\/240\/cpsprodpb\/F513\/production\/_126793726_whatsappimage2022-09-20at4.25.06pm.jpg 240w, https:\/\/ichef.bbci.co.uk\/news\/320\/cpsprodpb\/F513\/production\/_126793726_whatsappimage2022-09-20at4.25.06pm.jpg 320w, https:\/\/ichef.bbci.co.uk\/news\/480\/cpsprodpb\/F513\/production\/_126793726_whatsappimage2022-09-20at4.25.06pm.jpg 480w, https:\/\/ichef.bbci.co.uk\/news\/624\/cpsprodpb\/F513\/production\/_126793726_whatsappimage2022-09-20at4.25.06pm.jpg 624w, https:\/\/ichef.bbci.co.uk\/news\/800\/cpsprodpb\/F513\/production\/_126793726_whatsappimage2022-09-20at4.25.06pm.jpg 800w\" type=\"image\/jpeg\" sizes=\"(min-width: 1008px) 645px, 100vw\"><img loading=\"lazy\" src=\"http:\/\/nuevacordoba.net\/wp-content\/uploads\/2022\/09\/crisis-de-seguridad-en-ecuador-ahora-nos-matan-en-cualquier-parte-la-barbarie-del-crimen-organizado-que-mantiene-en-vilo-a-guayaquil.jpg\" alt=\"M\u00f3nica Medina tras la explosi\u00f3n en Cristo del Consuelo.\" width=\"976\" height=\"549\" class=\"e3vrtyk0 bbc-rb7xa0 e1mo64ex0\"><\/picture>\n<p role=\"text\" class=\"bbc-1s1cxbv ewbcsnk0\"><span class=\"bbc-1gnhmg2 ed7bp6y0\">Fuente de la imagen, <\/span><span lang=\"en-GB\">Donald D\u00edaz \/ BBC<\/span><\/p>\n<\/div>\n<\/div>\n<div dir=\"ltr\" class=\"bbc-3edg7g ebmt73l0\" readability=\"6.5\"><figcaption dir=\"ltr\" class=\"bbc-rhuvwm e6i104o0\" readability=\"3\"><span class=\"bbc-1gnhmg2 ed7bp6y0\">Pie de foto, <\/span><\/p>\n<p>M\u00f3nica Medina muestra una foto de su casa, su hija y su nieta a\u00f1os antes de la explosi\u00f3n.<\/p>\n<\/figcaption><\/div>\n<\/div>\n<\/figure>\n<\/div>\n<div dir=\"ltr\" class=\"bbc-19j92fr ebmt73l0\" readability=\"12\">\n<p dir=\"ltr\" class=\"bbc-hhl7in e17g058b0\"><b>Jeremy dorm\u00eda en una habitaci\u00f3n que miraba hacia la Calle 8, donde la m\u00fasica del bailadero m\u00e1s cercano se filtraba a trav\u00e9s de las ventanas a las 3:00 de la ma\u00f1ana, como cualquier otra madrugada de domingo en el barrio Cristo del Consuelo, al sureste de Guayaquil.<\/b><\/p>\n<\/div>\n<div dir=\"ltr\" class=\"bbc-19j92fr ebmt73l0\" readability=\"8\">\n<p dir=\"ltr\" class=\"bbc-hhl7in e17g058b0\">Tras escuchar una r\u00e1faga de disparos, su madre Roxana lo llam\u00f3 a gritos para prevenirlo. <\/p>\n<\/div>\n<div dir=\"ltr\" class=\"bbc-19j92fr ebmt73l0\" readability=\"11\">\n<p dir=\"ltr\" class=\"bbc-hhl7in e17g058b0\">El ni\u00f1o de 7 a\u00f1os se levant\u00f3 de un salto y se dej\u00f3 guiar por Roxana para abandonar la casa familiar ubicada en los m\u00e1rgenes del Estero Salado, un brazo de mar proveniente del oc\u00e9ano Pac\u00edfico, en la costa suroeste de Ecuador. <\/p>\n<\/div>\n<div dir=\"ltr\" class=\"bbc-19j92fr ebmt73l0\" readability=\"7\">\n<p dir=\"ltr\" class=\"bbc-hhl7in e17g058b0\">Voces de la calle presagiaban una bomba. <\/p>\n<\/div>\n<div dir=\"ltr\" class=\"bbc-19j92fr ebmt73l0\" readability=\"8\">\n<p dir=\"ltr\" class=\"bbc-hhl7in e17g058b0\">Mientras bajaban por las escaleras, un estruendo sacudi\u00f3 la casa. Luego Jeremy divis\u00f3 el fuego. <\/p>\n<\/div>\n<div dir=\"ltr\" class=\"bbc-19j92fr ebmt73l0\" readability=\"12\">\n<p dir=\"ltr\" class=\"bbc-hhl7in e17g058b0\">Cuando recobr\u00f3 la consciencia, se descubri\u00f3 sobre el techo de un auto. Envuelto en la oscuridad, no logr\u00f3 distinguir qui\u00e9nes lo cargaban y lo llevaban al suelo. Quiz\u00e1s se hab\u00eda quedado sordo, no pod\u00eda escuchar lo que dec\u00edan.<\/p>\n<\/div>\n<div dir=\"ltr\" class=\"bbc-1ka88fa ebmt73l0\">\n<figure class=\"bbc-1qdcvv9 e1aczekt0\">\n<div dir=\"ltr\" class=\"bbc-172p16q ebmt73l0\">\n<div dir=\"ltr\" class=\"bbc-189y18v ebmt73l0\" readability=\"6.5\">\n<div data-e2e=\"image-placeholder\" class=\"bbc-997y1y eihqrxw0\" readability=\"8\"><noscript><picture class=\"bbc-yfiktt e1mo64ex1\"><source srcset=\"http:\/\/nuevacordoba.net\/wp-content\/uploads\/2022\/09\/crisis-de-seguridad-en-ecuador-ahora-nos-matan-en-cualquier-parte-la-barbarie-del-crimen-organizado-que-mantiene-en-vilo-a-guayaquil.webp 240w, http:\/\/nuevacordoba.net\/wp-content\/uploads\/2022\/09\/crisis-de-seguridad-en-ecuador-ahora-nos-matan-en-cualquier-parte-la-barbarie-del-crimen-organizado-que-mantiene-en-vilo-a-guayaquil-1.webp 320w, http:\/\/nuevacordoba.net\/wp-content\/uploads\/2022\/09\/crisis-de-seguridad-en-ecuador-ahora-nos-matan-en-cualquier-parte-la-barbarie-del-crimen-organizado-que-mantiene-en-vilo-a-guayaquil-2.webp 480w, http:\/\/nuevacordoba.net\/wp-content\/uploads\/2022\/09\/crisis-de-seguridad-en-ecuador-ahora-nos-matan-en-cualquier-parte-la-barbarie-del-crimen-organizado-que-mantiene-en-vilo-a-guayaquil-3.webp 624w, http:\/\/nuevacordoba.net\/wp-content\/uploads\/2022\/09\/crisis-de-seguridad-en-ecuador-ahora-nos-matan-en-cualquier-parte-la-barbarie-del-crimen-organizado-que-mantiene-en-vilo-a-guayaquil-4.webp 800w\" type=\"image\/webp\" sizes=\"(min-width: 1008px) 645px, 100vw\"><source srcset=\"https:\/\/ichef.bbci.co.uk\/news\/240\/cpsprodpb\/16A43\/production\/_126793729_2.casaexplotada.jpg 240w, https:\/\/ichef.bbci.co.uk\/news\/320\/cpsprodpb\/16A43\/production\/_126793729_2.casaexplotada.jpg 320w, https:\/\/ichef.bbci.co.uk\/news\/480\/cpsprodpb\/16A43\/production\/_126793729_2.casaexplotada.jpg 480w, https:\/\/ichef.bbci.co.uk\/news\/624\/cpsprodpb\/16A43\/production\/_126793729_2.casaexplotada.jpg 624w, https:\/\/ichef.bbci.co.uk\/news\/800\/cpsprodpb\/16A43\/production\/_126793729_2.casaexplotada.jpg 800w\" type=\"image\/jpeg\" sizes=\"(min-width: 1008px) 645px, 100vw\"><img loading=\"lazy\" src=\"http:\/\/nuevacordoba.net\/wp-content\/uploads\/2022\/09\/crisis-de-seguridad-en-ecuador-ahora-nos-matan-en-cualquier-parte-la-barbarie-del-crimen-organizado-que-mantiene-en-vilo-a-guayaquil-1.jpg\" alt=\"Cristo del Consuelo en Guayaquil\" width=\"976\" height=\"549\" class=\"e3vrtyk0 bbc-rb7xa0 e1mo64ex0\"><\/picture><\/noscript><\/p>\n<p role=\"text\" class=\"bbc-1s1cxbv ewbcsnk0\"><span class=\"bbc-1gnhmg2 ed7bp6y0\">Fuente de la imagen, <\/span><span lang=\"en-GB\">Donald D\u00edaz \/ BBC <\/span><\/p>\n<\/div>\n<\/div>\n<div dir=\"ltr\" class=\"bbc-3edg7g ebmt73l0\" readability=\"6.5\"><figcaption dir=\"ltr\" class=\"bbc-rhuvwm e6i104o0\" readability=\"3\"><span class=\"bbc-1gnhmg2 ed7bp6y0\">Pie de foto, <\/span><\/p>\n<p>Una bomba estall\u00f3 en el barrio guayaquile\u00f1o de Cristo del Consuelo en la madrugada del 14 de agosto de 2022.<\/p>\n<\/figcaption><\/div>\n<\/div>\n<\/figure>\n<\/div>\n<p><h2 id=\"Mami-lev\u00e1ntese-\" tabindex=\"-1\" class=\"bbc-1f03ibc eglt09e0\">\u00abMami, lev\u00e1ntese\u00bb <\/h2>\n<\/p>\n<div dir=\"ltr\" class=\"bbc-19j92fr ebmt73l0\" readability=\"11\">\n<p dir=\"ltr\" class=\"bbc-hhl7in e17g058b0\">Cuando Nayelis lleg\u00f3 media hora despu\u00e9s, descubri\u00f3 que el fuego consum\u00eda la fachada de la casa donde viv\u00eda con su hija, su madre, su abuela y su hermano Jeremy. <\/p>\n<\/div>\n<div dir=\"ltr\" class=\"bbc-19j92fr ebmt73l0\" readability=\"9\">\n<p dir=\"ltr\" class=\"bbc-hhl7in e17g058b0\">Mientras corr\u00eda en direcci\u00f3n opuesta a las personas que escapaban de la explosi\u00f3n, la joven de 21 a\u00f1os encontr\u00f3 a Roxana tirada en el suelo. <\/p>\n<\/div>\n<div dir=\"ltr\" class=\"bbc-19j92fr ebmt73l0\" readability=\"13\">\n<p dir=\"ltr\" class=\"bbc-hhl7in e17g058b0\">\u00abMami, lev\u00e1ntese\u00bb, dijo mientras la sacud\u00eda. El rostro de Roxana estaba impregnado de sangre. \u00ab\u00a1Llamen a una ambulancia!\u00bb, grit\u00f3 a los agentes de la Polic\u00eda Nacional que custodiaban el lugar, aunque sab\u00eda que su madre estaba muerta. <\/p>\n<\/div>\n<div dir=\"ltr\" class=\"bbc-1ka88fa ebmt73l0\">\n<figure class=\"bbc-1qdcvv9 e1aczekt0\">\n<div dir=\"ltr\" class=\"bbc-172p16q ebmt73l0\">\n<div dir=\"ltr\" class=\"bbc-189y18v ebmt73l0\" readability=\"6.5\">\n<div data-e2e=\"image-placeholder\" class=\"bbc-997y1y eihqrxw0\" readability=\"8\"><noscript><picture class=\"bbc-yfiktt e1mo64ex1\"><source srcset=\"http:\/\/nuevacordoba.net\/wp-content\/uploads\/2022\/09\/crisis-de-seguridad-en-ecuador-ahora-nos-matan-en-cualquier-parte-la-barbarie-del-crimen-organizado-que-mantiene-en-vilo-a-guayaquil-5.webp 240w, http:\/\/nuevacordoba.net\/wp-content\/uploads\/2022\/09\/crisis-de-seguridad-en-ecuador-ahora-nos-matan-en-cualquier-parte-la-barbarie-del-crimen-organizado-que-mantiene-en-vilo-a-guayaquil-6.webp 320w, http:\/\/nuevacordoba.net\/wp-content\/uploads\/2022\/09\/crisis-de-seguridad-en-ecuador-ahora-nos-matan-en-cualquier-parte-la-barbarie-del-crimen-organizado-que-mantiene-en-vilo-a-guayaquil-7.webp 480w, http:\/\/nuevacordoba.net\/wp-content\/uploads\/2022\/09\/crisis-de-seguridad-en-ecuador-ahora-nos-matan-en-cualquier-parte-la-barbarie-del-crimen-organizado-que-mantiene-en-vilo-a-guayaquil-8.webp 624w, http:\/\/nuevacordoba.net\/wp-content\/uploads\/2022\/09\/crisis-de-seguridad-en-ecuador-ahora-nos-matan-en-cualquier-parte-la-barbarie-del-crimen-organizado-que-mantiene-en-vilo-a-guayaquil-9.webp 800w\" type=\"image\/webp\" sizes=\"(min-width: 1008px) 645px, 100vw\"><source srcset=\"https:\/\/ichef.bbci.co.uk\/news\/240\/cpsprodpb\/35AB\/production\/_126793731_img_7475.jpg 240w, https:\/\/ichef.bbci.co.uk\/news\/320\/cpsprodpb\/35AB\/production\/_126793731_img_7475.jpg 320w, https:\/\/ichef.bbci.co.uk\/news\/480\/cpsprodpb\/35AB\/production\/_126793731_img_7475.jpg 480w, https:\/\/ichef.bbci.co.uk\/news\/624\/cpsprodpb\/35AB\/production\/_126793731_img_7475.jpg 624w, https:\/\/ichef.bbci.co.uk\/news\/800\/cpsprodpb\/35AB\/production\/_126793731_img_7475.jpg 800w\" type=\"image\/jpeg\" sizes=\"(min-width: 1008px) 645px, 100vw\"><img loading=\"lazy\" src=\"http:\/\/nuevacordoba.net\/wp-content\/uploads\/2022\/09\/crisis-de-seguridad-en-ecuador-ahora-nos-matan-en-cualquier-parte-la-barbarie-del-crimen-organizado-que-mantiene-en-vilo-a-guayaquil-2.jpg\" alt=\"Nayelis Barrios en Cristo del Consuelo.\" width=\"976\" height=\"549\" class=\"e3vrtyk0 bbc-rb7xa0 e1mo64ex0\"><\/picture><\/noscript><\/p>\n<p role=\"text\" class=\"bbc-1s1cxbv ewbcsnk0\"><span class=\"bbc-1gnhmg2 ed7bp6y0\">Fuente de la imagen, <\/span><span lang=\"en-GB\">Donald D\u00edaz \/ BBC<\/span><\/p>\n<\/div>\n<\/div>\n<div dir=\"ltr\" class=\"bbc-3edg7g ebmt73l0\" readability=\"6\"><figcaption dir=\"ltr\" class=\"bbc-rhuvwm e6i104o0\" readability=\"2\"><span class=\"bbc-1gnhmg2 ed7bp6y0\">Pie de foto, <\/span><\/p>\n<p>Nayelis Barrios encontr\u00f3 el cad\u00e1ver de su madre en la calle despu\u00e9s de la explosi\u00f3n.<\/p>\n<\/figcaption><\/div>\n<\/div>\n<\/figure>\n<\/div>\n<div dir=\"ltr\" class=\"bbc-19j92fr ebmt73l0\" readability=\"10\">\n<p dir=\"ltr\" class=\"bbc-hhl7in e17g058b0\">Rodeada por heridos y escombros, Nayelis avist\u00f3 a Jeremy en una esquina. Aturdida por el temor de perderlo tambi\u00e9n, lo revis\u00f3 cuidadosamente para evitar causarle m\u00e1s da\u00f1o. <\/p>\n<\/div>\n<div dir=\"ltr\" class=\"bbc-19j92fr ebmt73l0\" readability=\"8\">\n<p dir=\"ltr\" class=\"bbc-hhl7in e17g058b0\">Jeremy ten\u00eda la cara cubierta de sangre, un hueco en la cabeza y otro en el brazo. <\/p>\n<\/div>\n<div dir=\"ltr\" class=\"bbc-19j92fr ebmt73l0\" readability=\"12\">\n<p dir=\"ltr\" class=\"bbc-hhl7in e17g058b0\">\u00abEstaba como traumado. Yo le hablaba pero no me escuchaba, hac\u00eda como si no me conociera\u00bb, cont\u00f3 Nayelis a BBC Mundo tres semanas despu\u00e9s del estallido. \u00abPerd\u00ed a mi mami y mi casa por la bomba. Si hubiese dormido all\u00ed esa noche, quiz\u00e1s estar\u00eda muerta\u00bb. <\/p>\n<\/div>\n<p><h2 id=\"Guerra-contra-el-Estado\" tabindex=\"-1\" class=\"bbc-1f03ibc eglt09e0\">Guerra contra el Estado<\/h2>\n<\/p>\n<div dir=\"ltr\" class=\"bbc-19j92fr ebmt73l0\" readability=\"12\">\n<p dir=\"ltr\" class=\"bbc-hhl7in e17g058b0\">El Ministerio del Interior y la Polic\u00eda Nacional han registrado 145 atentados con explosivos en Ecuador entre enero y agosto de este a\u00f1o, un r\u00e9cord en la historia del pa\u00eds. 72 de ellos, casi la mitad, han ocurrido en Guayaquil. El de Cristo del Consuelo es el primero que ocasiona muertes. <\/p>\n<\/div>\n<div dir=\"ltr\" class=\"bbc-19j92fr ebmt73l0\" readability=\"13\">\n<p dir=\"ltr\" class=\"bbc-hhl7in e17g058b0\">Las autoridades ecuatorianas reportaron <b>5 fallecidos, 17 heridos y 117 personas afectadas por el estallido de Cristo del Consuelo<\/b>, un barrio conocido por sus discotecas clandestinas, los caldos de salchicha para prevenir la resaca, y las procesiones religiosas de Semana Santa. <\/p>\n<\/div>\n<div dir=\"ltr\" class=\"bbc-19j92fr ebmt73l0\" readability=\"13\">\n<p dir=\"ltr\" class=\"bbc-hhl7in e17g058b0\">A las 8:30 de la ma\u00f1ana de aquel domingo 14 de agosto de 2022, cinco horas despu\u00e9s de la explosi\u00f3n, el ministro del Interior, Patricio Carrillo, afirm\u00f3 por Twitter que el ataque constitu\u00eda <b>\u00abuna declaraci\u00f3n de guerra al Estado\u00bb <\/b>por parte de \u00abmercenarios del crimen organizado\u00bb.<\/p>\n<\/div>\n<div dir=\"ltr\" class=\"bbc-19j92fr ebmt73l0\" readability=\"11\">\n<p dir=\"ltr\" class=\"bbc-hhl7in e17g058b0\">El presidente Guillermo Lasso declar\u00f3 estado de excepci\u00f3n durante un mes en los cantones de Guayaquil, Dur\u00e1n y Samborond\u00f3n, para contener la violencia y facilitar el despliegue de polic\u00edas y militares en las calles. <\/p>\n<\/div>\n<div dir=\"ltr\" class=\"bbc-19j92fr ebmt73l0\" readability=\"10\">\n<p dir=\"ltr\" class=\"bbc-hhl7in e17g058b0\">Los explosivos m\u00e1s comunes usados en los ataques de este a\u00f1o han sido <b>dinamita y dinamita en gel, granadas y pentolita<\/b>, un compuesto que se emplea para fabricar armamento militar como las ojivas.<\/p>\n<\/div>\n<div dir=\"ltr\" class=\"bbc-19j92fr ebmt73l0\" readability=\"13\">\n<p dir=\"ltr\" class=\"bbc-hhl7in e17g058b0\">Sin embargo, el ministro del Interior asegur\u00f3 que la bomba del Cristo del Consuelo, que alcanz\u00f3 una onda expansiva de 70 metros, se habr\u00eda confeccionado con una mezcla de sustancias qu\u00edmicas de fabricaci\u00f3n casera, disponibles comercialmente como acetona. <\/p>\n<\/div>\n<div dir=\"ltr\" class=\"bbc-1ka88fa ebmt73l0\">\n<figure class=\"bbc-1qdcvv9 e1aczekt0\">\n<div dir=\"ltr\" class=\"bbc-172p16q ebmt73l0\">\n<div dir=\"ltr\" class=\"bbc-189y18v ebmt73l0\" readability=\"6.5\">\n<div data-e2e=\"image-placeholder\" class=\"bbc-997y1y eihqrxw0\" readability=\"8\"><noscript><picture class=\"bbc-yfiktt e1mo64ex1\"><source srcset=\"http:\/\/nuevacordoba.net\/wp-content\/uploads\/2022\/09\/crisis-de-seguridad-en-ecuador-ahora-nos-matan-en-cualquier-parte-la-barbarie-del-crimen-organizado-que-mantiene-en-vilo-a-guayaquil-10.webp 240w, http:\/\/nuevacordoba.net\/wp-content\/uploads\/2022\/09\/crisis-de-seguridad-en-ecuador-ahora-nos-matan-en-cualquier-parte-la-barbarie-del-crimen-organizado-que-mantiene-en-vilo-a-guayaquil-11.webp 320w, http:\/\/nuevacordoba.net\/wp-content\/uploads\/2022\/09\/crisis-de-seguridad-en-ecuador-ahora-nos-matan-en-cualquier-parte-la-barbarie-del-crimen-organizado-que-mantiene-en-vilo-a-guayaquil-12.webp 480w, http:\/\/nuevacordoba.net\/wp-content\/uploads\/2022\/09\/crisis-de-seguridad-en-ecuador-ahora-nos-matan-en-cualquier-parte-la-barbarie-del-crimen-organizado-que-mantiene-en-vilo-a-guayaquil-13.webp 624w, http:\/\/nuevacordoba.net\/wp-content\/uploads\/2022\/09\/crisis-de-seguridad-en-ecuador-ahora-nos-matan-en-cualquier-parte-la-barbarie-del-crimen-organizado-que-mantiene-en-vilo-a-guayaquil-14.webp 800w\" type=\"image\/webp\" sizes=\"(min-width: 1008px) 645px, 100vw\"><source srcset=\"https:\/\/ichef.bbci.co.uk\/news\/240\/cpsprodpb\/6824\/production\/_126806662_5.casaexplotada.jpg 240w, https:\/\/ichef.bbci.co.uk\/news\/320\/cpsprodpb\/6824\/production\/_126806662_5.casaexplotada.jpg 320w, https:\/\/ichef.bbci.co.uk\/news\/480\/cpsprodpb\/6824\/production\/_126806662_5.casaexplotada.jpg 480w, https:\/\/ichef.bbci.co.uk\/news\/624\/cpsprodpb\/6824\/production\/_126806662_5.casaexplotada.jpg 624w, https:\/\/ichef.bbci.co.uk\/news\/800\/cpsprodpb\/6824\/production\/_126806662_5.casaexplotada.jpg 800w\" type=\"image\/jpeg\" sizes=\"(min-width: 1008px) 645px, 100vw\"><img loading=\"lazy\" src=\"http:\/\/nuevacordoba.net\/wp-content\/uploads\/2022\/09\/crisis-de-seguridad-en-ecuador-ahora-nos-matan-en-cualquier-parte-la-barbarie-del-crimen-organizado-que-mantiene-en-vilo-a-guayaquil-3.jpg\" alt=\"Cristo del Consuelo en Guayaquil\" width=\"976\" height=\"549\" class=\"e3vrtyk0 bbc-rb7xa0 e1mo64ex0\"><\/picture><\/noscript><\/p>\n<p role=\"text\" class=\"bbc-1s1cxbv ewbcsnk0\"><span class=\"bbc-1gnhmg2 ed7bp6y0\">Fuente de la imagen, <\/span><span lang=\"en-GB\">Donald D\u00edaz \/ BBC<\/span><\/p>\n<\/div>\n<\/div>\n<div dir=\"ltr\" class=\"bbc-3edg7g ebmt73l0\" readability=\"6\"><figcaption dir=\"ltr\" class=\"bbc-rhuvwm e6i104o0\" readability=\"2\"><span class=\"bbc-1gnhmg2 ed7bp6y0\">Pie de foto, <\/span><\/p>\n<p>La bomba en Cristo del Consuelo estall\u00f3 de madrugada.<\/p>\n<\/figcaption><\/div>\n<\/div>\n<\/figure>\n<\/div>\n<div dir=\"ltr\" class=\"bbc-19j92fr ebmt73l0\" readability=\"9\">\n<p dir=\"ltr\" class=\"bbc-hhl7in e17g058b0\">\u00abLo que m\u00e1s nos preocupa es c\u00f3mo van llegando a estas capacidades para cometer toda esta barbarie\u00bb, dijo Carrillo en una entrevista con el canal local Teleamazonas.<\/p>\n<\/div>\n<div dir=\"ltr\" class=\"bbc-19j92fr ebmt73l0\" readability=\"15\">\n<p dir=\"ltr\" class=\"bbc-hhl7in e17g058b0\">Cumplidos los 30 d\u00edas del estado de excepci\u00f3n, el gobierno ecuatoriano renov\u00f3 el decreto hasta mediados de octubre. El lunes 19 de septiembre, mientras estaba en vigencia la medida, fue asesinado a tiros el fiscal de la Unidad de Personas y Garant\u00edas de Guayaquil, \u00c9dgar Escobar, quien investigaba a organizaciones del crimen organizado relacionadas con el narcotr\u00e1fico. <\/p>\n<\/div>\n<p><h2 id=\"Me-qued\u00e9-sola\" tabindex=\"-1\" class=\"bbc-1f03ibc eglt09e0\">\u00abMe qued\u00e9 sola\u00bb<\/h2>\n<\/p>\n<div dir=\"ltr\" class=\"bbc-19j92fr ebmt73l0\" readability=\"12\">\n<p dir=\"ltr\" class=\"bbc-hhl7in e17g058b0\">M\u00f3nica Medina, la madre de Roxana, construy\u00f3 la planta baja de la casa familiar hace m\u00e1s de 30 a\u00f1os. Comenz\u00f3 con paredes de ca\u00f1a, y poco a poco junt\u00f3 el dinero para reemplazarlas por vigas y cemento. Roxana levant\u00f3 el segundo piso con madera y techo de zinc. <\/p>\n<\/div>\n<div dir=\"ltr\" class=\"bbc-19j92fr ebmt73l0\" readability=\"12\">\n<p dir=\"ltr\" class=\"bbc-hhl7in e17g058b0\">Apenas ocurri\u00f3 la explosi\u00f3n, una vecina levant\u00f3 a M\u00f3nica del suelo y la llev\u00f3 al hospital, con vidrios y escombros incrustados en el rostro y el pecho. Aunque intentaba abrir los p\u00e1rpados, todo estaba oscuro. El dolor le hizo suponer que sus ojos se hab\u00edan desprendido del rostro.<\/p>\n<\/div>\n<div dir=\"ltr\" class=\"bbc-1ka88fa ebmt73l0\">\n<figure class=\"bbc-1qdcvv9 e1aczekt0\">\n<div dir=\"ltr\" class=\"bbc-172p16q ebmt73l0\">\n<div dir=\"ltr\" class=\"bbc-189y18v ebmt73l0\" readability=\"6.5\">\n<div data-e2e=\"image-placeholder\" class=\"bbc-997y1y eihqrxw0\" readability=\"8\"><noscript><picture class=\"bbc-yfiktt e1mo64ex1\"><source srcset=\"http:\/\/nuevacordoba.net\/wp-content\/uploads\/2022\/09\/crisis-de-seguridad-en-ecuador-ahora-nos-matan-en-cualquier-parte-la-barbarie-del-crimen-organizado-que-mantiene-en-vilo-a-guayaquil-15.webp 240w, http:\/\/nuevacordoba.net\/wp-content\/uploads\/2022\/09\/crisis-de-seguridad-en-ecuador-ahora-nos-matan-en-cualquier-parte-la-barbarie-del-crimen-organizado-que-mantiene-en-vilo-a-guayaquil-16.webp 320w, http:\/\/nuevacordoba.net\/wp-content\/uploads\/2022\/09\/crisis-de-seguridad-en-ecuador-ahora-nos-matan-en-cualquier-parte-la-barbarie-del-crimen-organizado-que-mantiene-en-vilo-a-guayaquil-17.webp 480w, http:\/\/nuevacordoba.net\/wp-content\/uploads\/2022\/09\/crisis-de-seguridad-en-ecuador-ahora-nos-matan-en-cualquier-parte-la-barbarie-del-crimen-organizado-que-mantiene-en-vilo-a-guayaquil-18.webp 624w, http:\/\/nuevacordoba.net\/wp-content\/uploads\/2022\/09\/crisis-de-seguridad-en-ecuador-ahora-nos-matan-en-cualquier-parte-la-barbarie-del-crimen-organizado-que-mantiene-en-vilo-a-guayaquil-19.webp 800w\" type=\"image\/webp\" sizes=\"(min-width: 1008px) 645px, 100vw\"><source srcset=\"https:\/\/ichef.bbci.co.uk\/news\/240\/cpsprodpb\/83CB\/production\/_126793733_4.mnica.jpg 240w, https:\/\/ichef.bbci.co.uk\/news\/320\/cpsprodpb\/83CB\/production\/_126793733_4.mnica.jpg 320w, https:\/\/ichef.bbci.co.uk\/news\/480\/cpsprodpb\/83CB\/production\/_126793733_4.mnica.jpg 480w, https:\/\/ichef.bbci.co.uk\/news\/624\/cpsprodpb\/83CB\/production\/_126793733_4.mnica.jpg 624w, https:\/\/ichef.bbci.co.uk\/news\/800\/cpsprodpb\/83CB\/production\/_126793733_4.mnica.jpg 800w\" type=\"image\/jpeg\" sizes=\"(min-width: 1008px) 645px, 100vw\"><img loading=\"lazy\" src=\"http:\/\/nuevacordoba.net\/wp-content\/uploads\/2022\/09\/crisis-de-seguridad-en-ecuador-ahora-nos-matan-en-cualquier-parte-la-barbarie-del-crimen-organizado-que-mantiene-en-vilo-a-guayaquil-4.jpg\" alt=\"M\u00f3nica Medina en Cristo del Consuelo\" width=\"976\" height=\"549\" class=\"e3vrtyk0 bbc-rb7xa0 e1mo64ex0\"><\/picture><\/noscript><\/p>\n<p role=\"text\" class=\"bbc-1s1cxbv ewbcsnk0\"><span class=\"bbc-1gnhmg2 ed7bp6y0\">Fuente de la imagen, <\/span><span lang=\"en-GB\">Donald D\u00edaz \/ BBC<\/span><\/p>\n<\/div>\n<\/div>\n<div dir=\"ltr\" class=\"bbc-3edg7g ebmt73l0\" readability=\"6\"><figcaption dir=\"ltr\" class=\"bbc-rhuvwm e6i104o0\" readability=\"2\"><span class=\"bbc-1gnhmg2 ed7bp6y0\">Pie de foto, <\/span><\/p>\n<p>Vidrios y escombros se incrustaron en el pecho y el rostro de M\u00f3nica Medina durante la explosi\u00f3n.<\/p>\n<\/figcaption><\/div>\n<\/div>\n<\/figure>\n<\/div>\n<div dir=\"ltr\" class=\"bbc-19j92fr ebmt73l0\" readability=\"11\">\n<p dir=\"ltr\" class=\"bbc-hhl7in e17g058b0\">Testigos reportaron a la polic\u00eda haber visto a dos hombres, a bordo de una moto, cuando descargaron una r\u00e1faga de disparos y luego soltaron el bolso que conten\u00eda la bomba frente a la casa de M\u00f3nica. <\/p>\n<\/div>\n<div dir=\"ltr\" class=\"bbc-19j92fr ebmt73l0\" readability=\"11\">\n<p dir=\"ltr\" class=\"bbc-hhl7in e17g058b0\">La explosi\u00f3n arras\u00f3 el techo, las paredes, la fachada y todo lo que hab\u00eda dentro de la casa de M\u00f3nica. Tambi\u00e9n la de sus vecinos. Qued\u00f3 un hueco en el asfalto que permite ver las aguas del Estero Salado detr\u00e1s de las viviendas. <\/p>\n<\/div>\n<div dir=\"ltr\" class=\"bbc-19j92fr ebmt73l0\" readability=\"10\">\n<p dir=\"ltr\" class=\"bbc-hhl7in e17g058b0\">Las autoridades hicieron un censo para repartir ayudas a los afectados, pero no entrevistaron a M\u00f3nica. <b>\u00abEn esa explosi\u00f3n perd\u00ed a mi \u00fanica hija y mi casa. Me qued\u00e9 sola y ahora no tengo d\u00f3nde vivir\u00bb. <\/b><\/p>\n<\/div>\n<p><h2 id=\"C\u00f3digo-de-silencio\" tabindex=\"-1\" class=\"bbc-1f03ibc eglt09e0\">C\u00f3digo de silencio<\/h2>\n<\/p>\n<div dir=\"ltr\" class=\"bbc-19j92fr ebmt73l0\" readability=\"11\">\n<p dir=\"ltr\" class=\"bbc-hhl7in e17g058b0\">La Polic\u00eda Nacional instal\u00f3 un patrullaje permanente en la esquina que da acceso a la Calle 8, parcialmente cerrada por una reja donde cuelga un aviso que dice \u00abQueremos soluci\u00f3n!\u00bb, en referencia a las viviendas perjudicadas por la explosi\u00f3n.<\/p>\n<\/div>\n<div dir=\"ltr\" class=\"bbc-19j92fr ebmt73l0\" readability=\"12\">\n<p dir=\"ltr\" class=\"bbc-hhl7in e17g058b0\">La casa de Leida Guerrero, vecina pared con pared de M\u00f3nica y Roxana, acab\u00f3 fracturada tras el estallido. \u00abLas paredes est\u00e1n rajadas, el piso est\u00e1 colapsado y los pilares se movieron. Mi casa en cualquier momento se puede venir abajo\u00bb. <\/p>\n<\/div>\n<div dir=\"ltr\" class=\"bbc-1ka88fa ebmt73l0\">\n<figure class=\"bbc-1qdcvv9 e1aczekt0\">\n<div dir=\"ltr\" class=\"bbc-172p16q ebmt73l0\">\n<div dir=\"ltr\" class=\"bbc-189y18v ebmt73l0\" readability=\"6.5\">\n<div data-e2e=\"image-placeholder\" class=\"bbc-997y1y eihqrxw0\" readability=\"8\"><noscript><picture class=\"bbc-yfiktt e1mo64ex1\"><source srcset=\"http:\/\/nuevacordoba.net\/wp-content\/uploads\/2022\/09\/crisis-de-seguridad-en-ecuador-ahora-nos-matan-en-cualquier-parte-la-barbarie-del-crimen-organizado-que-mantiene-en-vilo-a-guayaquil-20.webp 240w, http:\/\/nuevacordoba.net\/wp-content\/uploads\/2022\/09\/crisis-de-seguridad-en-ecuador-ahora-nos-matan-en-cualquier-parte-la-barbarie-del-crimen-organizado-que-mantiene-en-vilo-a-guayaquil-21.webp 320w, http:\/\/nuevacordoba.net\/wp-content\/uploads\/2022\/09\/crisis-de-seguridad-en-ecuador-ahora-nos-matan-en-cualquier-parte-la-barbarie-del-crimen-organizado-que-mantiene-en-vilo-a-guayaquil-22.webp 480w, http:\/\/nuevacordoba.net\/wp-content\/uploads\/2022\/09\/crisis-de-seguridad-en-ecuador-ahora-nos-matan-en-cualquier-parte-la-barbarie-del-crimen-organizado-que-mantiene-en-vilo-a-guayaquil-23.webp 624w, http:\/\/nuevacordoba.net\/wp-content\/uploads\/2022\/09\/crisis-de-seguridad-en-ecuador-ahora-nos-matan-en-cualquier-parte-la-barbarie-del-crimen-organizado-que-mantiene-en-vilo-a-guayaquil-24.webp 800w\" type=\"image\/webp\" sizes=\"(min-width: 1008px) 645px, 100vw\"><source srcset=\"https:\/\/ichef.bbci.co.uk\/news\/240\/cpsprodpb\/10464\/production\/_126806666_7.leida.jpg 240w, https:\/\/ichef.bbci.co.uk\/news\/320\/cpsprodpb\/10464\/production\/_126806666_7.leida.jpg 320w, https:\/\/ichef.bbci.co.uk\/news\/480\/cpsprodpb\/10464\/production\/_126806666_7.leida.jpg 480w, https:\/\/ichef.bbci.co.uk\/news\/624\/cpsprodpb\/10464\/production\/_126806666_7.leida.jpg 624w, https:\/\/ichef.bbci.co.uk\/news\/800\/cpsprodpb\/10464\/production\/_126806666_7.leida.jpg 800w\" type=\"image\/jpeg\" sizes=\"(min-width: 1008px) 645px, 100vw\"><img loading=\"lazy\" src=\"http:\/\/nuevacordoba.net\/wp-content\/uploads\/2022\/09\/crisis-de-seguridad-en-ecuador-ahora-nos-matan-en-cualquier-parte-la-barbarie-del-crimen-organizado-que-mantiene-en-vilo-a-guayaquil-5.jpg\" alt=\"Cristo del Consuelo en Guayaquil\" width=\"976\" height=\"549\" class=\"e3vrtyk0 bbc-rb7xa0 e1mo64ex0\"><\/picture><\/noscript><\/p>\n<p role=\"text\" class=\"bbc-1s1cxbv ewbcsnk0\"><span class=\"bbc-1gnhmg2 ed7bp6y0\">Fuente de la imagen, <\/span><span lang=\"en-GB\">Donald D\u00edaz \/ BBC<\/span><\/p>\n<\/div>\n<\/div>\n<div dir=\"ltr\" class=\"bbc-3edg7g ebmt73l0\" readability=\"6\"><figcaption dir=\"ltr\" class=\"bbc-rhuvwm e6i104o0\" readability=\"2\"><span class=\"bbc-1gnhmg2 ed7bp6y0\">Pie de foto, <\/span><\/p>\n<p>Leida Guerrero teme que su casa se derrumbe despu\u00e9s de la explosi\u00f3n.<\/p>\n<\/figcaption><\/div>\n<\/div>\n<\/figure>\n<\/div>\n<div dir=\"ltr\" class=\"bbc-19j92fr ebmt73l0\" readability=\"11\">\n<p dir=\"ltr\" class=\"bbc-hhl7in e17g058b0\">Leida es la \u00fanica habitante de la Calle 8 que accedi\u00f3 a revelar su identidad para esta historia. Los transe\u00fantes se mostraban dispuestos a contar d\u00f3nde estaban cuando explot\u00f3 la bomba o qu\u00e9 lesiones tuvieron sus familiares \u2014la mayor\u00eda en la vista o los o\u00eddos\u2014, pero se retiraban con una despedida cort\u00e9s al preguntarles sobre posibles responsables o la seguridad en el barrio.<\/p>\n<\/div>\n<div dir=\"ltr\" class=\"bbc-19j92fr ebmt73l0\" readability=\"10\">\n<p dir=\"ltr\" class=\"bbc-hhl7in e17g058b0\">Al menos una decena coincidi\u00f3 en que<b> el estallido de una bomba era inimaginable en Cristo del Consuelo<\/b>. Aunque las fiestas sol\u00edan prolongarse desde los viernes hasta los domingos, el fin de semana que BBC Mundo visit\u00f3 el barrio estaba sumido en el silencio. <\/p>\n<\/div>\n<div dir=\"ltr\" class=\"bbc-19j92fr ebmt73l0\" readability=\"7\">\n<p dir=\"ltr\" class=\"bbc-hhl7in e17g058b0\">Todos temen que ocurra otra explosi\u00f3n. <\/p>\n<\/div>\n<p><h2 id=\"Ataque-contra-alias-Cucaracha\" tabindex=\"-1\" class=\"bbc-1f03ibc eglt09e0\">Ataque contra alias \u00abCucaracha\u00bb<\/h2>\n<\/p>\n<div dir=\"ltr\" class=\"bbc-19j92fr ebmt73l0\" readability=\"13\">\n<p dir=\"ltr\" class=\"bbc-hhl7in e17g058b0\">El Ministerio del Interior inici\u00f3 la investigaci\u00f3n a partir de dos hip\u00f3tesis: el ataque era una represalia por parte de bandas del crimen organizado contra las autoridades por el decomiso de 250 kilos de drogas dos d\u00edas antes, o se trataba de una revancha contra alias \u00abCucaracha\u00bb, quien \u00abaparentemente ten\u00eda en zozobra\u00bb a los habitantes del Cristo del Consuelo, dijo el ministro Carrillo. <\/p>\n<\/div>\n<div dir=\"ltr\" class=\"bbc-19j92fr ebmt73l0\" readability=\"12\">\n<p dir=\"ltr\" class=\"bbc-hhl7in e17g058b0\">Los vecinos de la Calle 8 contaron que \u00abCucaracha\u00bb es propietario de un bailadero, un hombre a quien todos conocen y que tambi\u00e9n result\u00f3 herido en el ataque. Algunos sospechaban que la bomba era un castigo por haberse negado a \u00abpagar vacuna\u00bb, un t\u00e9rmino que los ecuatorianos usan para referirse a las extorsiones. <\/p>\n<\/div>\n<div dir=\"ltr\" class=\"bbc-19j92fr ebmt73l0\" readability=\"12\">\n<p dir=\"ltr\" class=\"bbc-hhl7in e17g058b0\">\u00abCucaracha\u00bb pidi\u00f3 no ser identificado con nombre y apellido y neg\u00f3 haber sido v\u00edctima de extorsiones. Aunque dijo que no quer\u00eda responder mi llamada para evitar exponerse, le pregunt\u00e9 por qu\u00e9 las autoridades supon\u00edan que \u00e9l era el objetivo del ataque. \u00abNo lo s\u00e9. Gracias a Dios yo no ando metido en cosas malas y no tengo por qu\u00e9 meterme en cosas que no me incumben\u00bb, respondi\u00f3. <\/p>\n<\/div>\n<div dir=\"ltr\" class=\"bbc-19j92fr ebmt73l0\" readability=\"9\">\n<p dir=\"ltr\" class=\"bbc-hhl7in e17g058b0\">Lament\u00f3 que el ministro lo hubiera involucrado en la explosi\u00f3n sin siquiera conocerlo. \u00abQuiero que alg\u00fan d\u00eda \u00e9l salga y diga que se confundi\u00f3, pero nunca lo har\u00e1\u00bb. <\/p>\n<\/div>\n<div class=\"bbc-sffzb7 e1hrqbfn0\">\n<div dir=\"ltr\" class=\"bbc-1ka88fa ebmt73l0\">\n<figure class=\"bbc-1qdcvv9 e1aczekt0\">\n<div dir=\"ltr\" class=\"bbc-172p16q ebmt73l0\">\n<div dir=\"ltr\" class=\"bbc-189y18v ebmt73l0\" readability=\"6.5\">\n<div data-e2e=\"image-placeholder\" class=\"bbc-997y1y eihqrxw0\" readability=\"8\"><noscript><picture class=\"bbc-yfiktt e1mo64ex1\"><source srcset=\"http:\/\/nuevacordoba.net\/wp-content\/uploads\/2022\/09\/crisis-de-seguridad-en-ecuador-ahora-nos-matan-en-cualquier-parte-la-barbarie-del-crimen-organizado-que-mantiene-en-vilo-a-guayaquil-25.webp 240w, http:\/\/nuevacordoba.net\/wp-content\/uploads\/2022\/09\/crisis-de-seguridad-en-ecuador-ahora-nos-matan-en-cualquier-parte-la-barbarie-del-crimen-organizado-que-mantiene-en-vilo-a-guayaquil-26.webp 320w, http:\/\/nuevacordoba.net\/wp-content\/uploads\/2022\/09\/crisis-de-seguridad-en-ecuador-ahora-nos-matan-en-cualquier-parte-la-barbarie-del-crimen-organizado-que-mantiene-en-vilo-a-guayaquil-27.webp 480w, http:\/\/nuevacordoba.net\/wp-content\/uploads\/2022\/09\/crisis-de-seguridad-en-ecuador-ahora-nos-matan-en-cualquier-parte-la-barbarie-del-crimen-organizado-que-mantiene-en-vilo-a-guayaquil-28.webp 624w, http:\/\/nuevacordoba.net\/wp-content\/uploads\/2022\/09\/crisis-de-seguridad-en-ecuador-ahora-nos-matan-en-cualquier-parte-la-barbarie-del-crimen-organizado-que-mantiene-en-vilo-a-guayaquil-29.webp 800w\" type=\"image\/webp\" sizes=\"(min-width: 1008px) 645px, 100vw\"><source srcset=\"https:\/\/ichef.bbci.co.uk\/news\/240\/cpsprodpb\/1DEC\/production\/_126806670_8.estero.jpg 240w, https:\/\/ichef.bbci.co.uk\/news\/320\/cpsprodpb\/1DEC\/production\/_126806670_8.estero.jpg 320w, https:\/\/ichef.bbci.co.uk\/news\/480\/cpsprodpb\/1DEC\/production\/_126806670_8.estero.jpg 480w, https:\/\/ichef.bbci.co.uk\/news\/624\/cpsprodpb\/1DEC\/production\/_126806670_8.estero.jpg 624w, https:\/\/ichef.bbci.co.uk\/news\/800\/cpsprodpb\/1DEC\/production\/_126806670_8.estero.jpg 800w\" type=\"image\/jpeg\" sizes=\"(min-width: 1008px) 645px, 100vw\"><img loading=\"lazy\" src=\"http:\/\/nuevacordoba.net\/wp-content\/uploads\/2022\/09\/crisis-de-seguridad-en-ecuador-ahora-nos-matan-en-cualquier-parte-la-barbarie-del-crimen-organizado-que-mantiene-en-vilo-a-guayaquil-6.jpg\" alt=\"Cristo del Consuelo en Guayaquil\" width=\"976\" height=\"549\" class=\"e3vrtyk0 bbc-rb7xa0 e1mo64ex0\"><\/picture><\/noscript><\/p>\n<p role=\"text\" class=\"bbc-1s1cxbv ewbcsnk0\"><span class=\"bbc-1gnhmg2 ed7bp6y0\">Fuente de la imagen, <\/span><span lang=\"en-GB\">Donald D\u00edaz \/ BBC<\/span><\/p>\n<\/div>\n<\/div>\n<div dir=\"ltr\" class=\"bbc-3edg7g ebmt73l0\" readability=\"6\"><figcaption dir=\"ltr\" class=\"bbc-rhuvwm e6i104o0\" readability=\"2\"><span class=\"bbc-1gnhmg2 ed7bp6y0\">Pie de foto, <\/span><\/p>\n<p>El Estero Salado es un brazo de mar que rodea al Cristo del Consuelo.<\/p>\n<\/figcaption><\/div>\n<\/div>\n<\/figure>\n<\/div>\n<\/div>\n<div dir=\"ltr\" class=\"bbc-19j92fr ebmt73l0\" readability=\"9\">\n<p dir=\"ltr\" class=\"bbc-hhl7in e17g058b0\">Mientras tom\u00e1bamos im\u00e1genes de las viviendas afectadas, se acercaron agentes de la Polic\u00eda Nacional. <\/p>\n<\/div>\n<div dir=\"ltr\" class=\"bbc-19j92fr ebmt73l0\" readability=\"12\">\n<p dir=\"ltr\" class=\"bbc-hhl7in e17g058b0\">Uno de ellos asegur\u00f3 que no pod\u00eda identificarse, y baj\u00f3 la voz para afirmar que las fiestas de madrugada en la Calle 8 <b>encubr\u00edan el traslado y embarque de droga en lanchas que zarpan del Estero Salado hacia aguas abiertas<\/b>, donde la mercanc\u00eda se introduce en buques que la llevan a puertos internacionales.<\/p>\n<\/div>\n<div dir=\"ltr\" class=\"bbc-19j92fr ebmt73l0\" readability=\"13\">\n<p dir=\"ltr\" class=\"bbc-hhl7in e17g058b0\">El gobernador de la provincia de Guayas, Lorenzo Calvas, le explic\u00f3 a BBC Mundo que la conexi\u00f3n de Guayaquil con el oc\u00e9ano Pac\u00edfico, as\u00ed como el puerto mar\u00edtimo y el puerto de aguas profundas de Posorja, convierten a la ciudad en un \u00absitio ideal\u00bb para la exportaci\u00f3n de sustancias il\u00edcitas. <\/p>\n<\/div>\n<div dir=\"ltr\" class=\"bbc-19j92fr ebmt73l0\" readability=\"8\">\n<p dir=\"ltr\" class=\"bbc-hhl7in e17g058b0\">Los polic\u00edas que vigilaban la Calle 8 se mantuvieron cerca hasta que nos marchamos de Cristo del Consuelo. <\/p>\n<\/div>\n<div dir=\"ltr\" class=\"bbc-1ka88fa ebmt73l0\">\n<figure class=\"bbc-1qdcvv9 e1aczekt0\">\n<div dir=\"ltr\" class=\"bbc-172p16q ebmt73l0\">\n<div dir=\"ltr\" class=\"bbc-189y18v ebmt73l0\" readability=\"6.5\">\n<div data-e2e=\"image-placeholder\" class=\"bbc-997y1y eihqrxw0\" readability=\"8\"><noscript><picture class=\"bbc-yfiktt e1mo64ex1\"><source srcset=\"http:\/\/nuevacordoba.net\/wp-content\/uploads\/2022\/09\/crisis-de-seguridad-en-ecuador-ahora-nos-matan-en-cualquier-parte-la-barbarie-del-crimen-organizado-que-mantiene-en-vilo-a-guayaquil-30.webp 240w, http:\/\/nuevacordoba.net\/wp-content\/uploads\/2022\/09\/crisis-de-seguridad-en-ecuador-ahora-nos-matan-en-cualquier-parte-la-barbarie-del-crimen-organizado-que-mantiene-en-vilo-a-guayaquil-31.webp 320w, http:\/\/nuevacordoba.net\/wp-content\/uploads\/2022\/09\/crisis-de-seguridad-en-ecuador-ahora-nos-matan-en-cualquier-parte-la-barbarie-del-crimen-organizado-que-mantiene-en-vilo-a-guayaquil-32.webp 480w, http:\/\/nuevacordoba.net\/wp-content\/uploads\/2022\/09\/crisis-de-seguridad-en-ecuador-ahora-nos-matan-en-cualquier-parte-la-barbarie-del-crimen-organizado-que-mantiene-en-vilo-a-guayaquil-33.webp 624w, http:\/\/nuevacordoba.net\/wp-content\/uploads\/2022\/09\/crisis-de-seguridad-en-ecuador-ahora-nos-matan-en-cualquier-parte-la-barbarie-del-crimen-organizado-que-mantiene-en-vilo-a-guayaquil-34.webp 800w\" type=\"image\/webp\" sizes=\"(min-width: 1008px) 645px, 100vw\"><source srcset=\"https:\/\/ichef.bbci.co.uk\/news\/240\/cpsprodpb\/CC2E\/production\/_126807225_14.policas.jpg 240w, https:\/\/ichef.bbci.co.uk\/news\/320\/cpsprodpb\/CC2E\/production\/_126807225_14.policas.jpg 320w, https:\/\/ichef.bbci.co.uk\/news\/480\/cpsprodpb\/CC2E\/production\/_126807225_14.policas.jpg 480w, https:\/\/ichef.bbci.co.uk\/news\/624\/cpsprodpb\/CC2E\/production\/_126807225_14.policas.jpg 624w, https:\/\/ichef.bbci.co.uk\/news\/800\/cpsprodpb\/CC2E\/production\/_126807225_14.policas.jpg 800w\" type=\"image\/jpeg\" sizes=\"(min-width: 1008px) 645px, 100vw\"><img loading=\"lazy\" src=\"http:\/\/nuevacordoba.net\/wp-content\/uploads\/2022\/09\/crisis-de-seguridad-en-ecuador-ahora-nos-matan-en-cualquier-parte-la-barbarie-del-crimen-organizado-que-mantiene-en-vilo-a-guayaquil-7.jpg\" alt=\"Cristo del Consuelo en Guayaquil\" width=\"976\" height=\"549\" class=\"e3vrtyk0 bbc-rb7xa0 e1mo64ex0\"><\/picture><\/noscript><\/p>\n<p role=\"text\" class=\"bbc-1s1cxbv ewbcsnk0\"><span class=\"bbc-1gnhmg2 ed7bp6y0\">Fuente de la imagen, <\/span><span lang=\"en-GB\">Donald D\u00edaz \/ BBC<\/span><\/p>\n<\/div>\n<\/div>\n<div dir=\"ltr\" class=\"bbc-3edg7g ebmt73l0\" readability=\"6\"><figcaption dir=\"ltr\" class=\"bbc-rhuvwm e6i104o0\" readability=\"2\"><span class=\"bbc-1gnhmg2 ed7bp6y0\">Pie de foto, <\/span><\/p>\n<p>La Polic\u00eda Nacional custodia la Calle 8 desde la explosi\u00f3n.<\/p>\n<\/figcaption><\/div>\n<\/div>\n<\/figure>\n<\/div>\n<p><h2 id=\"Guayaquil-el-hub-de-la-coca\u00edna\" tabindex=\"-1\" class=\"bbc-1f03ibc eglt09e0\">Guayaquil, el hub de la coca\u00edna<\/h2>\n<\/p>\n<div dir=\"ltr\" class=\"bbc-19j92fr ebmt73l0\" readability=\"10\">\n<p dir=\"ltr\" class=\"bbc-hhl7in e17g058b0\">Ecuador se encuentra entre Colombia y Per\u00fa, los dos mayores productores de coca\u00edna del mundo, por lo cual ha sido un pa\u00eds de tr\u00e1nsito en el tr\u00e1fico de narc\u00f3ticos. <\/p>\n<\/div>\n<div dir=\"ltr\" class=\"bbc-19j92fr ebmt73l0\" readability=\"10\">\n<p dir=\"ltr\" class=\"bbc-hhl7in e17g058b0\">En 2022, figura como el tercer pa\u00eds donde se incauta m\u00e1s coca\u00edna despu\u00e9s de Colombia y Estados Unidos, seg\u00fan la Oficina de las Naciones Unidas contra la Droga. <\/p>\n<\/div>\n<div dir=\"ltr\" class=\"bbc-19j92fr ebmt73l0\" readability=\"12\">\n<p dir=\"ltr\" class=\"bbc-hhl7in e17g058b0\">Las autoridades ecuatorianas confiscaron 18 toneladas de drogas en 2010. Diez a\u00f1os m\u00e1s tarde fueron 128 toneladas. Un a\u00f1o despu\u00e9s, en 2021, se decomisaron 201 toneladas, la mayor cifra de incautaci\u00f3n en la historia de Ecuador. <\/p>\n<\/div>\n<div dir=\"ltr\" class=\"bbc-19j92fr ebmt73l0\" readability=\"10\">\n<p dir=\"ltr\" class=\"bbc-hhl7in e17g058b0\">Guayaquil, el mayor puerto mar\u00edtimo del pa\u00eds, tambi\u00e9n es el principal puerto de salida de la droga que navega por el Pac\u00edfico hacia el norte del continente americano. <\/p>\n<\/div>\n<div dir=\"ltr\" class=\"bbc-1ka88fa ebmt73l0\">\n<figure class=\"bbc-1qdcvv9 e1aczekt0\">\n<div dir=\"ltr\" class=\"bbc-172p16q ebmt73l0\">\n<div dir=\"ltr\" class=\"bbc-189y18v ebmt73l0\" readability=\"6.5\">\n<div data-e2e=\"image-placeholder\" class=\"bbc-997y1y eihqrxw0\" readability=\"8\"><noscript><picture class=\"bbc-yfiktt e1mo64ex1\"><source srcset=\"http:\/\/nuevacordoba.net\/wp-content\/uploads\/2022\/09\/crisis-de-seguridad-en-ecuador-ahora-nos-matan-en-cualquier-parte-la-barbarie-del-crimen-organizado-que-mantiene-en-vilo-a-guayaquil-35.webp 240w, http:\/\/nuevacordoba.net\/wp-content\/uploads\/2022\/09\/crisis-de-seguridad-en-ecuador-ahora-nos-matan-en-cualquier-parte-la-barbarie-del-crimen-organizado-que-mantiene-en-vilo-a-guayaquil-36.webp 320w, http:\/\/nuevacordoba.net\/wp-content\/uploads\/2022\/09\/crisis-de-seguridad-en-ecuador-ahora-nos-matan-en-cualquier-parte-la-barbarie-del-crimen-organizado-que-mantiene-en-vilo-a-guayaquil-37.webp 480w, http:\/\/nuevacordoba.net\/wp-content\/uploads\/2022\/09\/crisis-de-seguridad-en-ecuador-ahora-nos-matan-en-cualquier-parte-la-barbarie-del-crimen-organizado-que-mantiene-en-vilo-a-guayaquil-38.webp 624w, http:\/\/nuevacordoba.net\/wp-content\/uploads\/2022\/09\/crisis-de-seguridad-en-ecuador-ahora-nos-matan-en-cualquier-parte-la-barbarie-del-crimen-organizado-que-mantiene-en-vilo-a-guayaquil-39.webp 800w\" type=\"image\/webp\" sizes=\"(min-width: 1008px) 645px, 100vw\"><source srcset=\"https:\/\/ichef.bbci.co.uk\/news\/240\/cpsprodpb\/0CC6\/production\/_126807230_6.redada.jpg 240w, https:\/\/ichef.bbci.co.uk\/news\/320\/cpsprodpb\/0CC6\/production\/_126807230_6.redada.jpg 320w, https:\/\/ichef.bbci.co.uk\/news\/480\/cpsprodpb\/0CC6\/production\/_126807230_6.redada.jpg 480w, https:\/\/ichef.bbci.co.uk\/news\/624\/cpsprodpb\/0CC6\/production\/_126807230_6.redada.jpg 624w, https:\/\/ichef.bbci.co.uk\/news\/800\/cpsprodpb\/0CC6\/production\/_126807230_6.redada.jpg 800w\" type=\"image\/jpeg\" sizes=\"(min-width: 1008px) 645px, 100vw\"><img loading=\"lazy\" src=\"http:\/\/nuevacordoba.net\/wp-content\/uploads\/2022\/09\/crisis-de-seguridad-en-ecuador-ahora-nos-matan-en-cualquier-parte-la-barbarie-del-crimen-organizado-que-mantiene-en-vilo-a-guayaquil-8.jpg\" alt=\"Cristo del Consuelo en Guayaquil\" width=\"976\" height=\"549\" class=\"e3vrtyk0 bbc-rb7xa0 e1mo64ex0\"><\/picture><\/noscript><\/p>\n<p role=\"text\" class=\"bbc-1s1cxbv ewbcsnk0\"><span class=\"bbc-1gnhmg2 ed7bp6y0\">Fuente de la imagen, <\/span><span lang=\"en-GB\">Donald D\u00edaz \/ BBC<\/span><\/p>\n<\/div>\n<\/div>\n<div dir=\"ltr\" class=\"bbc-3edg7g ebmt73l0\" readability=\"6\"><figcaption dir=\"ltr\" class=\"bbc-rhuvwm e6i104o0\" readability=\"2\"><span class=\"bbc-1gnhmg2 ed7bp6y0\">Pie de foto, <\/span><\/p>\n<p>Polic\u00edas y militares hacen redadas en las calles bajo el estado de excepci\u00f3n.<\/p>\n<\/figcaption><\/div>\n<\/div>\n<\/figure>\n<\/div>\n<div dir=\"ltr\" class=\"bbc-19j92fr ebmt73l0\" readability=\"8\">\n<p dir=\"ltr\" class=\"bbc-hhl7in e17g058b0\">La Oficina de Asuntos Internacionales de Narc\u00f3ticos de Estados Unidos ha definido a la ciudad ecuatoriana como <b>el mayor <\/b><i class=\"bbc-h1y5j7 eih42320\"><b>hub <\/b><\/i><b>para la coca\u00edna que va a Europa y al resto del mundo.<\/b><\/p>\n<\/div>\n<div dir=\"ltr\" class=\"bbc-19j92fr ebmt73l0\" readability=\"9\">\n<p dir=\"ltr\" class=\"bbc-hhl7in e17g058b0\">Las autoridades de Guayaquil confiscaron 46 toneladas de droga entre enero y agosto de 2021. Los decomisos escalaron a 78 toneladas para el mismo per\u00edodo este a\u00f1o, precis\u00f3 el gobernador de Guayas. <\/p>\n<\/div>\n<div dir=\"ltr\" class=\"bbc-19j92fr ebmt73l0\" readability=\"7\">\n<p dir=\"ltr\" class=\"bbc-hhl7in e17g058b0\">A\u00f1adi\u00f3 que ocho de cada diez muertes violentas en Guayaquil derivan del narcotr\u00e1fico. <\/p>\n<\/div>\n<div dir=\"ltr\" class=\"bbc-19j92fr ebmt73l0\" readability=\"15\">\n<p dir=\"ltr\" class=\"bbc-hhl7in e17g058b0\">\u00abGuayaquil es el lugar de exportaci\u00f3n, consumo, lavado de dinero y producci\u00f3n de coca\u00edna m\u00e1s significativo de Ecuador\u00bb, explic\u00f3 el experto ecuatoriano en seguridad Fernando Carri\u00f3n. En ese contexto, \u00abun 75% de los homicidios en la ciudad son ocasionados por bandas, mafias y carteles vinculados al narcotr\u00e1fico\u00bb. <\/p>\n<\/div>\n<p><h2 id=\"Cintur\u00f3n-de-marginalidad\" tabindex=\"-1\" class=\"bbc-1f03ibc eglt09e0\">Cintur\u00f3n de marginalidad<\/h2>\n<\/p>\n<div dir=\"ltr\" class=\"bbc-19j92fr ebmt73l0\" readability=\"11\">\n<p dir=\"ltr\" class=\"bbc-hhl7in e17g058b0\">El economista Uriel Castillo naci\u00f3 en el norte de Esmeraldas, una provincia ecuatoriana fronteriza con Colombia, permeable durante d\u00e9cadas a las actividades de las guerrillas colombianas y de organizaciones del narcotr\u00e1fico. <\/p>\n<\/div>\n<div dir=\"ltr\" class=\"bbc-19j92fr ebmt73l0\" readability=\"10\">\n<p dir=\"ltr\" class=\"bbc-hhl7in e17g058b0\">Su familia se instal\u00f3 en Cristo del Consuelo cuando emigr\u00f3 a Guayaquil hace m\u00e1s de 40 a\u00f1os, al igual que la mayor\u00eda de los habitantes de este barrio que naci\u00f3 como un asentamiento de los pobladores de comunidades afroecuatorianas. <\/p>\n<\/div>\n<div dir=\"ltr\" class=\"bbc-19j92fr ebmt73l0\" readability=\"12\">\n<p dir=\"ltr\" class=\"bbc-hhl7in e17g058b0\">Castillo recuerda que Cristo del Consuelo era una barriada segura a principios de los 90. Sin embargo, asegura que en las \u00faltimas d\u00e9cadas se ha creado en Guayaquil un \u00abcintur\u00f3n de marginalidad, en el que se fusiona la delincuencia, la precariedad social y las bandas organizadas\u00bb. <\/p>\n<\/div>\n<div dir=\"ltr\" class=\"bbc-1ka88fa ebmt73l0\">\n<figure class=\"bbc-1qdcvv9 e1aczekt0\">\n<div dir=\"ltr\" class=\"bbc-172p16q ebmt73l0\">\n<div dir=\"ltr\" class=\"bbc-189y18v ebmt73l0\" readability=\"6.5\">\n<div data-e2e=\"image-placeholder\" class=\"bbc-997y1y eihqrxw0\" readability=\"8\"><noscript><picture class=\"bbc-yfiktt e1mo64ex1\"><source srcset=\"http:\/\/nuevacordoba.net\/wp-content\/uploads\/2022\/09\/crisis-de-seguridad-en-ecuador-ahora-nos-matan-en-cualquier-parte-la-barbarie-del-crimen-organizado-que-mantiene-en-vilo-a-guayaquil-40.webp 240w, http:\/\/nuevacordoba.net\/wp-content\/uploads\/2022\/09\/crisis-de-seguridad-en-ecuador-ahora-nos-matan-en-cualquier-parte-la-barbarie-del-crimen-organizado-que-mantiene-en-vilo-a-guayaquil-41.webp 320w, http:\/\/nuevacordoba.net\/wp-content\/uploads\/2022\/09\/crisis-de-seguridad-en-ecuador-ahora-nos-matan-en-cualquier-parte-la-barbarie-del-crimen-organizado-que-mantiene-en-vilo-a-guayaquil-42.webp 480w, http:\/\/nuevacordoba.net\/wp-content\/uploads\/2022\/09\/crisis-de-seguridad-en-ecuador-ahora-nos-matan-en-cualquier-parte-la-barbarie-del-crimen-organizado-que-mantiene-en-vilo-a-guayaquil-43.webp 624w, http:\/\/nuevacordoba.net\/wp-content\/uploads\/2022\/09\/crisis-de-seguridad-en-ecuador-ahora-nos-matan-en-cualquier-parte-la-barbarie-del-crimen-organizado-que-mantiene-en-vilo-a-guayaquil-44.webp 800w\" type=\"image\/webp\" sizes=\"(min-width: 1008px) 645px, 100vw\"><source srcset=\"https:\/\/ichef.bbci.co.uk\/news\/240\/cpsprodpb\/ACEE\/production\/_126807244_11.uriel.jpg 240w, https:\/\/ichef.bbci.co.uk\/news\/320\/cpsprodpb\/ACEE\/production\/_126807244_11.uriel.jpg 320w, https:\/\/ichef.bbci.co.uk\/news\/480\/cpsprodpb\/ACEE\/production\/_126807244_11.uriel.jpg 480w, https:\/\/ichef.bbci.co.uk\/news\/624\/cpsprodpb\/ACEE\/production\/_126807244_11.uriel.jpg 624w, https:\/\/ichef.bbci.co.uk\/news\/800\/cpsprodpb\/ACEE\/production\/_126807244_11.uriel.jpg 800w\" type=\"image\/jpeg\" sizes=\"(min-width: 1008px) 645px, 100vw\"><img loading=\"lazy\" src=\"http:\/\/nuevacordoba.net\/wp-content\/uploads\/2022\/09\/crisis-de-seguridad-en-ecuador-ahora-nos-matan-en-cualquier-parte-la-barbarie-del-crimen-organizado-que-mantiene-en-vilo-a-guayaquil-9.jpg\" alt=\"Cristo del Consuelo en Guayaquil\" width=\"976\" height=\"549\" class=\"e3vrtyk0 bbc-rb7xa0 e1mo64ex0\"><\/picture><\/noscript><\/p>\n<p role=\"text\" class=\"bbc-1s1cxbv ewbcsnk0\"><span class=\"bbc-1gnhmg2 ed7bp6y0\">Fuente de la imagen, <\/span><span lang=\"en-GB\">Donald D\u00edaz \/ BBC<\/span><\/p>\n<\/div>\n<\/div>\n<div dir=\"ltr\" class=\"bbc-3edg7g ebmt73l0\" readability=\"6\"><figcaption dir=\"ltr\" class=\"bbc-rhuvwm e6i104o0\" readability=\"2\"><span class=\"bbc-1gnhmg2 ed7bp6y0\">Pie de foto, <\/span><\/p>\n<p>El economista Uriel Castillo se cri\u00f3 en Cristo del Consuelo.<\/p>\n<\/figcaption><\/div>\n<\/div>\n<\/figure>\n<\/div>\n<div dir=\"ltr\" class=\"bbc-19j92fr ebmt73l0\" readability=\"10\">\n<p dir=\"ltr\" class=\"bbc-hhl7in e17g058b0\">Una semana antes de que estallara la bomba en Cristo del Consuelo, las autoridades encontraron seis cuerpos en una fosa com\u00fan en el Guasmo, una zona de manglares al sur de Guayaquil. <\/p>\n<\/div>\n<div dir=\"ltr\" class=\"bbc-19j92fr ebmt73l0\" readability=\"11\">\n<p dir=\"ltr\" class=\"bbc-hhl7in e17g058b0\">Tres semanas despu\u00e9s de la explosi\u00f3n se orden\u00f3 la militarizaci\u00f3n de la barriada guayaquile\u00f1a Socio Vivienda II, luego de que bandas se enfrentaran a tiros con armas de guerra, y la balacera quedara registrada en videos que circularon por las redes sociales. <\/p>\n<\/div>\n<div dir=\"ltr\" class=\"bbc-19j92fr ebmt73l0\" readability=\"13\">\n<p dir=\"ltr\" class=\"bbc-hhl7in e17g058b0\">Esa semana, el domingo 4 de septiembre, fui a almorzar al centro de Guayaquil. Al llegar a la tur\u00edstica calle Panam\u00e1, me top\u00e9 con una mujer que lloraba mientras contaba a un grupo de agentes de la Polic\u00eda Nacional que dos hombres en moto acababan de apuntarla con un arma para arrancarle la cartera. <\/p>\n<\/div>\n<div dir=\"ltr\" class=\"bbc-1ka88fa ebmt73l0\">\n<figure class=\"bbc-1qdcvv9 e1aczekt0\">\n<div dir=\"ltr\" class=\"bbc-172p16q ebmt73l0\">\n<div dir=\"ltr\" class=\"bbc-189y18v ebmt73l0\" readability=\"6.5\">\n<div data-e2e=\"image-placeholder\" class=\"bbc-997y1y eihqrxw0\" readability=\"8\"><noscript><picture class=\"bbc-yfiktt e1mo64ex1\"><source srcset=\"http:\/\/nuevacordoba.net\/wp-content\/uploads\/2022\/09\/crisis-de-seguridad-en-ecuador-ahora-nos-matan-en-cualquier-parte-la-barbarie-del-crimen-organizado-que-mantiene-en-vilo-a-guayaquil-45.webp 240w, http:\/\/nuevacordoba.net\/wp-content\/uploads\/2022\/09\/crisis-de-seguridad-en-ecuador-ahora-nos-matan-en-cualquier-parte-la-barbarie-del-crimen-organizado-que-mantiene-en-vilo-a-guayaquil-46.webp 320w, http:\/\/nuevacordoba.net\/wp-content\/uploads\/2022\/09\/crisis-de-seguridad-en-ecuador-ahora-nos-matan-en-cualquier-parte-la-barbarie-del-crimen-organizado-que-mantiene-en-vilo-a-guayaquil-47.webp 480w, http:\/\/nuevacordoba.net\/wp-content\/uploads\/2022\/09\/crisis-de-seguridad-en-ecuador-ahora-nos-matan-en-cualquier-parte-la-barbarie-del-crimen-organizado-que-mantiene-en-vilo-a-guayaquil-48.webp 624w, http:\/\/nuevacordoba.net\/wp-content\/uploads\/2022\/09\/crisis-de-seguridad-en-ecuador-ahora-nos-matan-en-cualquier-parte-la-barbarie-del-crimen-organizado-que-mantiene-en-vilo-a-guayaquil-49.webp 800w\" type=\"image\/webp\" sizes=\"(min-width: 1008px) 645px, 100vw\"><source srcset=\"https:\/\/ichef.bbci.co.uk\/news\/240\/cpsprodpb\/1492E\/production\/_126807248_12.asalto.jpg 240w, https:\/\/ichef.bbci.co.uk\/news\/320\/cpsprodpb\/1492E\/production\/_126807248_12.asalto.jpg 320w, https:\/\/ichef.bbci.co.uk\/news\/480\/cpsprodpb\/1492E\/production\/_126807248_12.asalto.jpg 480w, https:\/\/ichef.bbci.co.uk\/news\/624\/cpsprodpb\/1492E\/production\/_126807248_12.asalto.jpg 624w, https:\/\/ichef.bbci.co.uk\/news\/800\/cpsprodpb\/1492E\/production\/_126807248_12.asalto.jpg 800w\" type=\"image\/jpeg\" sizes=\"(min-width: 1008px) 645px, 100vw\"><img loading=\"lazy\" src=\"http:\/\/nuevacordoba.net\/wp-content\/uploads\/2022\/09\/crisis-de-seguridad-en-ecuador-ahora-nos-matan-en-cualquier-parte-la-barbarie-del-crimen-organizado-que-mantiene-en-vilo-a-guayaquil-10.jpg\" alt=\"Calle Panam\u00e1 en Guayaquil\" width=\"976\" height=\"549\" class=\"e3vrtyk0 bbc-rb7xa0 e1mo64ex0\"><\/picture><\/noscript><\/p>\n<p role=\"text\" class=\"bbc-1s1cxbv ewbcsnk0\"><span class=\"bbc-1gnhmg2 ed7bp6y0\">Fuente de la imagen, <\/span><span lang=\"en-GB\">Donald D\u00edaz \/ BBC<\/span><\/p>\n<\/div>\n<\/div>\n<div dir=\"ltr\" class=\"bbc-3edg7g ebmt73l0\" readability=\"6\"><figcaption dir=\"ltr\" class=\"bbc-rhuvwm e6i104o0\" readability=\"2\"><span class=\"bbc-1gnhmg2 ed7bp6y0\">Pie de foto, <\/span><\/p>\n<p>Una mujer denuncia ante la polic\u00eda que fue asaltada en Guayaquil.<\/p>\n<\/figcaption><\/div>\n<\/div>\n<\/figure>\n<\/div>\n<div dir=\"ltr\" class=\"bbc-19j92fr ebmt73l0\" readability=\"10\">\n<p dir=\"ltr\" class=\"bbc-hhl7in e17g058b0\">\u00abEsto se jodi\u00f3. Ya no tenemos paz, ahora nos matan en cualquier parte\u00bb, dijo un empleado del restaurante de la esquina que presenci\u00f3 el asalto. <\/p>\n<\/div>\n<p><h2 id=\"La-actuaci\u00f3n-de-la-Fiscal\u00eda\" tabindex=\"-1\" class=\"bbc-1f03ibc eglt09e0\">La actuaci\u00f3n de la Fiscal\u00eda<\/h2>\n<\/p>\n<div dir=\"ltr\" class=\"bbc-19j92fr ebmt73l0\" readability=\"9\">\n<p dir=\"ltr\" class=\"bbc-hhl7in e17g058b0\">Cristo del Consuelo forma parte de la zona 8, cuya seguridad es coordinada por el general de la Polic\u00eda Nacional V\u00edctor Z\u00e1rate. <\/p>\n<\/div>\n<div dir=\"ltr\" class=\"bbc-19j92fr ebmt73l0\" readability=\"9\">\n<p dir=\"ltr\" class=\"bbc-hhl7in e17g058b0\">Despu\u00e9s de 34 a\u00f1os en el oficio, Z\u00e1rate considera que el tr\u00e1fico de drogas es la mayor amenaza de seguridad que afronta Ecuador.<\/p>\n<\/div>\n<div dir=\"ltr\" class=\"bbc-19j92fr ebmt73l0\" readability=\"13\">\n<p dir=\"ltr\" class=\"bbc-hhl7in e17g058b0\">\u00abEl peor momento de inseguridad puede ser ahora. El tema m\u00e1s grave es el microtr\u00e1fico. He pasado 20 a\u00f1os de mi vida en grupos especiales, he trabajado en el tema de delincuencia organizada, secuestro y narcotr\u00e1fico. <b>Hoy estamos en un punto crucial porque todo se ha elevado<\/b>\u00ab, dijo en una entrevista desde su despacho en Guayaquil.<\/p>\n<\/div>\n<div dir=\"ltr\" class=\"bbc-19j92fr ebmt73l0\" readability=\"8\">\n<p dir=\"ltr\" class=\"bbc-hhl7in e17g058b0\">A\u00f1adi\u00f3 que la ola de violencia tambi\u00e9n se debe \u00aba la incautaci\u00f3n de drogas y a la pugna de estas organizaciones por ganar espacios de territorio\u00bb.<\/p>\n<\/div>\n<div dir=\"ltr\" class=\"bbc-19j92fr ebmt73l0\" readability=\"9\">\n<p dir=\"ltr\" class=\"bbc-hhl7in e17g058b0\">Indic\u00f3 que la polic\u00eda investiga si la bomba en Cristo del Consuelo fue producto del enfrentamiento entre Los Choneros y Tiguerones, dos de las bandas armadas m\u00e1s temidas en Ecuador.<\/p>\n<\/div>\n<div dir=\"ltr\" class=\"bbc-1ka88fa ebmt73l0\">\n<figure class=\"bbc-1qdcvv9 e1aczekt0\">\n<div dir=\"ltr\" class=\"bbc-172p16q ebmt73l0\">\n<div dir=\"ltr\" class=\"bbc-189y18v ebmt73l0\" readability=\"6.5\">\n<div data-e2e=\"image-placeholder\" class=\"bbc-997y1y eihqrxw0\" readability=\"8\"><noscript><picture class=\"bbc-yfiktt e1mo64ex1\"><source srcset=\"http:\/\/nuevacordoba.net\/wp-content\/uploads\/2022\/09\/crisis-de-seguridad-en-ecuador-ahora-nos-matan-en-cualquier-parte-la-barbarie-del-crimen-organizado-que-mantiene-en-vilo-a-guayaquil-50.webp 240w, http:\/\/nuevacordoba.net\/wp-content\/uploads\/2022\/09\/crisis-de-seguridad-en-ecuador-ahora-nos-matan-en-cualquier-parte-la-barbarie-del-crimen-organizado-que-mantiene-en-vilo-a-guayaquil-51.webp 320w, http:\/\/nuevacordoba.net\/wp-content\/uploads\/2022\/09\/crisis-de-seguridad-en-ecuador-ahora-nos-matan-en-cualquier-parte-la-barbarie-del-crimen-organizado-que-mantiene-en-vilo-a-guayaquil-52.webp 480w, http:\/\/nuevacordoba.net\/wp-content\/uploads\/2022\/09\/crisis-de-seguridad-en-ecuador-ahora-nos-matan-en-cualquier-parte-la-barbarie-del-crimen-organizado-que-mantiene-en-vilo-a-guayaquil-53.webp 624w, http:\/\/nuevacordoba.net\/wp-content\/uploads\/2022\/09\/crisis-de-seguridad-en-ecuador-ahora-nos-matan-en-cualquier-parte-la-barbarie-del-crimen-organizado-que-mantiene-en-vilo-a-guayaquil-54.webp 800w\" type=\"image\/webp\" sizes=\"(min-width: 1008px) 645px, 100vw\"><source srcset=\"https:\/\/ichef.bbci.co.uk\/news\/240\/cpsprodpb\/6A86\/production\/_126807272_13.zarate.jpg 240w, https:\/\/ichef.bbci.co.uk\/news\/320\/cpsprodpb\/6A86\/production\/_126807272_13.zarate.jpg 320w, https:\/\/ichef.bbci.co.uk\/news\/480\/cpsprodpb\/6A86\/production\/_126807272_13.zarate.jpg 480w, https:\/\/ichef.bbci.co.uk\/news\/624\/cpsprodpb\/6A86\/production\/_126807272_13.zarate.jpg 624w, https:\/\/ichef.bbci.co.uk\/news\/800\/cpsprodpb\/6A86\/production\/_126807272_13.zarate.jpg 800w\" type=\"image\/jpeg\" sizes=\"(min-width: 1008px) 645px, 100vw\"><img loading=\"lazy\" src=\"http:\/\/nuevacordoba.net\/wp-content\/uploads\/2022\/09\/crisis-de-seguridad-en-ecuador-ahora-nos-matan-en-cualquier-parte-la-barbarie-del-crimen-organizado-que-mantiene-en-vilo-a-guayaquil-11.jpg\" alt=\"V\u00edctor Z\u00e1rate\" width=\"976\" height=\"549\" class=\"e3vrtyk0 bbc-rb7xa0 e1mo64ex0\"><\/picture><\/noscript><\/p>\n<p role=\"text\" class=\"bbc-1s1cxbv ewbcsnk0\"><span class=\"bbc-1gnhmg2 ed7bp6y0\">Fuente de la imagen, <\/span><span lang=\"en-GB\">Donald D\u00edaz \/ BBC<\/span><\/p>\n<\/div>\n<\/div>\n<div dir=\"ltr\" class=\"bbc-3edg7g ebmt73l0\" readability=\"6\"><figcaption dir=\"ltr\" class=\"bbc-rhuvwm e6i104o0\" readability=\"2\"><span class=\"bbc-1gnhmg2 ed7bp6y0\">Pie de foto, <\/span><\/p>\n<p>El general de la Polic\u00eda Nacional V\u00edctor Z\u00e1rate combate el crimen organizado.<\/p>\n<\/figcaption><\/div>\n<\/div>\n<\/figure>\n<\/div>\n<div dir=\"ltr\" class=\"bbc-19j92fr ebmt73l0\" readability=\"13\">\n<p dir=\"ltr\" class=\"bbc-hhl7in e17g058b0\">La Fiscal\u00eda ecuatoriana confirm\u00f3 a BBC Mundo que investiga los delitos de terrorismo, asesinato y tr\u00e1fico il\u00edcito de armas de fuego en el caso de Cristo del Consuelo. Orden\u00f3 la detenci\u00f3n de Dar\u00edo Arturo C. S., alias \u00abMorado\u00bb, como uno de los sospechosos de participar en la fabricaci\u00f3n y activaci\u00f3n del explosivo. <\/p>\n<\/div>\n<div dir=\"ltr\" class=\"bbc-19j92fr ebmt73l0\" readability=\"19\">\n<p dir=\"ltr\" class=\"bbc-hhl7in e17g058b0\">Cuando fue capturado, \u00abMorado\u00bb ten\u00eda en su poder \u00abuna pistola marca Glock con su respectiva alimentadora, 17 cartuchos sin percutir, un fusil calibre 5,56, con 30 cartuchos del mismo calibre; cuatro tel\u00e9fonos celulares, una laptop, una tablet, droga en peque\u00f1as cantidades y dinero en efectivo\u00bb, inform\u00f3 la Fiscal\u00eda.<\/p>\n<\/div>\n<div dir=\"ltr\" class=\"bbc-19j92fr ebmt73l0\" readability=\"11\">\n<p dir=\"ltr\" class=\"bbc-hhl7in e17g058b0\">Z\u00e1rate cuestion\u00f3 que \u00abMorado\u00bb haya estado libre antes del ataque, dado que era investigado por tr\u00e1fico y tenencia de armas de fuego y tentativa de asesinato, luego de verse involucrado en un ataque que ocasion\u00f3 siete heridos en el Distrito Sur. <\/p>\n<\/div>\n<div dir=\"ltr\" class=\"bbc-19j92fr ebmt73l0\" readability=\"9\">\n<p dir=\"ltr\" class=\"bbc-hhl7in e17g058b0\">El sospechoso \u00abestaba con grillete electr\u00f3nico y medidas sustitutivas o alternativas a la pena\u00bb, precis\u00f3. <\/p>\n<\/div>\n<div dir=\"ltr\" class=\"bbc-19j92fr ebmt73l0\" readability=\"9\">\n<p dir=\"ltr\" class=\"bbc-hhl7in e17g058b0\">El general de la Polic\u00eda Nacional lament\u00f3 que el sistema judicial no procese a los sospechosos de delitos, aunque existan evidencias que los incriminen. <\/p>\n<\/div>\n<div dir=\"ltr\" class=\"bbc-19j92fr ebmt73l0\" readability=\"11\">\n<p dir=\"ltr\" class=\"bbc-hhl7in e17g058b0\">\u00abComo polic\u00eda entregamos los insumos necesarios para que reciban la sanci\u00f3n correspondiente a trav\u00e9s de los jueces, impulsados por Fiscal\u00eda. Pero muchos de ellos no valoran las pruebas y los ponen en libertad, a pesar de haber sido encontrados con armas o en posesi\u00f3n de drogas\u00bb.<\/p>\n<\/div>\n<div dir=\"ltr\" class=\"bbc-1ka88fa ebmt73l0\">\n<figure class=\"bbc-1qdcvv9 e1aczekt0\">\n<div dir=\"ltr\" class=\"bbc-172p16q ebmt73l0\">\n<div dir=\"ltr\" class=\"bbc-189y18v ebmt73l0\" readability=\"6.5\">\n<div data-e2e=\"image-placeholder\" class=\"bbc-997y1y eihqrxw0\" readability=\"8\"><noscript><picture class=\"bbc-yfiktt e1mo64ex1\"><source srcset=\"http:\/\/nuevacordoba.net\/wp-content\/uploads\/2022\/09\/crisis-de-seguridad-en-ecuador-ahora-nos-matan-en-cualquier-parte-la-barbarie-del-crimen-organizado-que-mantiene-en-vilo-a-guayaquil-55.webp 240w, http:\/\/nuevacordoba.net\/wp-content\/uploads\/2022\/09\/crisis-de-seguridad-en-ecuador-ahora-nos-matan-en-cualquier-parte-la-barbarie-del-crimen-organizado-que-mantiene-en-vilo-a-guayaquil-56.webp 320w, http:\/\/nuevacordoba.net\/wp-content\/uploads\/2022\/09\/crisis-de-seguridad-en-ecuador-ahora-nos-matan-en-cualquier-parte-la-barbarie-del-crimen-organizado-que-mantiene-en-vilo-a-guayaquil-57.webp 480w, http:\/\/nuevacordoba.net\/wp-content\/uploads\/2022\/09\/crisis-de-seguridad-en-ecuador-ahora-nos-matan-en-cualquier-parte-la-barbarie-del-crimen-organizado-que-mantiene-en-vilo-a-guayaquil-58.webp 624w, http:\/\/nuevacordoba.net\/wp-content\/uploads\/2022\/09\/crisis-de-seguridad-en-ecuador-ahora-nos-matan-en-cualquier-parte-la-barbarie-del-crimen-organizado-que-mantiene-en-vilo-a-guayaquil-12.jpg.webp 640w\" type=\"image\/webp\" sizes=\"(min-width: 1008px) 645px, 100vw\"><source srcset=\"https:\/\/ichef.bbci.co.uk\/news\/240\/cpsprodpb\/12131\/production\/_126833047_mediaitem126833043.jpg 240w, https:\/\/ichef.bbci.co.uk\/news\/320\/cpsprodpb\/12131\/production\/_126833047_mediaitem126833043.jpg 320w, https:\/\/ichef.bbci.co.uk\/news\/480\/cpsprodpb\/12131\/production\/_126833047_mediaitem126833043.jpg 480w, https:\/\/ichef.bbci.co.uk\/news\/624\/cpsprodpb\/12131\/production\/_126833047_mediaitem126833043.jpg 624w, http:\/\/nuevacordoba.net\/wp-content\/uploads\/2022\/09\/crisis-de-seguridad-en-ecuador-ahora-nos-matan-en-cualquier-parte-la-barbarie-del-crimen-organizado-que-mantiene-en-vilo-a-guayaquil-12.jpg 640w\" type=\"image\/jpeg\" sizes=\"(min-width: 1008px) 645px, 100vw\"><img loading=\"lazy\" src=\"http:\/\/nuevacordoba.net\/wp-content\/uploads\/2022\/09\/crisis-de-seguridad-en-ecuador-ahora-nos-matan-en-cualquier-parte-la-barbarie-del-crimen-organizado-que-mantiene-en-vilo-a-guayaquil-12.jpg\" alt=\"Guayaquil\" width=\"640\" height=\"360\" class=\"e3vrtyk0 bbc-rb7xa0 e1mo64ex0\"><\/picture><\/noscript><\/p>\n<p role=\"text\" class=\"bbc-1s1cxbv ewbcsnk0\"><span class=\"bbc-1gnhmg2 ed7bp6y0\">Fuente de la imagen, <\/span><span lang=\"en-GB\">Reuters<\/span><\/p>\n<\/div>\n<\/div>\n<\/div>\n<\/figure>\n<\/div>\n<p><h2 id=\"Es-\u00e9l-o-yo\" tabindex=\"-1\" class=\"bbc-1f03ibc eglt09e0\">\u00abEs \u00e9l o yo\u00bb<\/h2>\n<\/p>\n<div dir=\"ltr\" class=\"bbc-19j92fr ebmt73l0\" readability=\"11\">\n<p dir=\"ltr\" class=\"bbc-hhl7in e17g058b0\">Un \u00abrey\u00bb de los Latin King, una de las bandas armadas m\u00e1s conocidas en Ecuador, explic\u00f3 a BBC Mundo que la polic\u00eda y los miembros de otras organizaciones armadas son los principales enemigos de las personas que integran el crimen organizado.<\/p>\n<\/div>\n<div dir=\"ltr\" class=\"bbc-19j92fr ebmt73l0\" readability=\"11\">\n<p dir=\"ltr\" class=\"bbc-hhl7in e17g058b0\">\u00abTodo el mundo sabe qui\u00e9n manda en d\u00f3nde. Nadie se atreve a meterse en el territorio de otro, pero si eso ocurre no se perdona\u00bb, afirm\u00f3 desde un barrio de Guayaquil bajo la condici\u00f3n de mantenerse an\u00f3nimo. <\/p>\n<\/div>\n<div dir=\"ltr\" class=\"bbc-19j92fr ebmt73l0\" readability=\"11\">\n<p dir=\"ltr\" class=\"bbc-hhl7in e17g058b0\">Aunque dijo que nunca ha asesinado a nadie, asegur\u00f3 que matar no causa remordimiento. \u00abSi el otro tiene familia, yo tambi\u00e9n. Es \u00e9l o yo, es un asunto de sobrevivencia\u00bb. <\/p>\n<\/div>\n<div dir=\"ltr\" class=\"bbc-1ka88fa ebmt73l0\">\n<figure class=\"bbc-1qdcvv9 e1aczekt0\">\n<div dir=\"ltr\" class=\"bbc-172p16q ebmt73l0\">\n<div dir=\"ltr\" class=\"bbc-189y18v ebmt73l0\" readability=\"6.5\">\n<div data-e2e=\"image-placeholder\" class=\"bbc-997y1y eihqrxw0\" readability=\"8\"><noscript><picture class=\"bbc-yfiktt e1mo64ex1\"><source srcset=\"http:\/\/nuevacordoba.net\/wp-content\/uploads\/2022\/09\/crisis-de-seguridad-en-ecuador-ahora-nos-matan-en-cualquier-parte-la-barbarie-del-crimen-organizado-que-mantiene-en-vilo-a-guayaquil-60.webp 240w, http:\/\/nuevacordoba.net\/wp-content\/uploads\/2022\/09\/crisis-de-seguridad-en-ecuador-ahora-nos-matan-en-cualquier-parte-la-barbarie-del-crimen-organizado-que-mantiene-en-vilo-a-guayaquil-61.webp 320w, http:\/\/nuevacordoba.net\/wp-content\/uploads\/2022\/09\/crisis-de-seguridad-en-ecuador-ahora-nos-matan-en-cualquier-parte-la-barbarie-del-crimen-organizado-que-mantiene-en-vilo-a-guayaquil-62.webp 480w, http:\/\/nuevacordoba.net\/wp-content\/uploads\/2022\/09\/crisis-de-seguridad-en-ecuador-ahora-nos-matan-en-cualquier-parte-la-barbarie-del-crimen-organizado-que-mantiene-en-vilo-a-guayaquil-63.webp 624w, http:\/\/nuevacordoba.net\/wp-content\/uploads\/2022\/09\/crisis-de-seguridad-en-ecuador-ahora-nos-matan-en-cualquier-parte-la-barbarie-del-crimen-organizado-que-mantiene-en-vilo-a-guayaquil-64.webp 800w\" type=\"image\/webp\" sizes=\"(min-width: 1008px) 645px, 100vw\"><source srcset=\"https:\/\/ichef.bbci.co.uk\/news\/240\/cpsprodpb\/106C6\/production\/_126807276_16.aerobus.jpg 240w, https:\/\/ichef.bbci.co.uk\/news\/320\/cpsprodpb\/106C6\/production\/_126807276_16.aerobus.jpg 320w, https:\/\/ichef.bbci.co.uk\/news\/480\/cpsprodpb\/106C6\/production\/_126807276_16.aerobus.jpg 480w, https:\/\/ichef.bbci.co.uk\/news\/624\/cpsprodpb\/106C6\/production\/_126807276_16.aerobus.jpg 624w, https:\/\/ichef.bbci.co.uk\/news\/800\/cpsprodpb\/106C6\/production\/_126807276_16.aerobus.jpg 800w\" type=\"image\/jpeg\" sizes=\"(min-width: 1008px) 645px, 100vw\"><img loading=\"lazy\" src=\"http:\/\/nuevacordoba.net\/wp-content\/uploads\/2022\/09\/crisis-de-seguridad-en-ecuador-ahora-nos-matan-en-cualquier-parte-la-barbarie-del-crimen-organizado-que-mantiene-en-vilo-a-guayaquil-13.jpg\" alt=\"Guayaquil\" width=\"976\" height=\"549\" class=\"e3vrtyk0 bbc-rb7xa0 e1mo64ex0\"><\/picture><\/noscript><\/p>\n<p role=\"text\" class=\"bbc-1s1cxbv ewbcsnk0\"><span class=\"bbc-1gnhmg2 ed7bp6y0\">Fuente de la imagen, <\/span><span lang=\"en-GB\">Donald D\u00edaz \/ BBC<\/span><\/p>\n<\/div>\n<\/div>\n<div dir=\"ltr\" class=\"bbc-3edg7g ebmt73l0\" readability=\"6\"><figcaption dir=\"ltr\" class=\"bbc-rhuvwm e6i104o0\" readability=\"2\"><span class=\"bbc-1gnhmg2 ed7bp6y0\">Pie de foto, <\/span><\/p>\n<p>Guayaquil se encuentra bajo estado de excepci\u00f3n hasta mediados de octubre.<\/p>\n<\/figcaption><\/div>\n<\/div>\n<\/figure>\n<\/div>\n<p><h2 id=\"Olvidar-jam\u00e1s-pero-s\u00ed-pasar-p\u00e1gina\" tabindex=\"-1\" class=\"bbc-1f03ibc eglt09e0\">Olvidar jam\u00e1s, pero s\u00ed pasar p\u00e1gina<\/h2>\n<\/p>\n<div dir=\"ltr\" class=\"bbc-19j92fr ebmt73l0\" readability=\"10\">\n<p dir=\"ltr\" class=\"bbc-hhl7in e17g058b0\">Despu\u00e9s de perder a su madre y su casa en la explosi\u00f3n, Jeremy se mud\u00f3 con su abuela paterna. Elvia Cacao Zambrano cuenta que su nieto se ha vuelto m\u00e1s retra\u00eddo desde la muerte de Roxana. \u00abAhora quiere que lo abrace todo el tiempo. Antes no hac\u00eda eso\u00bb. <\/p>\n<\/div>\n<div dir=\"ltr\" class=\"bbc-19j92fr ebmt73l0\" readability=\"11\">\n<p dir=\"ltr\" class=\"bbc-hhl7in e17g058b0\">\u00abS\u00e9 que mi nieto nunca podr\u00e1 olvidar lo que pas\u00f3, pero s\u00ed me gustar\u00eda que pudiera pasar p\u00e1gina y seguir adelante\u00bb, dijo Elvia en la sala de su casa, desde otra orilla del Estero Salado. <\/p>\n<\/div>\n<div dir=\"ltr\" class=\"bbc-19j92fr ebmt73l0\" readability=\"9\">\n<p dir=\"ltr\" class=\"bbc-hhl7in e17g058b0\">La psic\u00f3loga cl\u00ednica Paola Cercado se ofreci\u00f3 a brindarle asistencia a Jeremy, luego de que M\u00f3nica trabajara para ella durante seis a\u00f1os como empleada dom\u00e9stica. <\/p>\n<\/div>\n<div dir=\"ltr\" class=\"bbc-19j92fr ebmt73l0\" readability=\"7\">\n<p dir=\"ltr\" class=\"bbc-hhl7in e17g058b0\">Cercado vio crecer a Jeremy dentro de su casa como un miembro m\u00e1s de la familia. <\/p>\n<\/div>\n<div dir=\"ltr\" class=\"bbc-19j92fr ebmt73l0\" readability=\"9\">\n<p dir=\"ltr\" class=\"bbc-hhl7in e17g058b0\">La psic\u00f3loga se reuni\u00f3 con Jeremy hace pocos d\u00edas. Parec\u00eda tranquilo, aunque la abuela cont\u00f3 que cuando el ni\u00f1o se llena de coraje golpea las almohadas.<\/p>\n<\/div>\n<div dir=\"ltr\" class=\"bbc-19j92fr ebmt73l0\" readability=\"9\">\n<p dir=\"ltr\" class=\"bbc-hhl7in e17g058b0\">\u00abHay que hacer un trabajo psicol\u00f3gico porque a Jeremy le mataron a su mam\u00e1. Esa herida tiene que sanar para que en el futuro no busque venganza\u00bb, afirm\u00f3. <\/p>\n<\/div>\n<div dir=\"ltr\" class=\"bbc-1ka88fa ebmt73l0\">\n<figure class=\"bbc-1qdcvv9 e1aczekt0\">\n<div dir=\"ltr\" class=\"bbc-172p16q ebmt73l0\">\n<div dir=\"ltr\" class=\"bbc-189y18v ebmt73l0\" readability=\"6.5\">\n<div data-e2e=\"image-placeholder\" class=\"bbc-997y1y eihqrxw0\" readability=\"8\"><noscript><picture class=\"bbc-yfiktt e1mo64ex1\"><source srcset=\"http:\/\/nuevacordoba.net\/wp-content\/uploads\/2022\/09\/crisis-de-seguridad-en-ecuador-ahora-nos-matan-en-cualquier-parte-la-barbarie-del-crimen-organizado-que-mantiene-en-vilo-a-guayaquil-65.webp 240w, http:\/\/nuevacordoba.net\/wp-content\/uploads\/2022\/09\/crisis-de-seguridad-en-ecuador-ahora-nos-matan-en-cualquier-parte-la-barbarie-del-crimen-organizado-que-mantiene-en-vilo-a-guayaquil-66.webp 320w, http:\/\/nuevacordoba.net\/wp-content\/uploads\/2022\/09\/crisis-de-seguridad-en-ecuador-ahora-nos-matan-en-cualquier-parte-la-barbarie-del-crimen-organizado-que-mantiene-en-vilo-a-guayaquil-67.webp 480w, http:\/\/nuevacordoba.net\/wp-content\/uploads\/2022\/09\/crisis-de-seguridad-en-ecuador-ahora-nos-matan-en-cualquier-parte-la-barbarie-del-crimen-organizado-que-mantiene-en-vilo-a-guayaquil-68.webp 624w, http:\/\/nuevacordoba.net\/wp-content\/uploads\/2022\/09\/crisis-de-seguridad-en-ecuador-ahora-nos-matan-en-cualquier-parte-la-barbarie-del-crimen-organizado-que-mantiene-en-vilo-a-guayaquil-69.webp 800w\" type=\"image\/webp\" sizes=\"(min-width: 1008px) 645px, 100vw\"><source srcset=\"https:\/\/ichef.bbci.co.uk\/news\/240\/cpsprodpb\/204E\/production\/_126807280_16.jeremy.jpg 240w, https:\/\/ichef.bbci.co.uk\/news\/320\/cpsprodpb\/204E\/production\/_126807280_16.jeremy.jpg 320w, https:\/\/ichef.bbci.co.uk\/news\/480\/cpsprodpb\/204E\/production\/_126807280_16.jeremy.jpg 480w, https:\/\/ichef.bbci.co.uk\/news\/624\/cpsprodpb\/204E\/production\/_126807280_16.jeremy.jpg 624w, https:\/\/ichef.bbci.co.uk\/news\/800\/cpsprodpb\/204E\/production\/_126807280_16.jeremy.jpg 800w\" type=\"image\/jpeg\" sizes=\"(min-width: 1008px) 645px, 100vw\"><img loading=\"lazy\" src=\"http:\/\/nuevacordoba.net\/wp-content\/uploads\/2022\/09\/crisis-de-seguridad-en-ecuador-ahora-nos-matan-en-cualquier-parte-la-barbarie-del-crimen-organizado-que-mantiene-en-vilo-a-guayaquil-14.jpg\" alt=\"Cristo del Consuelo en Guayaquil\" width=\"976\" height=\"549\" class=\"e3vrtyk0 bbc-rb7xa0 e1mo64ex0\"><\/picture><\/noscript><\/p>\n<p role=\"text\" class=\"bbc-1s1cxbv ewbcsnk0\"><span class=\"bbc-1gnhmg2 ed7bp6y0\">Fuente de la imagen, <\/span><span lang=\"en-GB\">Donald D\u00edaz \/ BBC<\/span><\/p>\n<\/div>\n<\/div>\n<div dir=\"ltr\" class=\"bbc-3edg7g ebmt73l0\" readability=\"6\"><figcaption dir=\"ltr\" class=\"bbc-rhuvwm e6i104o0\" readability=\"2\"><span class=\"bbc-1gnhmg2 ed7bp6y0\">Pie de foto, <\/span><\/p>\n<p>Los familiares de Jeremy buscan formas de ayudarlo a superar el trauma de la explosi\u00f3n.<\/p>\n<\/figcaption><\/div>\n<\/div>\n<\/figure>\n<\/div>\n<div dir=\"ltr\" class=\"bbc-19j92fr ebmt73l0\" readability=\"11\">\n<p dir=\"ltr\" class=\"bbc-hhl7in e17g058b0\">Cuando le pregunt\u00e9 por su madre, a Jeremy le tembl\u00f3 la mand\u00edbula y se le humedecieron los ojos. Evit\u00f3 mirarme, se contuvo y no llor\u00f3. Su padre le ha dicho que es mejor no hablar de la explosi\u00f3n.<\/p>\n<\/div>\n<div dir=\"ltr\" class=\"bbc-19j92fr ebmt73l0\" readability=\"7\">\n<p dir=\"ltr\" class=\"bbc-hhl7in e17g058b0\">Jeremy quiere ser polic\u00eda cuando sea grande. <\/p>\n<\/div>\n<div dir=\"ltr\" class=\"bbc-19j92fr ebmt73l0\">\n<p dir=\"ltr\" class=\"bbc-hhl7in e17g058b0\">Le gusta el uniforme.<\/p>\n<\/div>\n<div dir=\"ltr\" class=\"bbc-19j92fr ebmt73l0\">\n<p dir=\"ltr\" class=\"bbc-hhl7in e17g058b0\">Y las armas. <\/p>\n<\/div>\n<div dir=\"ltr\" class=\"bbc-1ka88fa ebmt73l0\">\n<figure class=\"bbc-1qdcvv9 e1aczekt0\">\n<div dir=\"ltr\" class=\"bbc-172p16q ebmt73l0\">\n<div dir=\"ltr\" class=\"bbc-189y18v ebmt73l0\">\n<div data-e2e=\"image-placeholder\" class=\"bbc-997y1y eihqrxw0\"><noscript><picture class=\"bbc-yfiktt e1mo64ex1\"><source srcset=\"http:\/\/nuevacordoba.net\/wp-content\/uploads\/2022\/09\/crisis-de-seguridad-en-ecuador-ahora-nos-matan-en-cualquier-parte-la-barbarie-del-crimen-organizado-que-mantiene-en-vilo-a-guayaquil-70.webp 240w, http:\/\/nuevacordoba.net\/wp-content\/uploads\/2022\/09\/crisis-de-seguridad-en-ecuador-ahora-nos-matan-en-cualquier-parte-la-barbarie-del-crimen-organizado-que-mantiene-en-vilo-a-guayaquil-71.webp 320w, http:\/\/nuevacordoba.net\/wp-content\/uploads\/2022\/09\/crisis-de-seguridad-en-ecuador-ahora-nos-matan-en-cualquier-parte-la-barbarie-del-crimen-organizado-que-mantiene-en-vilo-a-guayaquil-72.webp 464w\" type=\"image\/webp\" sizes=\"(min-width: 1008px) 645px, 100vw\"><source srcset=\"https:\/\/ichef.bbci.co.uk\/news\/240\/cpsprodpb\/DBF3\/production\/_126770365_line976.jpg 240w, https:\/\/ichef.bbci.co.uk\/news\/320\/cpsprodpb\/DBF3\/production\/_126770365_line976.jpg 320w, https:\/\/ichef.bbci.co.uk\/news\/464\/cpsprodpb\/DBF3\/production\/_126770365_line976.jpg 464w\" type=\"image\/jpeg\" sizes=\"(min-width: 1008px) 645px, 100vw\"><img loading=\"lazy\" src=\"http:\/\/nuevacordoba.net\/wp-content\/uploads\/2022\/09\/crisis-de-seguridad-en-ecuador-ahora-nos-matan-en-cualquier-parte-la-barbarie-del-crimen-organizado-que-mantiene-en-vilo-a-guayaquil-15.jpg\" alt=\"L\u00ednea\" width=\"464\" height=\"2\" class=\"e3vrtyk0 bbc-rb7xa0 e1mo64ex0\"><\/picture><\/noscript><\/div>\n<\/div>\n<\/div>\n<\/figure>\n<\/div>\n<div dir=\"ltr\" class=\"bbc-19j92fr ebmt73l0\" readability=\"8\">\n<p dir=\"ltr\" class=\"bbc-hhl7in e17g058b0\"><i class=\"bbc-h1y5j7 eih42320\">Recuerda que <\/i><i class=\"bbc-h1y5j7 eih42320\">puedes recibir notificaciones de BBC Mundo. Descarg<\/i><i class=\"bbc-h1y5j7 eih42320\">a <\/i><i class=\"bbc-h1y5j7 eih42320\">nuestra app y act\u00edvalas para no perderte nuestro mejor contenido.<\/i><\/p>\n<\/div>\n","protected":false},"excerpt":{"rendered":"<p>Valentina Oropeza Colmenares &#8211; @orovalenti Enviada especial a Guayaquil, Ecuador 23 septiembre 2022 Fuente de la imagen, Donald D\u00edaz \/ BBC Pie de foto, M\u00f3nica Medina muestra una foto de su casa, su hija y su nieta a\u00f1os antes de la explosi\u00f3n. Jeremy dorm\u00eda en una habitaci\u00f3n que miraba hacia la Calle 8, donde la [&hellip;]<\/p>\n","protected":false},"author":1,"featured_media":24632,"comment_status":"closed","ping_status":"closed","sticky":false,"template":"","format":"standard","meta":[],"categories":[13],"tags":[],"_links":{"self":[{"href":"http:\/\/nuevacordoba.net\/index.php\/wp-json\/wp\/v2\/posts\/24631"}],"collection":[{"href":"http:\/\/nuevacordoba.net\/index.php\/wp-json\/wp\/v2\/posts"}],"about":[{"href":"http:\/\/nuevacordoba.net\/index.php\/wp-json\/wp\/v2\/types\/post"}],"author":[{"embeddable":true,"href":"http:\/\/nuevacordoba.net\/index.php\/wp-json\/wp\/v2\/users\/1"}],"replies":[{"embeddable":true,"href":"http:\/\/nuevacordoba.net\/index.php\/wp-json\/wp\/v2\/comments?post=24631"}],"version-history":[{"count":0,"href":"http:\/\/nuevacordoba.net\/index.php\/wp-json\/wp\/v2\/posts\/24631\/revisions"}],"wp:featuredmedia":[{"embeddable":true,"href":"http:\/\/nuevacordoba.net\/index.php\/wp-json\/wp\/v2\/media\/24632"}],"wp:attachment":[{"href":"http:\/\/nuevacordoba.net\/index.php\/wp-json\/wp\/v2\/media?parent=24631"}],"wp:term":[{"taxonomy":"category","embeddable":true,"href":"http:\/\/nuevacordoba.net\/index.php\/wp-json\/wp\/v2\/categories?post=24631"},{"taxonomy":"post_tag","embeddable":true,"href":"http:\/\/nuevacordoba.net\/index.php\/wp-json\/wp\/v2\/tags?post=24631"}],"curies":[{"name":"wp","href":"https:\/\/api.w.org\/{rel}","templated":true}]}}