{"id":24633,"date":"2022-09-24T02:14:51","date_gmt":"2022-09-24T02:14:51","guid":{"rendered":"http:\/\/nuevacordoba.net\/index.php\/2022\/09\/24\/puestas-de-video-arte-instalacion-en-el-festival-audiovisual-bariloche\/"},"modified":"2022-09-24T02:14:51","modified_gmt":"2022-09-24T02:14:51","slug":"puestas-de-video-arte-instalacion-en-el-festival-audiovisual-bariloche","status":"publish","type":"post","link":"http:\/\/nuevacordoba.net\/index.php\/2022\/09\/24\/puestas-de-video-arte-instalacion-en-el-festival-audiovisual-bariloche\/","title":{"rendered":"Puestas de video arte instalaci\u00f3n en el Festival Audiovisual Bariloche"},"content":{"rendered":"<figure class=\"mb-3\"><img loading=\"lazy\" src=\"http:\/\/nuevacordoba.net\/wp-content\/uploads\/2022\/09\/puestas-de-video-arte-instalacion-en-el-festival-audiovisual-bariloche.jpg\" width=\"100%\" height=\"100%\" alt=\" Foto Alejandra Bartoliche\"><figcaption> \/ Foto Alejandra Bartoliche <\/figcaption><\/figure>\n<p>El Festival Audiovisual Bariloche (FAB), adem\u00e1s de una nutrida programaci\u00f3n cinematogr\u00e1fica de cortos y largometrajes, dispone tambi\u00e9n de alternativas de puestas de <strong>video arte con instalaciones que se pueden visitar en las salas Frey y Chonek del Museo de la Patagonia<\/strong> ubicadas en el Centro C\u00edvico de la ciudad.<\/p>\n<p>El director del FAB, Diego Carriqueo, quien destac\u00f3 la \u00abrecuperaci\u00f3n de la secci\u00f3n\u00bb tras varios a\u00f1os de ausencia por la pandemia, estuvo acompa\u00f1ado por los jurados de las exhibiciones y artistas involucrados e introdujo las obras en una recorrida por ambas salas dispuestas para las instalaciones de video arte.<\/p>\n<p>\u00abLo que caracteriza a este formato es que son obras audiovisuales que habitan el espacio y generan, en el caso de ser interactivas, una interrelaci\u00f3n con el espectador, que los convierte en usuarios de la obra\u00bb, coment\u00f3 <strong>Mercedes Fabiano, parte del jurado y ganadora en esta secci\u00f3n en 2015 y 2019.<\/strong><\/p>\n<p>La artista agreg\u00f3 que en esta edici\u00f3n \u00abexisten obras conceptuales, sensoriales, de contemplaci\u00f3n, y no hay l\u00edmite para lo que el artista quiere contar\u00bb, aunque \u00abs\u00ed debe haber un concepto claro y el uso de lo tecnol\u00f3gico debe tener una justificaci\u00f3n dentro de la narrativa\u00bb.<\/p>\n<p>\u00abSon obras con un sentido circular, es decir, en cuanto al tratamiento temporal est\u00e1n dise\u00f1adas para que los visitantes las recorran cuando lo deseen, ya que por lo general se presentan en loop y no responden a las narrativas cl\u00e1sicas de inicio, desarrollo y final\u00bb, explic\u00f3 Fabiano.<\/p>\n<blockquote class><p>Las video arte con instalaciones\u00bbgeneran una interrelaci\u00f3n con el espectador, que los convierte en usuarios de la obra\u00bb<cite class=\"author\">Mercedes Fabiano<\/cite><\/p><\/blockquote>\n<p>En el caso de <strong>\u00abRecuerdo que as\u00ed sonaba\u00bb<\/strong>, de los barilochenses Luciano Lamtzev, a cargo del dise\u00f1o sonoro, y Clara Aguill\u00f3n, que hizo el montaje de video, la obra consiste en im\u00e1genes y video de la ciudad donde la idea de \u00abc\u00f3mo suena un recuerdo\u00bb invita a los espectadores a manipular una consola para \u00aboficiar de compositor de lo que se ve\u00bb e intervenir en lo que evoca cada imagen, seg\u00fan describieron sus creadores.<\/p>\n<p>\u00abEn principio, es un registro cotidiano, un collage que hicimos para un evento de m\u00fasica ambient, proyecto que edito exclusivamente en cassette. Comenz\u00f3 en la pandemia, para contener sonidos que no tienen mucha llegada en plataformas\u00bb, coment\u00f3 Lamtzev.<\/p>\n<p>Otra de las muestras, <strong>\u00abExterior\/interior\u00bb<\/strong>, del <strong>artista visual de El Bols\u00f3n Mateo L\u00f3pez<\/strong>, dispone un mapa proyectado de la Patagonia argentina con banderas de pa\u00edses que indican la cantidad de territorio nacional en propiedad de extranjeros.<\/p>\n<p>El t\u00edtulo de la obra \u00abhabla de la mirada que se tiene desde Buenos Aires, que ve al resto del pa\u00eds como interior. Y, tomando eso como disparador, a partir de una investigaci\u00f3n realizada por ATE, la idea es visibilizar las tierras nacionales en manos de multinacionales\u00bb, con informaci\u00f3n de los terratenientes en otro mapa que conforma un ranking de propietarios.<\/p>\n<p>\u00abEs un tema que nos cuesta: recibir esta informaci\u00f3n sobre nuestro cuerpo, porque se convierte en territorio colonizado. Me sorprendi\u00f3 que hayan elegido este trabajo porque implica un posicionamiento pol\u00edtico, sobre todo en un momento en que se est\u00e1 luchando para que abran el Lago Escondido\u00bb, sostuvo L\u00f3pez.<\/p>\n<p>El videoartista a\u00f1adi\u00f3: \u00abLa instalaci\u00f3n, al estar enfrente del monumento a Roca ya de por s\u00ed es un triunfo para el trabajo, que excedi\u00f3 lo que ten\u00eda en mente. No es algo que me genere placer este trabajo, sino indignaci\u00f3n\u00bb.<\/p>\n<figure class=\"mb-3\"><img loading=\"lazy\" src=\"http:\/\/nuevacordoba.net\/wp-content\/uploads\/2022\/09\/puestas-de-video-arte-instalacion-en-el-festival-audiovisual-bariloche-1.jpg\" width=\"100%\" height=\"100%\" alt=\"Walter Mateo Lpez de ExteriorInterior Foto Alejandra Bartoliche\"><figcaption> Walter Mateo L\u00f3pez de \u00abExterior\/Interior\u00bb \/ Foto Alejandra Bartoliche <\/figcaption><\/figure>\n<p>En tanto, el realizador audiovisual y VJ de Rada Tilly, Chubut, <strong>Gast\u00f3n Ramos present\u00f3 \u00abRaigambre Patagonia\u00bb<\/strong>, muestra en la que a trav\u00e9s de un controlador se pueden ir repasando im\u00e1genes que el artista fue registrando con sonidos que las acompa\u00f1an.<\/p>\n<p>\u00abSe trata de las ra\u00edces que se entrecruzan y dan sentido de pertenencia a un lugar. Pensando en la Patagonia y cu\u00e1l es nuestro v\u00ednculo, empec\u00e9 a verme a m\u00ed mismo y es parte de lo que a uno le sucede con el paisaje, y uno se puede encontrar a trav\u00e9s del paisaje\u00bb, enfatiz\u00f3.<\/p>\n<p>Ramos cont\u00f3 sobre su proceso creativo que us\u00f3 im\u00e1genes de un viaje, en el que eleg\u00eda lugares para filmar con un dron para luego experimentar con el recurso de espejos.<\/p>\n<figure class=\"mb-3\"><img loading=\"lazy\" src=\"http:\/\/nuevacordoba.net\/wp-content\/uploads\/2022\/09\/puestas-de-video-arte-instalacion-en-el-festival-audiovisual-bariloche-2.jpg\" width=\"100%\" height=\"100%\" alt=\"Gastn Ramos de Raigambre Patagonia Foto Alejandra Bartoliche\"><figcaption> Gast\u00f3n Ramos de \u00abRaigambre Patagonia\u00bb \/ Foto Alejandra Bartoliche <\/figcaption><\/figure>\n<p><strong>\u00abLa voz del planeta\u00bb, de la videoartista de El Bols\u00f3n Mar\u00eda Elena Apa<\/strong>, maneja una tem\u00e1tica relativa a los volcanes, los sismos, la ciencia, la tecnolog\u00eda y el arte.<\/p>\n<p>La instalaci\u00f3n contiene un tel\u00e9fono antiguo en el que se reproducen entrevistas a 15 testigos de un tsunami ocurrido en el lago Nahuel Huapi en 1960, que constituy\u00f3 el primer caso de ese tipo en lagos continentales de Argentina, y elementos de esa \u00e9poca, como un tocadiscos sobre el cual, articulado con tecnolog\u00eda en tiempo real, se pueden colocar rocas y moverlas para reproducir sonidos de registros volc\u00e1nicos.<\/p>\n<figure class=\"mb-3\"><img loading=\"lazy\" src=\"http:\/\/nuevacordoba.net\/wp-content\/uploads\/2022\/09\/puestas-de-video-arte-instalacion-en-el-festival-audiovisual-bariloche-3.jpg\" width=\"100%\" height=\"100%\" alt=\"Mara Elena Apa de La voz del planeta Foto Alejandra Bartoliche\"><figcaption> Mar\u00eda Elena Apa de \u00abLa voz del planeta\u00bb \/ Foto Alejandra Bartoliche <\/figcaption><\/figure>\n<p>Por \u00faltimo, con<strong> \u00abPaisajes archivados\u00bb, el realizador audiovisual de Bariloche Agust\u00edn Esparza<\/strong> present\u00f3 su tesis de graduaci\u00f3n de la carrera Artes multimediales: un trabajo de exploraci\u00f3n urbana, geograf\u00eda y \u00absituacionismo\u00bb.<\/p>\n<p>\u00abSe manejaba el tema de la deriva &#8216;situacionista&#8217; y caminar por lugares de la periferia urbana. Mi trabajo es el resultado de lugares que fui recorriendo y registrando\u00bb, indic\u00f3.<\/p>\n<p>La muestra abarca un mapa y una lupa de apoyar antiguos, que con un marco infrarrojo que detecta el puntero y la posici\u00f3n, transfiere la imagen a un proyector para que la gente pueda experimentar con la geograf\u00eda local y amplificar la data de cada locaci\u00f3n registrada.<\/p>\n<figure class=\"mb-3\"><img loading=\"lazy\" src=\"http:\/\/nuevacordoba.net\/wp-content\/uploads\/2022\/09\/puestas-de-video-arte-instalacion-en-el-festival-audiovisual-bariloche-4.jpg\" width=\"100%\" height=\"100%\" alt=\"Agustin Esparza de Paisajes Archivados Foto Alejandra Bartoliche\"><figcaption> Agustin Esparza de \u00abPaisajes Archivados\u00bb \/ Foto Alejandra Bartoliche <\/figcaption><\/figure>\n<p>\u00abLa idea del mapa es poder recorrerlo anal\u00f3gicamente. Varias son im\u00e1genes anal\u00f3gicas y otras con dron. Lo monumental del lugar siempre me pareci\u00f3 muy atractivo\u00bb, coment\u00f3 el artista.<\/p>\n<p>Esa muestra tiene una segunda sala para la Isla Huemul, \u00abque es un mundo aparte y por eso tiene una secci\u00f3n especial\u00bb, con una pantalla interactiva con modos de reproducci\u00f3n que permiten ver la historia del lugar e informaci\u00f3n de cada edificio y datos geogr\u00e1ficos generales, adem\u00e1s de una maqueta para una visualizaci\u00f3n complementaria. <\/p>\n","protected":false},"excerpt":{"rendered":"<p>\/ Foto Alejandra Bartoliche El Festival Audiovisual Bariloche (FAB), adem\u00e1s de una nutrida programaci\u00f3n cinematogr\u00e1fica de cortos y largometrajes, dispone tambi\u00e9n de alternativas de puestas de video arte con instalaciones que se pueden visitar en las salas Frey y Chonek del Museo de la Patagonia ubicadas en el Centro C\u00edvico de la ciudad. El director [&hellip;]<\/p>\n","protected":false},"author":1,"featured_media":24634,"comment_status":"closed","ping_status":"closed","sticky":false,"template":"","format":"standard","meta":[],"categories":[9],"tags":[],"_links":{"self":[{"href":"http:\/\/nuevacordoba.net\/index.php\/wp-json\/wp\/v2\/posts\/24633"}],"collection":[{"href":"http:\/\/nuevacordoba.net\/index.php\/wp-json\/wp\/v2\/posts"}],"about":[{"href":"http:\/\/nuevacordoba.net\/index.php\/wp-json\/wp\/v2\/types\/post"}],"author":[{"embeddable":true,"href":"http:\/\/nuevacordoba.net\/index.php\/wp-json\/wp\/v2\/users\/1"}],"replies":[{"embeddable":true,"href":"http:\/\/nuevacordoba.net\/index.php\/wp-json\/wp\/v2\/comments?post=24633"}],"version-history":[{"count":0,"href":"http:\/\/nuevacordoba.net\/index.php\/wp-json\/wp\/v2\/posts\/24633\/revisions"}],"wp:featuredmedia":[{"embeddable":true,"href":"http:\/\/nuevacordoba.net\/index.php\/wp-json\/wp\/v2\/media\/24634"}],"wp:attachment":[{"href":"http:\/\/nuevacordoba.net\/index.php\/wp-json\/wp\/v2\/media?parent=24633"}],"wp:term":[{"taxonomy":"category","embeddable":true,"href":"http:\/\/nuevacordoba.net\/index.php\/wp-json\/wp\/v2\/categories?post=24633"},{"taxonomy":"post_tag","embeddable":true,"href":"http:\/\/nuevacordoba.net\/index.php\/wp-json\/wp\/v2\/tags?post=24633"}],"curies":[{"name":"wp","href":"https:\/\/api.w.org\/{rel}","templated":true}]}}