{"id":24641,"date":"2022-09-24T12:33:27","date_gmt":"2022-09-24T12:33:27","guid":{"rendered":"https:\/\/prensa.cba.gov.ar\/?p=518705"},"modified":"2022-09-24T12:33:27","modified_gmt":"2022-09-24T12:33:27","slug":"los-juegos-region-centro-2022-ya-estan-en-marcha","status":"publish","type":"post","link":"http:\/\/nuevacordoba.net\/index.php\/2022\/09\/24\/los-juegos-region-centro-2022-ya-estan-en-marcha\/","title":{"rendered":"Los Juegos Regi\u00f3n Centro 2022 ya est\u00e1n en marcha"},"content":{"rendered":"<div><img src=\"http:\/\/nuevacordoba.net\/wp-content\/uploads\/2022\/09\/los-juegos-region-centro-2022-ya-estan-en-marcha.jpg\" class=\"ff-og-image-inserted\"><\/div>\n<ul>\n<li><strong>El estadio Mario Alberto Kempes fue el escenario del acto inaugural de los XI Juegos Deportivos Federados de la Regi\u00f3n Centro.<\/strong><\/li>\n<li><strong>C\u00f3rdoba, Santa Fe y Entre R\u00edos son las provincias que participan.<\/strong><\/li>\n<li><strong>La acci\u00f3n en los deportes ya comenz\u00f3 y nataci\u00f3n entreg\u00f3 los primeros campeones.<\/strong><\/li>\n<\/ul>\n<p>El viernes comenzaron a llegar las delegaciones y a congregarse los deportistas junto a sus entrenadores y acompa\u00f1antes para vivir la fiesta del deporte, luego de dos a\u00f1os sin competencia debido a la pandemia covid-19.<\/p>\n<p>En la tarde se disputaron los primeros encuentros en varias disciplinas, y en nataci\u00f3n se conocieron los primeros medallistas. C\u00f3rdoba domin\u00f3 la escena con 8 oros, 6 preseas de plata y 6 de bronce. Santa Fe obtuvo 3 oros, 3 de plata y 3 bronces. Entre R\u00edos, por su parte se alz\u00f3 con 2 oros, 4 medallas de plata y 3 de bronce.<\/p>\n<p>Ya entrada la tarde, tuvo lugar la ceremonia de apertura de los Juegos que cont\u00f3 con los m\u00e1s de 700 deportistas de las tres provincias participantes. Un momento emotivo se vivi\u00f3 cuando se entonaron las estrofas del Himno Nacional Argentino, con Malena Santill\u00e1n portando la insignia patria. &nbsp;<\/p>\n<p>H\u00e9ctor Campana, presidente de la Agencia C\u00f3rdoba Deportes, dio la bienvenida a todos los participantes y manifest\u00f3:<\/p>\n<p><em>\u201cEl gobernador de la Provincia de C\u00f3rdoba, Juan Schiaretti decidi\u00f3 darle continuidad a los eventos de la Regi\u00f3n Centro y seguir con la agenda que la pandemia alter\u00f3. Hoy despu\u00e9s de dos largos a\u00f1os, podemos continuar con la unidad de la regi\u00f3n y trabajar en conjunto para fortalecer las virtudes y las posibilidades que hay en las tres provincias. Estamos felices de poder organizar estos juegos porque el deporte es parte de la educaci\u00f3n de los pueblos. Ustedes hoy son deportistas federados que sue\u00f1an seguramente con vestir los colores de la selecci\u00f3n, pero tambi\u00e9n este tipo de eventos son para forjar amistades\u201d.<\/em><\/p>\n<p>Posteriormente, Jos\u00e9 G\u00f3mez, secretario de deportes de la provincia de Entre R\u00edos afirm\u00f3: <em>\u201cEstamos muy felices de volver a vivir esta experiencia tan importante para la integraci\u00f3n. El deporte es una motivaci\u00f3n y una realizaci\u00f3n concreta de nuestros pueblos y es muy bueno poder integrarnos desde el deporte, m\u00e1s all\u00e1 de quienes resulten ganadores\u201d.<\/em> &nbsp;&nbsp;<\/p>\n<p>Luego fue el turno de Florencia Andrea Molinero, secretaria de deportes de la provincia de Santa Fe quien destac\u00f3: \u201cEstamos orgullosos de poder estar presentes en C\u00f3rdoba porque habla del impulso y la apuesta que nuestra provincia hace en relaci\u00f3n al deporte\u201d.<\/p>\n<p>Del acto participaron tambi\u00e9n Jorge Montoya, secretario de Integraci\u00f3n Regional de la provincia de C\u00f3rdoba; Claudio Ava Aispuru, presidente del Ente Regi\u00f3n Centro e Integraci\u00f3n Regional de la provincia de Entre R\u00edos; Candelaria Gonz\u00e1lez del Pino, secretaria de Gesti\u00f3n Federal de la provincia de Santa Fe.<\/p>\n<p>Tambi\u00e9n estuvieron presentes, Gonzalo Sosa, vicepresidente de la Agencia C\u00f3rdoba Deportes; Marit\u00e9 Puga, subsecretaria de Discapacidad, Rehabilitaci\u00f3n e Inclusi\u00f3n de la provincia de C\u00f3rdoba; Hern\u00e1n Quinteros, vicepresidente de la Confederaci\u00f3n de Deportes de la provincia de C\u00f3rdoba, entre otros.<\/p>\n<h3><strong>Los Juegos<\/strong><\/h3>\n<p>Del 23 al 25 de septiembre C\u00f3rdoba es la sede de los XI Juegos de la regi\u00f3n Centro y, como es habitual, la provincia anfitriona presenta dos equipos en competencia.<\/p>\n<p>El torneo de deporte federado re\u00fane m\u00e1s de 700 deportistas de las categor\u00edas 2007, 2008 y 2009, que buscan subir a lo m\u00e1s alto del podio en diez disciplinas convencionales, dos adaptadas, y con el skate como deporte invitado.<\/p>\n<p>Cada delegaci\u00f3n cuenta con 171 integrantes para competir en atletismo convencional y adaptado, b\u00e1squet femenino, f\u00fatbol femenino, gimnasia art\u00edstica, handball femenino, hockey masculino, nataci\u00f3n convencional y adaptada, rugby femenino, triatl\u00f3n y v\u00f3ley masculino.<\/p>\n<p>La jornada competitiva continuar\u00e1 este s\u00e1bado durante la ma\u00f1ana. Mientras que a partir de las 15 horas habr\u00e1 una jornada recreativa en el Parque del Kempes. El cierre de los Juegos ser\u00e1 el d\u00eda domingo, luego de las finales y la premiaci\u00f3n.<\/p>\n<p>Los Juegos Regi\u00f3n Centro buscan promover el alto nivel deportivo desde las categor\u00edas inferiores y generar v\u00ednculos de amistad entre los j\u00f3venes. Para conocer el fixture y todos los resultados, ingres\u00e1 aqu\u00ed.<\/p>\n","protected":false},"excerpt":{"rendered":"<p>El estadio Mario Alberto Kempes fue el escenario del acto inaugural de los XI Juegos Deportivos Federados de la Regi\u00f3n Centro. C\u00f3rdoba, Santa Fe y Entre R\u00edos son las provincias que participan. La acci\u00f3n en los deportes ya comenz\u00f3 y nataci\u00f3n entreg\u00f3 los primeros campeones. El viernes comenzaron a llegar las delegaciones y a congregarse [&hellip;]<\/p>\n","protected":false},"author":1,"featured_media":24642,"comment_status":"closed","ping_status":"closed","sticky":false,"template":"","format":"standard","meta":[],"categories":[14],"tags":[],"_links":{"self":[{"href":"http:\/\/nuevacordoba.net\/index.php\/wp-json\/wp\/v2\/posts\/24641"}],"collection":[{"href":"http:\/\/nuevacordoba.net\/index.php\/wp-json\/wp\/v2\/posts"}],"about":[{"href":"http:\/\/nuevacordoba.net\/index.php\/wp-json\/wp\/v2\/types\/post"}],"author":[{"embeddable":true,"href":"http:\/\/nuevacordoba.net\/index.php\/wp-json\/wp\/v2\/users\/1"}],"replies":[{"embeddable":true,"href":"http:\/\/nuevacordoba.net\/index.php\/wp-json\/wp\/v2\/comments?post=24641"}],"version-history":[{"count":0,"href":"http:\/\/nuevacordoba.net\/index.php\/wp-json\/wp\/v2\/posts\/24641\/revisions"}],"wp:featuredmedia":[{"embeddable":true,"href":"http:\/\/nuevacordoba.net\/index.php\/wp-json\/wp\/v2\/media\/24642"}],"wp:attachment":[{"href":"http:\/\/nuevacordoba.net\/index.php\/wp-json\/wp\/v2\/media?parent=24641"}],"wp:term":[{"taxonomy":"category","embeddable":true,"href":"http:\/\/nuevacordoba.net\/index.php\/wp-json\/wp\/v2\/categories?post=24641"},{"taxonomy":"post_tag","embeddable":true,"href":"http:\/\/nuevacordoba.net\/index.php\/wp-json\/wp\/v2\/tags?post=24641"}],"curies":[{"name":"wp","href":"https:\/\/api.w.org\/{rel}","templated":true}]}}