{"id":24685,"date":"2022-09-23T17:47:47","date_gmt":"2022-09-23T17:47:47","guid":{"rendered":"https:\/\/www.cordoba.gob.ar\/?p=33775"},"modified":"2022-09-23T17:47:47","modified_gmt":"2022-09-23T17:47:47","slug":"desde-manana-el-boleto-del-transporte-urbano-de-pasajeros-costara-85-pesos","status":"publish","type":"post","link":"http:\/\/nuevacordoba.net\/index.php\/2022\/09\/23\/desde-manana-el-boleto-del-transporte-urbano-de-pasajeros-costara-85-pesos\/","title":{"rendered":"Desde ma\u00f1ana, el boleto del Transporte Urbano de Pasajeros costar\u00e1 85 pesos"},"content":{"rendered":"<div><img src=\"http:\/\/nuevacordoba.net\/wp-content\/uploads\/2022\/09\/desde-manana-el-boleto-del-transporte-urbano-de-pasajeros-costara-85-pesos.jpg\" class=\"ff-og-image-inserted\"><\/div>\n<ul>\n<li><strong>&nbsp;La medida fue adoptada de manera conjunta por los municipios de C\u00f3rdoba, Rosario y Santa Fe.<\/strong><\/li>\n<li><strong>&nbsp;Estas ciudades mantienen el reclamo para que el gobierno nacional equipare los subsidios que env\u00eda al interior con respecto a los que distribuye en el AMBA.<\/strong><\/li>\n<\/ul>\n<hr>\n<p>La Secretar\u00eda de Transporte informa que, desde ma\u00f1ana s\u00e1bado, el boleto del Transporte Urbano de Pasajeros tendr\u00e1 un costo de $85.<\/p>\n<p>La medida fue adoptada de manera conjunta por los municipios de C\u00f3rdoba, Rosario y Santa Fe, ante la negativa por parte del gobierno nacional de atender los reclamos de ciudades del interior, que exigen la equiparaci\u00f3n de los subsidios con respecto a los que se distribuyen en el \u00e1rea metropolitana de Buenos Aires (AMBA).<\/p>\n<p>\u201c<em>La medida representa un incremento del 22 por ciento, muy inferior a la inflaci\u00f3n y a la variaci\u00f3n de los insumos<\/em>\u201d, explic\u00f3 el secretario de Transporte, Marcelo Rodio.<\/p>\n<p>En este sentido, record\u00f3 que el aumento del boleto en lo que va del a\u00f1o es del 43 por ciento, mientras la inflaci\u00f3n acumulada entre enero y agosto es superior al 66 por ciento.<\/p>\n<p>Sin embargo, en el mismo per\u00edodo, los subsidios que env\u00eda la Naci\u00f3n crecieron solo un 20 por ciento.<\/p>\n<p>Como contrapartida, algunos insumos registraron incrementos por encima de la inflaci\u00f3n. \u201c<em>El combustible tuvo una variaci\u00f3n del 133 por ciento desde enero hasta ahora, y la n\u00f3mina salarial ya se ajust\u00f3 en un 50 por ciento, con una solicitud de otro 35 por ciento<\/em>\u201d, explic\u00f3 Rodio.<\/p>\n<p>El funcionario record\u00f3, adem\u00e1s, que \u201c<em>este aumento de boleto no afecta a los sectores m\u00e1s vulnerables, ya que el 30 por ciento de todos los usuarios del transporte urbano de pasajeros de la ciudad de C\u00f3rdoba viaja gratis por pertenecer a los grupos beneficiados con programas especiales, entre los que se cuentan jubilados y mayores de edad y personas con discapacidad, entre otras<\/em>\u201d.<\/p>\n<p><strong>Este s\u00e1bado tambi\u00e9n entra en vigencia la actualizaci\u00f3n de la tarifa de Taxis y Remises<\/strong><\/p>\n<p>El incremento ser\u00e1 del 26 por ciento para la bajada de bandera y del 33 por ciento para la ficha.<\/p>\n<p>En taxis la bajada de bandera ser\u00e1 de $229, mientras que la ficha cada 110 metros ser\u00e1 de $12 pesos en la tarifa diurna. En tarifa nocturna, la bajada de bandera ser\u00e1 $264 y de $14 la ficha.<\/p>\n<p>La tarifa desde el Aeropuerto tendr\u00e1 un costo de $916 la bajada de bandera diurna y de $1056 la bajada de bandera nocturna.<\/p>\n<p>En los remises, la bajada de bandera diurna ser\u00e1 de $231 y la ficha diurna de $12 pesos cada 100 metros, mientras que las tarifas nocturnas ser\u00e1n de $266 la bajada de bandera y de $14 la ficha cada 100 metros.<\/p>\n","protected":false},"excerpt":{"rendered":"<p>&nbsp;La medida fue adoptada de manera conjunta por los municipios de C\u00f3rdoba, Rosario y Santa Fe. &nbsp;Estas ciudades mantienen el reclamo para que el gobierno nacional equipare los subsidios que env\u00eda al interior con respecto a los que distribuye en el AMBA. La Secretar\u00eda de Transporte informa que, desde ma\u00f1ana s\u00e1bado, el boleto del Transporte [&hellip;]<\/p>\n","protected":false},"author":1,"featured_media":24686,"comment_status":"closed","ping_status":"closed","sticky":false,"template":"","format":"standard","meta":[],"categories":[14],"tags":[],"_links":{"self":[{"href":"http:\/\/nuevacordoba.net\/index.php\/wp-json\/wp\/v2\/posts\/24685"}],"collection":[{"href":"http:\/\/nuevacordoba.net\/index.php\/wp-json\/wp\/v2\/posts"}],"about":[{"href":"http:\/\/nuevacordoba.net\/index.php\/wp-json\/wp\/v2\/types\/post"}],"author":[{"embeddable":true,"href":"http:\/\/nuevacordoba.net\/index.php\/wp-json\/wp\/v2\/users\/1"}],"replies":[{"embeddable":true,"href":"http:\/\/nuevacordoba.net\/index.php\/wp-json\/wp\/v2\/comments?post=24685"}],"version-history":[{"count":0,"href":"http:\/\/nuevacordoba.net\/index.php\/wp-json\/wp\/v2\/posts\/24685\/revisions"}],"wp:featuredmedia":[{"embeddable":true,"href":"http:\/\/nuevacordoba.net\/index.php\/wp-json\/wp\/v2\/media\/24686"}],"wp:attachment":[{"href":"http:\/\/nuevacordoba.net\/index.php\/wp-json\/wp\/v2\/media?parent=24685"}],"wp:term":[{"taxonomy":"category","embeddable":true,"href":"http:\/\/nuevacordoba.net\/index.php\/wp-json\/wp\/v2\/categories?post=24685"},{"taxonomy":"post_tag","embeddable":true,"href":"http:\/\/nuevacordoba.net\/index.php\/wp-json\/wp\/v2\/tags?post=24685"}],"curies":[{"name":"wp","href":"https:\/\/api.w.org\/{rel}","templated":true}]}}