{"id":2474,"date":"2021-03-26T13:18:20","date_gmt":"2021-03-26T13:18:20","guid":{"rendered":"http:\/\/estaciontrip.com.ar\/?p=5374"},"modified":"2021-03-26T13:18:20","modified_gmt":"2021-03-26T13:18:20","slug":"cinco-recomendados-para-disfrutar-semana-santa-en-cordoba","status":"publish","type":"post","link":"http:\/\/nuevacordoba.net\/index.php\/2021\/03\/26\/cinco-recomendados-para-disfrutar-semana-santa-en-cordoba\/","title":{"rendered":"Cinco recomendados para disfrutar Semana Santa en C\u00f3rdoba"},"content":{"rendered":"<div><img src=\"http:\/\/nuevacordoba.net\/wp-content\/uploads\/2021\/03\/cinco-recomendados-para-disfrutar-semana-santa-en-cordoba.jpg\" class=\"ff-og-image-inserted\"><\/div>\n<p>El feriado de Semana Santa es propicio para tomarse unas mini vacaciones de cuatro d\u00edas o aprovechar escapadas. Entre las m\u00faltiples opciones que ofrece la provincia de C\u00f3rdoba, recomendamos cinco propuestas variadas, que abarcan desde turismo religioso, pasando por naturaleza y entretenimiento, hasta sabores t\u00edpicos.<\/p>\n<p>La <span class=\"has-inline-color has-luminous-vivid-amber-color\"><strong>Fiesta Nacional de la Masa Vienesa<\/strong> <\/span>de <strong>Villa General Belgrano<\/strong>, que ser\u00e1 del 1\u00b0 al 4 de abril. Vuelve en forma presencial despu\u00e9s de haber sido abarcada por la cuarentena del a\u00f1o pasado. \u00c9sta es la numero 51\u00b0 as\u00ed que es toda una tradici\u00f3n de la localidad del Valle de Calamuchita. Ser\u00e1 al aire libre en la explanada del Sal\u00f3n de Eventos, con una gran propuesta art\u00edstica, y con todo el sabor de la reposter\u00eda centroeuropea: esas deliciosas tortas con las recetas de las abuelas alemanas, suizas y austriacas; y la chocolater\u00eda artesanal. Por supuesto habr\u00e1 conejo de Pascuas y entretenimiento para toda la familia.<\/p>\n<figure class=\"wp-block-embed-twitter wp-block-embed is-type-rich is-provider-twitter\"><\/figure>\n<p><strong>Mina Clavero<\/strong><\/p>\n<p>Ubicada en el <strong>Valle de Traslasierra<\/strong>, tambi\u00e9n se prepara con actividades especiales desde el jueves al domingo, en torno al r\u00edo que es Maravilla Natural de la Argentina.<\/p>\n<p>Es as\u00ed que durante esas fechas se llevar\u00e1n a cabo actividades culturales y de contacto con la naturaleza para toda la familia.<\/p>\n<p><em><strong>Grilla:<\/strong> <\/em><br \/><em>Jueves 1 | 19 hs | Capilla de Villa Luj\u00e1n:<\/em><br \/><strong><span class=\"has-inline-color has-luminous-vivid-amber-color\">CL\u00c1SICA TRASLASIERRA + DEGUSTAR DE VIGILIA<\/span><\/strong><br \/>Se realizar\u00e1 un concierto de m\u00fasica sacra en el atrio de esta pintoresca capilla del a\u00f1o 1958; acompa\u00f1ado de la feria gastron\u00f3mica Degustar, que ofrecer\u00e1 un variado circuito de tapeo con elaboraciones especiales de vigilia.<\/p>\n<p><em>Viernes 2 | 9 hs | Explanada del Casino:<\/em><br \/><strong><span class=\"has-inline-color has-luminous-vivid-amber-color\">SENDERISMO NIDO DEL \u00c1GUILA<\/span><\/strong><br \/>Recorrido por dos de los balnearios m\u00e1s importantes: La Residencia y Nido del \u00c1guila.<\/p>\n<p>Quienes deseen realizarla, deber\u00e1n inscribirse en la oficina de informes Tur\u00edsticos de Plazoleta Merlo o llamar al (03544) 470171.<\/p>\n<p><em>Viernes 2 | 17 hs | Anfiteatro Municipal:<\/em><br \/><strong><span class=\"has-inline-color has-luminous-vivid-amber-color\">FESTIVAL NACIONAL DEL R\u00cdO<\/span><\/strong><br \/>Esta ser\u00e1 la primera noche de este evento que pone en valor al R\u00edo Mina Clavero, Maravilla Natural de la Argentina y contar\u00e1 con la participaci\u00f3n de una grilla de artistas.<\/p>\n<p>Las entradas podr\u00e1n adquirirse a $200 por noche en el Centro Cultural Comechingones, de lunes a viernes de 9 a 14 y de 15 a 21 horas.<\/p>\n<p><em>S\u00e1bado 3 | 10 hs | Plaza San Mart\u00edn:<\/em><br \/><strong><span class=\"has-inline-color has-luminous-vivid-amber-color\">CONEJOS DE PASCUA EN LA PLAZA SAN MART\u00cdN<\/span><\/strong><br \/>Se realizar\u00e1n juegos recreativos para toda la familia, con la tradicional b\u00fasqueda de huevos de Pascuas escondidos en la plaza. Los ni\u00f1os participantes deber\u00e1n estar acompa\u00f1ados por un mayor responsable.<\/p>\n<p><em>S\u00e1bado 3 | 17 hs | Anfitetaro Municipal:<\/em><br \/><strong><span class=\"has-inline-color has-luminous-vivid-amber-color\">FESTIVAL NACIONAL DEL R\u00cdO<\/span><\/strong><br \/>Tendr\u00e1 lugar la segunda velada y cierre de este evento que pone en valor al R\u00edo Mina Clavero, Maravilla Natural de la Argentina y contar\u00e1 con la participaci\u00f3n una grilla de artistas.<\/p>\n<p>Las entradas podr\u00e1n adquirirse a $200 por noche en el Centro Cultural Comechingones, de lunes a viernes de 9 a 14 y de 15 a 21 horas.<\/p>\n<p><strong>Estancias Jesu\u00edticas<\/strong><\/p>\n<p>Como propuesta de turismo religioso y tambi\u00e9n hist\u00f3rico. El conjunto de las Estancias Jesu\u00edticas, desde la capital hasta las sierras, conforman un Patrimonio Mundial declarado por Unesco, abierto al turismo como una invitaci\u00f3n a vivir la historia y el legado religioso de los jesuitas.<br \/>Abarca la <strong><span class=\"has-inline-color has-luminous-vivid-amber-color\">Manzana Jesu\u00edtica <\/span><\/strong>en la ciudad capital; y las estancias <strong><span class=\"has-inline-color has-luminous-vivid-amber-color\">Caroya, Jes\u00fas Mar\u00eda, La Candelaria, Alta Gracia y Santa Catalina<\/span><\/strong>. Re\u00fanen m\u00e1s de 400 a\u00f1os de historia de C\u00f3rdoba y el pa\u00eds. Cada una tiene sus horarios y actividades- Por eso conviene buscar a partir de la web oficial de C\u00f3rdoba Turismo y luego ver cada una: <a rel=\"noreferrer noopener\" href=\"https:\/\/www.cordobaturismo.gov.ar\/\" target=\"_blank\">www.cordobaturismo.gov.ar<\/a><\/p>\n<p><strong>Parque Nacional Quebrada del Condorito<\/strong><\/p>\n<p>Se trata de una propuesta de trekking en contacto con la naturaleza en su estado virgen. Queda en el camino de las <strong>Altas Cumbres<\/strong>, equidistante 60 kil\u00f3metros de Villa Carlos Paz y Mina Clavero. La entrada es gratuita pero hay cupos limitados, por eso hay que tramitar el permiso de ingreso a trav\u00e9s de la web <a rel=\"noreferrer noopener\" href=\"https:\/\/www.argentina.gob.ar\/parquesnacionales\" target=\"_blank\">www.argentina.gob.ar\/parquesnacionales<\/a> Como actividad permitida en tiempos de pandemia, se puede hacer un recorrido autoguiado a pie de 12 kil\u00f3metros ida y vuelta, de mediana exigencia. Se llega hasta un mirador que se llama Balc\u00f3n Norte, donde sobrevuelan los c\u00f3ndores muy cerquita. Tambi\u00e9n otras aves de gran porte, como \u00e1guilas y jotes. Durante el trayecto se atraviesan vistas en altura hacia los valles cordobeses y la flora t\u00edpica de la <strong>Pampa de Achala<\/strong>.<\/p>\n<p><strong>La Cumbre<\/strong><\/p>\n<p><a href=\"https:\/\/www.instagram.com\/p\/CMmUjZqngKL\/?igshid=1dbo4fuq430jf\">https:\/\/www.instagram.com\/p\/CMmUjZqngKL\/?igshid=1dbo4fuq430jf<\/a><\/p>\n<p>La elegante localidad de las Sierras Chicas con impronta inglesa, despliega una variedad de propuestas desde el jueves 1\u00b0 al domingo 4, que incluyen actividades al aire libre, como senderismo; adem\u00e1s de competencia de ajedrez, astroturismo, conciertos de m\u00fasica cl\u00e1sica, circuito guiado por las 5 capillas de La Cumbre; y dos v\u00eda crucis. La informaci\u00f3n detallada y completa puede obtenerse desde la web oficial <a rel=\"noreferrer noopener\" href=\"https:\/\/turismo.lacumbre.gob.ar\/\" target=\"_blank\">https:\/\/turismo.lacumbre.gob.ar\/<\/a> <\/p>\n","protected":false},"excerpt":{"rendered":"<p>El feriado de Semana Santa es propicio para tomarse unas mini vacaciones de cuatro d\u00edas o aprovechar escapadas. Entre las m\u00faltiples opciones que ofrece la provincia de C\u00f3rdoba, recomendamos cinco propuestas variadas, que abarcan desde turismo religioso, pasando por naturaleza y entretenimiento, hasta sabores t\u00edpicos. La Fiesta Nacional de la Masa Vienesa de Villa General [&hellip;]<\/p>\n","protected":false},"author":1,"featured_media":2475,"comment_status":"closed","ping_status":"closed","sticky":false,"template":"","format":"standard","meta":[],"categories":[11],"tags":[],"_links":{"self":[{"href":"http:\/\/nuevacordoba.net\/index.php\/wp-json\/wp\/v2\/posts\/2474"}],"collection":[{"href":"http:\/\/nuevacordoba.net\/index.php\/wp-json\/wp\/v2\/posts"}],"about":[{"href":"http:\/\/nuevacordoba.net\/index.php\/wp-json\/wp\/v2\/types\/post"}],"author":[{"embeddable":true,"href":"http:\/\/nuevacordoba.net\/index.php\/wp-json\/wp\/v2\/users\/1"}],"replies":[{"embeddable":true,"href":"http:\/\/nuevacordoba.net\/index.php\/wp-json\/wp\/v2\/comments?post=2474"}],"version-history":[{"count":0,"href":"http:\/\/nuevacordoba.net\/index.php\/wp-json\/wp\/v2\/posts\/2474\/revisions"}],"wp:featuredmedia":[{"embeddable":true,"href":"http:\/\/nuevacordoba.net\/index.php\/wp-json\/wp\/v2\/media\/2475"}],"wp:attachment":[{"href":"http:\/\/nuevacordoba.net\/index.php\/wp-json\/wp\/v2\/media?parent=2474"}],"wp:term":[{"taxonomy":"category","embeddable":true,"href":"http:\/\/nuevacordoba.net\/index.php\/wp-json\/wp\/v2\/categories?post=2474"},{"taxonomy":"post_tag","embeddable":true,"href":"http:\/\/nuevacordoba.net\/index.php\/wp-json\/wp\/v2\/tags?post=2474"}],"curies":[{"name":"wp","href":"https:\/\/api.w.org\/{rel}","templated":true}]}}