{"id":2483,"date":"2021-03-24T13:08:19","date_gmt":"2021-03-24T13:08:19","guid":{"rendered":"https:\/\/www.ole.com.ar\/autos\/2-fecha-olavarria_0_0LZv7yhCI.html"},"modified":"2021-03-24T13:08:19","modified_gmt":"2021-03-24T13:08:19","slug":"nuevo-record","status":"publish","type":"post","link":"http:\/\/nuevacordoba.net\/index.php\/2021\/03\/24\/nuevo-record\/","title":{"rendered":"\u00a1Nuevo r\u00e9cord!"},"content":{"rendered":"<div><img src=\"http:\/\/nuevacordoba.net\/wp-content\/uploads\/2021\/03\/nuevo-record.jpg\" class=\"ff-og-image-inserted\"><\/div>\n<p>El Turismo Pista se alista para la segunda fecha de la temporada 2021 con un nuevo r\u00e9cord de inscriptos. <mark>El aut\u00f3dromo Hnos Emiliozzi de Olavarr\u00eda recibir\u00e1 144 autos entre las tres clases de la categor\u00eda<\/mark>, n\u00famero que supera los 133 que se presentaron en el arranque del a\u00f1o en San Nicol\u00e1s.<\/p>\n<p><mark>Dentro de la Clase 1 habr\u00e1 cuatro regresos <\/mark>y la misma cantidad de debutantes. En esta \u00faltima n\u00f3mina se destaca el estreno en autos con techo de Figgo Bessone, el hijo de Ernesto \u201cTito\u201d Bessone. El joven cordob\u00e9s correr\u00e1 con el Fiat Uno con el que fue subcampe\u00f3n Esteban Cistola y tendr\u00e1 la atenci\u00f3n completa de Jorge Oliverio.<\/p>\n<p> En la Clase 2,<mark> los retornos ser\u00e1n cinco y los debutantes tambi\u00e9n. <\/mark>Mart\u00edn Leston pegar\u00e1 la vuelta despu\u00e9s de no poder formar parte de la primera fecha y es v\u00e1lido resaltar que habr\u00e1 tres autos nuevos entre quienes har\u00e1n sus primeras armas en la divisi\u00f3n. Alexis Cano, Juan Pablo Abente y Maximiliano Mart\u00ednez estrenar\u00e1n sendos Volkswagen Up. Adem\u00e1s, Fran Panet correr\u00e1 con el Chevrolet Celta con el que Nicol\u00e1s Bulich supo ser protagonista a\u00f1os atr\u00e1s.<\/p>\n<p>Por \u00faltimo, <mark>en la Clase 3,&nbsp;cinco pilotos retornan y entre ellos aparece el actual subcampe\u00f3n Thiago Mart\u00ednez, <\/mark>que lo har\u00e1 con un Etios del Cano Racing, lo mismo que el campe\u00f3n 2017 Juan Cruz Talamona. Por su parte, Joaqu\u00edn Volpe pondr\u00e1 en pista por primera vez su flamante Fiesta Kinetic y Tom\u00e1s Pugnaloni ser\u00e1 la cara nueva. El de Villalonga correr\u00e1 con un Clio atendido por Gabriel Rodr\u00edguez y motorizado por Sebasti\u00e1n Colombo.<\/p>\n<div class=\"entry-tags\">\n<h2>TEMAS QUE APARECEN EN ESTA NOTA<\/h2>\n<\/p><\/div>\n","protected":false},"excerpt":{"rendered":"<p>El Turismo Pista se alista para la segunda fecha de la temporada 2021 con un nuevo r\u00e9cord de inscriptos. El aut\u00f3dromo Hnos Emiliozzi de Olavarr\u00eda recibir\u00e1 144 autos entre las tres clases de la categor\u00eda, n\u00famero que supera los 133 que se presentaron en el arranque del a\u00f1o en San Nicol\u00e1s. Dentro de la Clase [&hellip;]<\/p>\n","protected":false},"author":1,"featured_media":2484,"comment_status":"closed","ping_status":"closed","sticky":false,"template":"","format":"standard","meta":[],"categories":[10],"tags":[],"_links":{"self":[{"href":"http:\/\/nuevacordoba.net\/index.php\/wp-json\/wp\/v2\/posts\/2483"}],"collection":[{"href":"http:\/\/nuevacordoba.net\/index.php\/wp-json\/wp\/v2\/posts"}],"about":[{"href":"http:\/\/nuevacordoba.net\/index.php\/wp-json\/wp\/v2\/types\/post"}],"author":[{"embeddable":true,"href":"http:\/\/nuevacordoba.net\/index.php\/wp-json\/wp\/v2\/users\/1"}],"replies":[{"embeddable":true,"href":"http:\/\/nuevacordoba.net\/index.php\/wp-json\/wp\/v2\/comments?post=2483"}],"version-history":[{"count":0,"href":"http:\/\/nuevacordoba.net\/index.php\/wp-json\/wp\/v2\/posts\/2483\/revisions"}],"wp:featuredmedia":[{"embeddable":true,"href":"http:\/\/nuevacordoba.net\/index.php\/wp-json\/wp\/v2\/media\/2484"}],"wp:attachment":[{"href":"http:\/\/nuevacordoba.net\/index.php\/wp-json\/wp\/v2\/media?parent=2483"}],"wp:term":[{"taxonomy":"category","embeddable":true,"href":"http:\/\/nuevacordoba.net\/index.php\/wp-json\/wp\/v2\/categories?post=2483"},{"taxonomy":"post_tag","embeddable":true,"href":"http:\/\/nuevacordoba.net\/index.php\/wp-json\/wp\/v2\/tags?post=2483"}],"curies":[{"name":"wp","href":"https:\/\/api.w.org\/{rel}","templated":true}]}}