{"id":2493,"date":"2021-03-26T13:19:08","date_gmt":"2021-03-26T13:19:08","guid":{"rendered":"http:\/\/nuevacordoba.net\/index.php\/2021\/03\/26\/que-fue-peor-para-la-economia-el-ultimo-ano-de-macri-o-el-2020-de-alberto-en-pandemia\/"},"modified":"2021-03-26T13:19:08","modified_gmt":"2021-03-26T13:19:08","slug":"que-fue-peor-para-la-economia-el-ultimo-ano-de-macri-o-el-2020-de-alberto-en-pandemia","status":"publish","type":"post","link":"http:\/\/nuevacordoba.net\/index.php\/2021\/03\/26\/que-fue-peor-para-la-economia-el-ultimo-ano-de-macri-o-el-2020-de-alberto-en-pandemia\/","title":{"rendered":"\u00bfQu\u00e9 fue peor para la econom\u00eda: el \u00faltimo a\u00f1o de Macri o el 2020 de Alberto en pandemia?"},"content":{"rendered":"<div><img src=\"http:\/\/nuevacordoba.net\/wp-content\/uploads\/2021\/03\/que-fue-peor-para-la-economia-el-ultimo-ano-de-macri-o-el-2020-de-alberto-en-pandemia.jpg\" class=\"ff-og-image-inserted\"><\/div>\n<p>Aunque la cuarentena fue decisiva para que se produjera un derrumbe, la econom\u00eda ya hab\u00eda entrado en terreno negativo en las variaciones interanuales desde el tercer trimestre de 2019, se\u00f1ala un estudio del Ieral-Fundaci\u00f3n Mediterr\u00e1nea.<\/p>\n<p>El Producto Interno Bruto&nbsp;(PIB) de Argentina se contrajo 4,3% interanual en el cuarto trimestre de 2020 y cerr\u00f3 el a\u00f1o con una ca\u00edda de 9,9%, motivada en bajas en todos los componentes de la demanda agregada.&nbsp;<\/p>\n<p>Por definici\u00f3n, la demanda agregada se conforma por el total de bienes y servicios demandados por el conjunto de los argentinos a un determinado nivel de precios y en un cierto per\u00edodo de tiempo; en este caso, un a\u00f1o.<\/p>\n<p>El estudio de la economista Guadalupe Gonz\u00e1lez compara la situaci\u00f3n de 2019, \u00faltimo a\u00f1o del mandato de Mauricio Macri, con el primer a\u00f1o de Alberto Fern\u00e1ndez, influido por el fuerte cierre de la econom\u00eda, justificado en la pandemia.<\/p>\n<blockquote readability=\"11\">\n<p>\u201cLa pregunta a futuro es c\u00f3mo financiar, sin cr\u00e9dito externo, la recuperaci\u00f3n de la inversi\u00f3n, que se alimenta en buena proporci\u00f3n de m\u00e1quinas y de equipos importados\u201d, cerr\u00f3 el estudio del Ieral.<\/p>\n<\/blockquote>\n<p>Debido a los efectos del Covid-19, la actividad econ\u00f3mica se contrajo casi un 10% durante el a\u00f1o pasado, porcentual que se explica por una variaci\u00f3n de -17,7% interanual en las exportaciones, -13,1% en el consumo privado, -13% en la inversi\u00f3n y -4,7% en el consumo p\u00fablico. Las importaciones, por su parte, cayeron 18,1% en el a\u00f1o.<\/p>\n<p>Pero en 2019, con Macri, el producto interno bruto hab\u00eda ca\u00eddo 2,1% interanual, con una fuerte contracci\u00f3n de la inversi\u00f3n (-8,5% en el promedio de 2019), asociada a una variaci\u00f3n negativa de 19% interanual en las importaciones, y una merma de 6,6% anual en el consumo privado.<\/p>\n<p>El primer trimestre de 2020 ya hab\u00eda registrado variaciones negativas en todos los componentes de la demanda, que se intensificaron en los trimestres siguientes, pero esta vez producto de la pandemia y de las restricciones aplicadas para el funcionamiento de la econom\u00eda.<\/p>\n<div class=\"block-ad-node\">\n<div>\n<p> <span>Publicidad<\/span> <\/p>\n<\/div>\n<\/div>\n<p class=\"SubTitulo\">Inversi\u00f3n y exportaciones<\/p>\n<p>La inversi\u00f3n lleg\u00f3 a caer 38,3% en el segundo trimestre del primer a\u00f1o de Fern\u00e1ndez (con una ca\u00edda de las importaciones de 30,5% respecto del segundo trimestre de 2019), mientras que el consumo privado disminuy\u00f3 un 22,3%.&nbsp;<\/p>\n<p>Las exportaciones, por su parte, que hab\u00edan arrancado el a\u00f1o pasado con una merma de 5,4% anual, empeoraron su <em>performance<\/em> con una ca\u00edda de 13,6% interanual en el segundo trimestre, -17,1% en el tercero y -32,5% en el cuarto.&nbsp;<\/p>\n<div class=\"block-ad-node\">\n<div>\n<p> <span>Publicidad<\/span> <\/p>\n<\/div>\n<\/div>\n<p>De todas formas, la exportaci\u00f3n es el \u00fanico componente que a\u00fan no alcanza un piso, ya que en los dem\u00e1s casos se observa para el cuarto trimestre una desaceleraci\u00f3n de la ca\u00edda interanual, e incluso una mejora de 15,9% en el caso de la inversi\u00f3n.&nbsp;<\/p>\n<p>La mejora de este \u00faltimo factor se debe a un crecimiento de 10,2% de la inversi\u00f3n en construcciones, el descenso de 27,4% en otras construcciones, el aumento de 21,7% en maquinaria y equipo, y el crecimiento de 49,6% en equipo de transporte, menciona el trabajo.<\/p>\n<blockquote readability=\"7\">\n<p>A nivel sectorial, el a\u00f1o 2020 cerr\u00f3 con una ca\u00edda de la actividad en 15 de los 17 sectores que componen el PIB.&nbsp;<\/p>\n<\/blockquote>\n<p>S\u00f3lo se registraron mejoras en los rubros Intermediaci\u00f3n financiera (+2,1%) y Electricidad, Gas y Agua (+0,9%). En el resto de los casos, la actividad cay\u00f3 en t\u00e9rminos interanuales. El rubro m\u00e1s perjudicado por la pandemia fue, sin dudas, el de hoteles y restaurantes, que registr\u00f3 una ca\u00edda en su actividad de 49,2% promedio en el a\u00f1o.&nbsp;<\/p>\n<p>Otros sectores con fuertes contracciones fueron: actividades de servicios comunitarios, sociales y personales (espect\u00e1culos, entretenimientos, servicios culturales), con una merma de 38,9% interanual; construcci\u00f3n (-22,6%), y pesca (-20,9%).&nbsp;<\/p>\n<p>Adem\u00e1s, otros rubros que tienen una fuerte participaci\u00f3n en la econom\u00eda argentina tambi\u00e9n registraron importantes ca\u00eddas, como es el caso del sector agro (-6,9%), industria manufacturera (-7,7%), y comercio mayorista y minorista (-5,4%).<\/p>\n<p>A nivel agregado, 2020 registra una contracci\u00f3n en todos los componentes del PIB con una ca\u00edda interanual superior a la del promedio, a excepci\u00f3n del consumo p\u00fablico, que se contrajo 4,7% interanual vs. 9,9% del PIB.<\/p>\n<p class=\"SubTitulo\">Cu\u00e1nto consumi\u00f3 el sector p\u00fablico<\/p>\n<p>De este modo, se tiene una mayor participaci\u00f3n del consumo p\u00fablico en el PIB contra una menor contribuci\u00f3n de los dem\u00e1s componentes sobre la econom\u00eda. Comparando 2020 con el promedio de los \u00faltimos 10 a\u00f1os (2010-2019), se tiene que el consumo p\u00fablico pas\u00f3 de representar 12,8% del PIB en 2010-2019 a hacerlo un 14,7% en 2020, es decir, una diferencia de 1,9 puntos porcentuales.&nbsp;<\/p>\n<p>Esta diferencia se explica por una menor participaci\u00f3n del consumo privado (72,1% del PIB en 2010-2019 vs. 68,5% en 2020) y de la inversi\u00f3n (19,7% vs. 16,6%).<\/p>\n<p>La tasa de inversi\u00f3n de 19,7% en el promedio de 2010-2019 era consistente con una participaci\u00f3n de las importaciones de 26,1% en el PIB.&nbsp;<\/p>\n<p>Aquel nivel promedio de los \u00faltimos 10 a\u00f1os se encuentra 4,2 puntos porcentuales por encima de la participaci\u00f3n actual de las importaciones sobre el PIB.&nbsp;<\/p>\n<p>\u201cLa pregunta a futuro es c\u00f3mo financiar, sin cr\u00e9dito externo, la recuperaci\u00f3n de la inversi\u00f3n, que se alimenta en buena proporci\u00f3n de m\u00e1quinas y de equipos importados\u201d, cerr\u00f3 el estudio del Ieral.<\/p>\n<div class=\"ctaNewsNotaContainer\" readability=\"6.5\">\n<div class=\"newsletterTextContainer\" readability=\"33\">\n<p> S\u00cdNTESIS POL\u00cdTICA<\/p>\n<p> Informaci\u00f3n exclusiva y el mejor an\u00e1lisis, los lunes en tu correo.<\/p>\n<form method=\"post\" action-xhr=\"https:\/\/www.lavoz.com.ar\/newsletters\/sintesis-politica\/signup\" id=\"newsletter-signup\" class=\"newsletterForm\" target=\"_blank\" custom-validation-reporting=\"as-you-go\" on=\"submit:AMP.setState({formLoading:true});submit-success:AMP.setState({formSuccess:true})\">\n<div submit-success class=\"is-paddingless-l\" readability=\"6\"> <template type=\"amp-mustache\" readability=\"2\"><\/p>\n<p> <strong>\u00a1Gracias por suscribirte!<\/strong><\/p>\n<p> <\/template><\/div>\n<div submit-error class=\"is-paddingless-l\" readability=\"6.5\"> <template type=\"amp-mustache\" readability=\"3\"><\/p>\n<p> <strong>Ha ocurrido un error, por favor intente nuevamente m\u00e1s tarde.<\/strong><\/p>\n<p> <\/template><\/div>\n<\/form>\n<\/div>\n<\/div>\n<div>\n<p> <span>Publicidad<\/span> <\/p>\n<\/div>\n","protected":false},"excerpt":{"rendered":"<p>Aunque la cuarentena fue decisiva para que se produjera un derrumbe, la econom\u00eda ya hab\u00eda entrado en terreno negativo en las variaciones interanuales desde el tercer trimestre de 2019, se\u00f1ala un estudio del Ieral-Fundaci\u00f3n Mediterr\u00e1nea. El Producto Interno Bruto&nbsp;(PIB) de Argentina se contrajo 4,3% interanual en el cuarto trimestre de 2020 y cerr\u00f3 el a\u00f1o [&hellip;]<\/p>\n","protected":false},"author":1,"featured_media":2494,"comment_status":"closed","ping_status":"closed","sticky":false,"template":"","format":"standard","meta":[],"categories":[12],"tags":[],"_links":{"self":[{"href":"http:\/\/nuevacordoba.net\/index.php\/wp-json\/wp\/v2\/posts\/2493"}],"collection":[{"href":"http:\/\/nuevacordoba.net\/index.php\/wp-json\/wp\/v2\/posts"}],"about":[{"href":"http:\/\/nuevacordoba.net\/index.php\/wp-json\/wp\/v2\/types\/post"}],"author":[{"embeddable":true,"href":"http:\/\/nuevacordoba.net\/index.php\/wp-json\/wp\/v2\/users\/1"}],"replies":[{"embeddable":true,"href":"http:\/\/nuevacordoba.net\/index.php\/wp-json\/wp\/v2\/comments?post=2493"}],"version-history":[{"count":0,"href":"http:\/\/nuevacordoba.net\/index.php\/wp-json\/wp\/v2\/posts\/2493\/revisions"}],"wp:featuredmedia":[{"embeddable":true,"href":"http:\/\/nuevacordoba.net\/index.php\/wp-json\/wp\/v2\/media\/2494"}],"wp:attachment":[{"href":"http:\/\/nuevacordoba.net\/index.php\/wp-json\/wp\/v2\/media?parent=2493"}],"wp:term":[{"taxonomy":"category","embeddable":true,"href":"http:\/\/nuevacordoba.net\/index.php\/wp-json\/wp\/v2\/categories?post=2493"},{"taxonomy":"post_tag","embeddable":true,"href":"http:\/\/nuevacordoba.net\/index.php\/wp-json\/wp\/v2\/tags?post=2493"}],"curies":[{"name":"wp","href":"https:\/\/api.w.org\/{rel}","templated":true}]}}