{"id":2495,"date":"2021-03-26T03:02:33","date_gmt":"2021-03-26T03:02:33","guid":{"rendered":"https:\/\/puntoapunto.com.ar\/?p=275233"},"modified":"2021-03-26T03:02:33","modified_gmt":"2021-03-26T03:02:33","slug":"sergio-suppo-deja-la-nacion-y-se-suma-a-cadena-3","status":"publish","type":"post","link":"http:\/\/nuevacordoba.net\/index.php\/2021\/03\/26\/sergio-suppo-deja-la-nacion-y-se-suma-a-cadena-3\/","title":{"rendered":"Sergio Suppo deja La Naci\u00f3n y se suma a Cadena 3"},"content":{"rendered":"<div class=\"td-post-content tagdiv-type\" readability=\"50\"> <!-- image --><\/p>\n<div class=\"td-post-featured-image\"><a href=\"http:\/\/nuevacordoba.net\/wp-content\/uploads\/2021\/03\/sergio-suppo-deja-la-nacion-y-se-suma-a-cadena-3-6.jpg\" data-caption><img loading=\"lazy\" width=\"696\" height=\"394\" class=\"entry-thumb td-modal-image\" src=\"http:\/\/nuevacordoba.net\/wp-content\/uploads\/2021\/03\/sergio-suppo-deja-la-nacion-y-se-suma-a-cadena-3.jpg\" srcset=\"http:\/\/nuevacordoba.net\/wp-content\/uploads\/2021\/03\/sergio-suppo-deja-la-nacion-y-se-suma-a-cadena-3.jpg 696w, http:\/\/nuevacordoba.net\/wp-content\/uploads\/2021\/03\/sergio-suppo-deja-la-nacion-y-se-suma-a-cadena-3-2.jpg 300w, http:\/\/nuevacordoba.net\/wp-content\/uploads\/2021\/03\/sergio-suppo-deja-la-nacion-y-se-suma-a-cadena-3-3.jpg 768w, http:\/\/nuevacordoba.net\/wp-content\/uploads\/2021\/03\/sergio-suppo-deja-la-nacion-y-se-suma-a-cadena-3-4.jpg 150w, http:\/\/nuevacordoba.net\/wp-content\/uploads\/2021\/03\/sergio-suppo-deja-la-nacion-y-se-suma-a-cadena-3-5.jpg 742w, http:\/\/nuevacordoba.net\/wp-content\/uploads\/2021\/03\/sergio-suppo-deja-la-nacion-y-se-suma-a-cadena-3-6.jpg 800w\" sizes=\"(max-width: 696px) 100vw, 696px\" alt title=\"Suppo\"><\/a><\/div>\n<p> <!-- content --><\/p>\n<div class=\"td-a-rec td-a-rec-id-content_top tdi_66_ddd td_block_template_10\">\n<div class=\"g g-34\">\n<div class=\"g-single a-299\"><a class=\"gofollow\" data-track=\"Mjk5LDM0LDEsNjA=\" href=\"http:\/\/www.grupocanter.com.ar\/landing\/blanqueo\/pap\/?utm_source=Punto%20a%20Punto&amp;utm_medium=Banners&amp;utm_campaign=Blanqueo&amp;utm_term=950x187\"><img src=\"http:\/\/nuevacordoba.net\/wp-content\/uploads\/2021\/03\/sergio-suppo-deja-la-nacion-y-se-suma-a-cadena-3.gif\"><\/a><\/div>\n<\/div>\n<\/div>\n<p><strong>Sergio Suppo ser\u00e1 el nuevo director Period\u00edstico de Cadena 3<\/strong>, seg\u00fan confirmaron fuentes de la emisora a Punto a Punto, tras desvincularse de La Naci\u00f3n, donde se desempe\u00f1aba como Secretario de Redacci\u00f3n. Seg\u00fan trascendi\u00f3, el periodista regresar\u00e1 a C\u00f3rdoba y asumir\u00e1 su cargo a mediados de abril.<\/p>\n<p>El periodista, quien durante varios a\u00f1os se desempe\u00f1\u00f3 en La Voz del Interior, tendr\u00e1 la tarea de diagramar la l\u00ednea editorial de la radio l\u00edder de C\u00f3rdoba, que tras la muerte de Mario Pereyra se encarg\u00f3 de la reorganizaci\u00f3n de su grilla de programas.<\/p>\n<p>En las pr\u00f3ximas horas, el periodista emitir\u00e1 un comunicado en el que explica las razones por las que decidi\u00f3 asumir el desaf\u00edo de incorporarse a Cadena 3.<\/p>\n<p>No tags for this post. <!-- A generated by theme --> <!-- end A --> <\/div>\n<footer> <!-- post pagination --> <!-- review --> <!-- next prev --><\/p>\n<div class=\"td-block-row td-post-next-prev\">\n<div class=\"td-block-span6 td-post-prev-post\">\n<div class=\"td-post-next-prev-content\"><span>Art\u00edculo anterior<\/span><a href=\"https:\/\/puntoapunto.com.ar\/falabella-cordoba-subasta-su-mobiliario-maniquis-estantes-y-percheros-entre-las-opciones\/\">Falabella hoy subasta su mobiliario y hay casi 100 lotes a la venta<\/a><\/div>\n<\/div>\n<\/div>\n<p> <!-- author box --><\/p>\n<div class=\"author-box-wrap\"><a href=\"https:\/\/puntoapunto.com.ar\/author\/pdelareta\/\"><img alt src=\"http:\/\/nuevacordoba.net\/wp-content\/uploads\/2021\/03\/sergio-suppo-deja-la-nacion-y-se-suma-a-cadena-3-1.jpg\" srcset=\"http:\/\/nuevacordoba.net\/wp-content\/uploads\/2021\/03\/sergio-suppo-deja-la-nacion-y-se-suma-a-cadena-3-7.jpg 2x\" class=\"avatar avatar-96 photo\" height=\"96\" width=\"96\" loading=\"lazy\"><\/a><\/div>\n<p> <!-- meta --><span class=\"td-page-meta\" itemprop=\"author\" itemscope itemtype=\"https:\/\/schema.org\/Person\"><meta itemprop=\"name\" content=\"Pablo de la Reta\"><\/span><meta itemprop=\"datePublished\" content=\"2021-03-26T00:02:33-03:00\"><meta itemprop=\"dateModified\" content=\"2021-03-25T23:55:08-03:00\"><meta itemscope itemprop=\"mainEntityOfPage\" itemtype=\"https:\/\/schema.org\/WebPage\" itemid=\"https:\/\/puntoapunto.com.ar\/sergio-suppo-deja-la-nacion-y-se-suma-a-cadena-3\/\"><span class=\"td-page-meta\" itemprop=\"publisher\" itemscope itemtype=\"https:\/\/schema.org\/Organization\"><span class=\"td-page-meta\" itemprop=\"logo\" itemscope itemtype=\"https:\/\/schema.org\/ImageObject\"><meta itemprop=\"url\" content=\"https:\/\/s3.us-west-2.amazonaws.com\/puntoapunto.com.ar\/wp-content\/uploads\/2020\/08\/26214016\/logo.png\"><\/span><meta itemprop=\"name\" content=\"Punto a Punto Diario\"><\/span><meta itemprop=\"headline \" content=\"Sergio Suppo deja La Naci\u00f3n y se suma a Cadena 3\"><span class=\"td-page-meta\" itemprop=\"image\" itemscope itemtype=\"https:\/\/schema.org\/ImageObject\"><meta itemprop=\"url\" content=\"http:\/\/nuevacordoba.net\/wp-content\/uploads\/2021\/03\/sergio-suppo-deja-la-nacion-y-se-suma-a-cadena-3-6.jpg\"><meta itemprop=\"width\" content=\"800\"><meta itemprop=\"height\" content=\"453\"><\/span> <\/footer>\n","protected":false},"excerpt":{"rendered":"<p>Sergio Suppo ser\u00e1 el nuevo director Period\u00edstico de Cadena 3, seg\u00fan confirmaron fuentes de la emisora a Punto a Punto, tras desvincularse de La Naci\u00f3n, donde se desempe\u00f1aba como Secretario de Redacci\u00f3n. Seg\u00fan trascendi\u00f3, el periodista regresar\u00e1 a C\u00f3rdoba y asumir\u00e1 su cargo a mediados de abril. El periodista, quien durante varios a\u00f1os se desempe\u00f1\u00f3 [&hellip;]<\/p>\n","protected":false},"author":1,"featured_media":2496,"comment_status":"open","ping_status":"closed","sticky":false,"template":"","format":"standard","meta":[],"categories":[14],"tags":[],"_links":{"self":[{"href":"http:\/\/nuevacordoba.net\/index.php\/wp-json\/wp\/v2\/posts\/2495"}],"collection":[{"href":"http:\/\/nuevacordoba.net\/index.php\/wp-json\/wp\/v2\/posts"}],"about":[{"href":"http:\/\/nuevacordoba.net\/index.php\/wp-json\/wp\/v2\/types\/post"}],"author":[{"embeddable":true,"href":"http:\/\/nuevacordoba.net\/index.php\/wp-json\/wp\/v2\/users\/1"}],"replies":[{"embeddable":true,"href":"http:\/\/nuevacordoba.net\/index.php\/wp-json\/wp\/v2\/comments?post=2495"}],"version-history":[{"count":0,"href":"http:\/\/nuevacordoba.net\/index.php\/wp-json\/wp\/v2\/posts\/2495\/revisions"}],"wp:featuredmedia":[{"embeddable":true,"href":"http:\/\/nuevacordoba.net\/index.php\/wp-json\/wp\/v2\/media\/2496"}],"wp:attachment":[{"href":"http:\/\/nuevacordoba.net\/index.php\/wp-json\/wp\/v2\/media?parent=2495"}],"wp:term":[{"taxonomy":"category","embeddable":true,"href":"http:\/\/nuevacordoba.net\/index.php\/wp-json\/wp\/v2\/categories?post=2495"},{"taxonomy":"post_tag","embeddable":true,"href":"http:\/\/nuevacordoba.net\/index.php\/wp-json\/wp\/v2\/tags?post=2495"}],"curies":[{"name":"wp","href":"https:\/\/api.w.org\/{rel}","templated":true}]}}