{"id":2521,"date":"2021-03-27T20:22:18","date_gmt":"2021-03-27T20:22:18","guid":{"rendered":"http:\/\/nuevacordoba.net\/index.php\/2021\/03\/27\/mas-de-100-muertos-en-myanmar-en-el-dia-mas-letal-de-protestas-contra-el-golpe-de-estado\/"},"modified":"2021-03-27T20:22:18","modified_gmt":"2021-03-27T20:22:18","slug":"mas-de-100-muertos-en-myanmar-en-el-dia-mas-letal-de-protestas-contra-el-golpe-de-estado","status":"publish","type":"post","link":"http:\/\/nuevacordoba.net\/index.php\/2021\/03\/27\/mas-de-100-muertos-en-myanmar-en-el-dia-mas-letal-de-protestas-contra-el-golpe-de-estado\/","title":{"rendered":"M\u00e1s de 100 muertos en Myanmar en el d\u00eda m\u00e1s letal de protestas contra el golpe de Estado"},"content":{"rendered":"<div class=\"image\" id=\"image\" readability=\"7\"> <img src=\"http:\/\/nuevacordoba.net\/wp-content\/uploads\/2021\/03\/mas-de-100-muertos-en-myanmar-en-el-dia-mas-letal-de-protestas-contra-el-golpe-de-estado.jpg\" alt=\"Protestas contra el golpe de Estado\" title=\"Protestas contra el golpe de Estado\"><\/p>\n<p>Protestas contra el golpe de Estado<\/p>\n<\/div>\n<p>M\u00e1s de un centenar de personas murieron en m\u00e1s de 40 localidades de Myanmar, en la jornada m\u00e1s letal y masiva de protestas contra el golpe de Estado y en la que el Ej\u00e9rcito hizo una exhibici\u00f3n de su poder al celebrarse all\u00ed el d\u00eda de las Fuerzas Armadas.<\/p>\n<p><strong>La cifra exacta de fallecidos es dif\u00edcil de precisar por la falta de informaci\u00f3n oficial<\/strong> y los cortes en las comunicaciones que imponen las autoridades militares para intentar mitigar las manifestaciones.<\/p>\n<p>Un recuento emitido por un investigador independiente en Yang\u00f3n, la ciudad m\u00e1s grande del pa\u00eds, que estuvo recopilando informaci\u00f3n desde el golpe habla de 107 muertos, mientras que el portal de noticias Myanmar Now menciona 114.<\/p>\n<p>Estas cifras implican que <strong>solo en las \u00faltimas horas habr\u00edan muerto el equivalente a una tercera parte del total aproximado de 320 fallecidos que hab\u00eda hasta el viernes<\/strong> seg\u00fan los registros de la ONG local Asociaci\u00f3n de Ayuda a los Presos Pol\u00edticos (AAPP).<\/p>\n<p>El balance de fallecidos y de detenidos (cerca de 3.000) podr\u00eda ser muy superior, ya que cientos de personas arrestadas permanecen desaparecidas.<\/p>\n<blockquote readability=\"6\">\n<p>El pa\u00eds asi\u00e1tico vive sumido en una profunda crisis desde que los militares depusieron al Gobierno civil de Aung San Suu Kyi en un golpe el 1 de febrero<span class=\"comilla\">\u201d<\/span><\/p>\n<\/blockquote>\n<p>El pa\u00eds asi\u00e1tico vive sumido en una profunda crisis desde que los militares depusieron al Gobierno civil de Aung San Suu Kyi en un golpe el 1 de febrero, tras el que se desencaden\u00f3 una gran revuelta para pedir el retorno de la democracia.<\/p>\n<p>La violenta represi\u00f3n este s\u00e1bado de las fuerzas de seguridad, acusadas de utilizar munici\u00f3n real para disipar las protestas prodemocracia, <strong>coincidi\u00f3 con el desfile militar que se organiza cada a\u00f1o con motivo del d\u00eda de las Fuerzas Armadas.<\/strong><\/p>\n<p>Miles de soldados, tanques, misiles y helic\u00f3pteros desfilaron en una gran explanada en Naipyid\u00f3, la capital administrativa, frente a los generales y sus escasos invitados, entre ellos las delegaciones rusa y china, pa\u00edses que no condenaron el golpe, inform\u00f3 la agencia de noticias AFP.<\/p>\n<p>La fecha conmemora el 27 de marzo de 1945, d\u00eda en el que el h\u00e9roe de la independencia, el general Aung San, padre de Aung San Suu Kyi, encabez\u00f3 un levantamiento contra las fuerzas de ocupaci\u00f3n japonesas.<\/p>\n<div class=\"image\" id=\"image\" readability=\"7\"> <img src=\"http:\/\/nuevacordoba.net\/wp-content\/uploads\/2021\/03\/mas-de-100-muertos-en-myanmar-en-el-dia-mas-letal-de-protestas-contra-el-golpe-de-estado-1.jpg\" alt=\"Protestas contra el golpe de Estado\" title=\"Protestas contra el golpe de Estado\"><\/p>\n<p>Protestas contra el golpe de Estado<\/p>\n<\/div>\n<p>Durante el desfile, el l\u00edder de la junta, el general Min Aung Hlaing volvi\u00f3 a defender el golpe debido al presunto fraude en las elecciones de noviembre, en las que venci\u00f3 el partido de Aung San Suu Kyi, Liga Nacional para la Democracia (LND), y prometi\u00f3 ceder el poder tras unas nuevas elecciones.<\/p>\n<p>Desde el derrocamiento, muchos diputados de esa formaci\u00f3n viven en la clandestinidad y formaron un parlamento paralelo, mientras que la l\u00edder de la formaci\u00f3n y premio Nobel de la Paz est\u00e1 detenida e incomunicada.<\/p>\n<p>A pesar de la exhibici\u00f3n de fuerza que hicieron los militares, <strong>los manifestantes salieron de forma masiva a las calles <\/strong>y a media jornada la violencia ya hab\u00eda estallado en todo el pa\u00eds.<\/p>\n<p>En Yang\u00f3n columnas de humo se elevaban sobre la antigua capital del pa\u00eds, que se convirti\u00f3 en foco de disturbios en las \u00faltimas semanas.<\/p>\n<blockquote readability=\"7\">\n<p>A pesar de la exhibici\u00f3n de fuerza que hicieron los militares, los manifestantes salieron de forma masiva a las calles y a media jornada la violencia ya hab\u00eda estallado en todo el pa\u00eds<span class=\"comilla\">\u201d<\/span><\/p>\n<\/blockquote>\n<p><strong>Una concentraci\u00f3n nocturna frente a una comisar\u00eda en el sur de la ciudad termin\u00f3 con la muerte de al menos seis personas.<\/strong><\/p>\n<p>En la regi\u00f3n central de Mandalay, se registraron al menos nueve muertos en las \u00faltimas horas. Un m\u00e9dico de la ciudad de Wundwin confirm\u00f3 la muerte de dos manifestantes.<\/p>\n<p>Una manifestaci\u00f3n all\u00ed tambi\u00e9n se convirti\u00f3 en un caos cuando los soldados empezaron a disparar. Al menos uno de los manifestantes muri\u00f3, un agente de polic\u00eda de 21 a\u00f1os, Chit Lin Thu, que se hab\u00eda unido al movimiento contra el golpe.<\/p>\n<p>\u00abEstoy muy triste por \u00e9l, pero al mismo tiempo estoy orgulloso de mi hijo\u00bb, afirm\u00f3 a AFP Joseph, su padre.<\/p>\n<p>En el estado de Shan, al norte, la polic\u00eda y el ej\u00e9rcito abrieron fuego contra una concentraci\u00f3n de estudiantes universitarios, dijeron testigos.<\/p>\n<div class=\"image\" id=\"image\" readability=\"7\"> <img src=\"http:\/\/nuevacordoba.net\/wp-content\/uploads\/2021\/03\/mas-de-100-muertos-en-myanmar-en-el-dia-mas-letal-de-protestas-contra-el-golpe-de-estado-2.jpg\" alt=\"Protestas contra el golpe de Estado\" title=\"Protestas contra el golpe de Estado\"><\/p>\n<p>Protestas contra el golpe de Estado<\/p>\n<\/div>\n<p><strong>Estas muertes provocaron una nueva condena de la Uni\u00f3n Europea, Estados Unidos y el Reino Unido.<\/strong><\/p>\n<p>\u00abEste 76\u00ba D\u00eda de las Fuerzas Armadas se recordar\u00e1 como una jornada de terror y de deshonor\u00bb, dijo la embajada de la Uni\u00f3n Europea en Yang\u00f3n. La embajada de Estados Unidos as\u00ed como el representante de Reino Unido tambi\u00e9n condenaron la violencia.<\/p>\n<p>\u00abLas fuerzas de seguridad est\u00e1n matando civiles desarmados, ni\u00f1os, la gente a la que juraron proteger\u00bb, lament\u00f3 un comunicado de la sede diplom\u00e1tica estadounidense publicado en Facebook.<\/p>\n<p>La brutalidad de la represi\u00f3n provoc\u00f3 desde hace semanas condenas internacionales y sanciones contra militares poderosos, pero la presi\u00f3n diplom\u00e1tica tuvo un escaso efecto hasta el momento. <\/p>\n","protected":false},"excerpt":{"rendered":"<p>Protestas contra el golpe de Estado M\u00e1s de un centenar de personas murieron en m\u00e1s de 40 localidades de Myanmar, en la jornada m\u00e1s letal y masiva de protestas contra el golpe de Estado y en la que el Ej\u00e9rcito hizo una exhibici\u00f3n de su poder al celebrarse all\u00ed el d\u00eda de las Fuerzas Armadas. [&hellip;]<\/p>\n","protected":false},"author":1,"featured_media":2522,"comment_status":"closed","ping_status":"closed","sticky":false,"template":"","format":"standard","meta":[],"categories":[13],"tags":[],"_links":{"self":[{"href":"http:\/\/nuevacordoba.net\/index.php\/wp-json\/wp\/v2\/posts\/2521"}],"collection":[{"href":"http:\/\/nuevacordoba.net\/index.php\/wp-json\/wp\/v2\/posts"}],"about":[{"href":"http:\/\/nuevacordoba.net\/index.php\/wp-json\/wp\/v2\/types\/post"}],"author":[{"embeddable":true,"href":"http:\/\/nuevacordoba.net\/index.php\/wp-json\/wp\/v2\/users\/1"}],"replies":[{"embeddable":true,"href":"http:\/\/nuevacordoba.net\/index.php\/wp-json\/wp\/v2\/comments?post=2521"}],"version-history":[{"count":0,"href":"http:\/\/nuevacordoba.net\/index.php\/wp-json\/wp\/v2\/posts\/2521\/revisions"}],"wp:featuredmedia":[{"embeddable":true,"href":"http:\/\/nuevacordoba.net\/index.php\/wp-json\/wp\/v2\/media\/2522"}],"wp:attachment":[{"href":"http:\/\/nuevacordoba.net\/index.php\/wp-json\/wp\/v2\/media?parent=2521"}],"wp:term":[{"taxonomy":"category","embeddable":true,"href":"http:\/\/nuevacordoba.net\/index.php\/wp-json\/wp\/v2\/categories?post=2521"},{"taxonomy":"post_tag","embeddable":true,"href":"http:\/\/nuevacordoba.net\/index.php\/wp-json\/wp\/v2\/tags?post=2521"}],"curies":[{"name":"wp","href":"https:\/\/api.w.org\/{rel}","templated":true}]}}