{"id":2539,"date":"2021-03-26T14:43:11","date_gmt":"2021-03-26T14:43:11","guid":{"rendered":"https:\/\/puntoapunto.com.ar\/?p=275246"},"modified":"2021-03-26T14:43:11","modified_gmt":"2021-03-26T14:43:11","slug":"las-ventas-en-los-supermercados-subieron-38-y-los-mayoristas-8-en-enero","status":"publish","type":"post","link":"http:\/\/nuevacordoba.net\/index.php\/2021\/03\/26\/las-ventas-en-los-supermercados-subieron-38-y-los-mayoristas-8-en-enero\/","title":{"rendered":"Las ventas en los supermercados subieron 3,8% y los mayoristas 8% en enero"},"content":{"rendered":"<p><!-- image --><\/p>\n<div class=\"td-post-featured-image\"><a href=\"http:\/\/nuevacordoba.net\/wp-content\/uploads\/2021\/03\/las-ventas-en-los-supermercados-subieron-38-y-los-mayoristas-8-en-enero-4.jpg\" data-caption><img loading=\"lazy\" width=\"696\" height=\"464\" class=\"entry-thumb td-modal-image\" src=\"http:\/\/nuevacordoba.net\/wp-content\/uploads\/2021\/03\/las-ventas-en-los-supermercados-subieron-38-y-los-mayoristas-8-en-enero.jpg\" srcset=\"http:\/\/nuevacordoba.net\/wp-content\/uploads\/2021\/03\/las-ventas-en-los-supermercados-subieron-38-y-los-mayoristas-8-en-enero.jpg 696w, http:\/\/nuevacordoba.net\/wp-content\/uploads\/2021\/03\/las-ventas-en-los-supermercados-subieron-38-y-los-mayoristas-8-en-enero-1.jpg 300w, http:\/\/nuevacordoba.net\/wp-content\/uploads\/2021\/03\/las-ventas-en-los-supermercados-subieron-38-y-los-mayoristas-8-en-enero-2.jpg 768w, http:\/\/nuevacordoba.net\/wp-content\/uploads\/2021\/03\/las-ventas-en-los-supermercados-subieron-38-y-los-mayoristas-8-en-enero-3.jpg 630w, http:\/\/nuevacordoba.net\/wp-content\/uploads\/2021\/03\/las-ventas-en-los-supermercados-subieron-38-y-los-mayoristas-8-en-enero-4.jpg 999w\" sizes=\"(max-width: 696px) 100vw, 696px\" alt title=\"supermercados-1\"><\/a><\/div>\n<p> <!-- content --><\/p>\n<div class=\"td-a-rec td-a-rec-id-content_top tdi_66_113 td_block_template_10\">\n<div class=\"g g-34\">\n<div class=\"g-single a-299\"><a class=\"gofollow\" data-track=\"Mjk5LDM0LDEsNjA=\" href=\"http:\/\/www.grupocanter.com.ar\/landing\/blanqueo\/pap\/?utm_source=Punto%20a%20Punto&amp;utm_medium=Banners&amp;utm_campaign=Blanqueo&amp;utm_term=950x187\"><img src=\"http:\/\/nuevacordoba.net\/wp-content\/uploads\/2021\/03\/las-ventas-en-los-supermercados-subieron-38-y-los-mayoristas-8-en-enero.gif\"><\/a><\/div>\n<\/div>\n<\/div>\n<p>Seg\u00fan dio a conocer el Instituto Nacional de Estad\u00edstica y Censos (<strong>Indec<\/strong>),&nbsp;<strong>las ventas en los&nbsp;supermercados&nbsp;registraron en enero una suba de 3,8% en relaci\u00f3n a igual per\u00edodo del a\u00f1o pasado, mientras que en los autoservicios mayoristas crecieron 8% interanual.<\/strong><\/p>\n<p>A su vez, las ventas a precios corrientes relevadas en la&nbsp;<a href=\"https:\/\/www.indec.gob.ar\/uploads\/informesdeprensa\/super_03_21FF02444A7E.pdf\" target=\"_blank\" rel=\"noopener noreferrer\"><strong>Encuesta de Supermercados<\/strong><\/a>&nbsp;<strong>sumaron un total de $97.958 millones en enero<\/strong>, lo que signific\u00f3 un aumento de 3,8% respecto al mismo mes del a\u00f1o anterior. En los supermercados,&nbsp;<strong>las ventas a precios corrientes ascendieron a $97.958 millones, con una suba de 39,5% respecto al mismo mes del a\u00f1o anterior<\/strong>. Los grupos de art\u00edculos con los aumentos m\u00e1s significativos respecto al mismo mes del a\u00f1o anterior son: electr\u00f3nicos y art\u00edculos para el hogar (70%), carnes (53%), verduler\u00eda y fruter\u00eda (51,8%) y bebidas (48,7%).<\/p>\n<p>\u201cEn enero de 2021, las ventas totales a precios corrientes en el sal\u00f3n de ventas ascendieron a $94.474.666, lo que representa un 96,4% de las ventas totales y muestra un aumento del 36,6% respecto a enero de 2020. Por su parte, las ventas totales a precios corrientes por el canal online sumaron 3.483.038 miles de pesos, lo que representa un 3,6% de las ventas totales y tuvo una variaci\u00f3n positiva de 234,6% respecto al mismo mes del a\u00f1o anterior\u201d, detall\u00f3 el informe.<\/p>\n<h4><strong>Cap\u00edtulo mayoristas&nbsp;<\/strong><\/h4>\n<p><strong>El informe del Indec detall\u00f3 que las ventas a precios corrientes en la Encuesta de Autoservicios&nbsp;Mayoristas&nbsp;sumaron un total de $4.032 millones en enero<\/strong>, lo que representa un incremento de 8% respecto al mismo mes del a\u00f1o anterior; en tanto que a precios constantes sumaron un total de $15.610 millones, con una mejora de 36,3%.<\/p>\n<div id=\"lx_655811\" class=\"__lxG__multi __lxG__multi_lx_655811 __lxG__ribboned __lxG__size_fixed __lxG__not_empty_block\" data-cnt=\"2\" data-width=\"300\" data-height=\"250\" readability=\"11\">\n<div class=\"__lxG__ribboned__title\" readability=\"17\">\n<p>En tanto, los grupos de art\u00edculos con los aumentos interanuales m\u00e1s significativos fueron los pertenecientes a la categor\u00eda indumentaria, calzado y textiles para el hogar (155,2%), electr\u00f3nicos y art\u00edculos para el hogar (98,1%), otros (60,1) y bebidas (48,9%).<\/p>\n<\/div>\n<\/div>\n<p>No tags for this post. <!-- A generated by theme --> <!-- end A --> <\/p>\n","protected":false},"excerpt":{"rendered":"<p>Seg\u00fan dio a conocer el Instituto Nacional de Estad\u00edstica y Censos (Indec),&nbsp;las ventas en los&nbsp;supermercados&nbsp;registraron en enero una suba de 3,8% en relaci\u00f3n a igual per\u00edodo del a\u00f1o pasado, mientras que en los autoservicios mayoristas crecieron 8% interanual. A su vez, las ventas a precios corrientes relevadas en la&nbsp;Encuesta de Supermercados&nbsp;sumaron un total de $97.958 [&hellip;]<\/p>\n","protected":false},"author":1,"featured_media":2540,"comment_status":"open","ping_status":"closed","sticky":false,"template":"","format":"standard","meta":[],"categories":[14],"tags":[],"_links":{"self":[{"href":"http:\/\/nuevacordoba.net\/index.php\/wp-json\/wp\/v2\/posts\/2539"}],"collection":[{"href":"http:\/\/nuevacordoba.net\/index.php\/wp-json\/wp\/v2\/posts"}],"about":[{"href":"http:\/\/nuevacordoba.net\/index.php\/wp-json\/wp\/v2\/types\/post"}],"author":[{"embeddable":true,"href":"http:\/\/nuevacordoba.net\/index.php\/wp-json\/wp\/v2\/users\/1"}],"replies":[{"embeddable":true,"href":"http:\/\/nuevacordoba.net\/index.php\/wp-json\/wp\/v2\/comments?post=2539"}],"version-history":[{"count":0,"href":"http:\/\/nuevacordoba.net\/index.php\/wp-json\/wp\/v2\/posts\/2539\/revisions"}],"wp:featuredmedia":[{"embeddable":true,"href":"http:\/\/nuevacordoba.net\/index.php\/wp-json\/wp\/v2\/media\/2540"}],"wp:attachment":[{"href":"http:\/\/nuevacordoba.net\/index.php\/wp-json\/wp\/v2\/media?parent=2539"}],"wp:term":[{"taxonomy":"category","embeddable":true,"href":"http:\/\/nuevacordoba.net\/index.php\/wp-json\/wp\/v2\/categories?post=2539"},{"taxonomy":"post_tag","embeddable":true,"href":"http:\/\/nuevacordoba.net\/index.php\/wp-json\/wp\/v2\/tags?post=2539"}],"curies":[{"name":"wp","href":"https:\/\/api.w.org\/{rel}","templated":true}]}}