{"id":2575,"date":"2021-03-28T20:47:16","date_gmt":"2021-03-28T20:47:16","guid":{"rendered":"http:\/\/nuevacordoba.net\/index.php\/2021\/03\/28\/bajo-palabra-schiaretti-con-gill-en-villa-maria\/"},"modified":"2021-03-28T20:47:16","modified_gmt":"2021-03-28T20:47:16","slug":"bajo-palabra-schiaretti-con-gill-en-villa-maria","status":"publish","type":"post","link":"http:\/\/nuevacordoba.net\/index.php\/2021\/03\/28\/bajo-palabra-schiaretti-con-gill-en-villa-maria\/","title":{"rendered":"Bajo palabra: Schiaretti con Gill en Villa Mar\u00eda"},"content":{"rendered":"<div><img src=\"http:\/\/nuevacordoba.net\/wp-content\/uploads\/2021\/03\/bajo-palabra-schiaretti-con-gill-en-villa-maria.jpg\" class=\"ff-og-image-inserted\"><\/div>\n<p>En una de sus pocas salidas al interior, el gobernador Juan Schiaretti visit\u00f3 Villa Mar\u00eda para inaugurar un monumento al primer gobernador constitucional Juan Bautista Bustos.<\/p>\n<p>El mandatario provincial fue recibido por el intendente interino Pablo Rosso, y por Mart\u00edn Gill, intendente en uso de licencia y secretario de Obras P\u00fablicas de la Naci\u00f3n. En el acto, tambi\u00e9n estuvo la exintendenta Nora Bedano.<\/p>\n<p>En el lugar, el gobernador y Gill se cruzaron elogios. El funcionario nacional villamariense es el \u00fanico albertista con di\u00e1logo con el mandatario provincial. La posici\u00f3n de Gill, enrolado en el Frente de Todos, contrasta con la del senador Carlos Caserio, quien en un acto en la ciudad de C\u00f3rdoba volvi\u00f3 a criticar a Schiaretti por su postura distante del Gobierno nacional.<\/p>\n<p>\u201cDurante la pandemia, el Presidente le envi\u00f3 al Gobierno de C\u00f3rdoba m\u00e1s recursos que (Mauricio) Macri en sus cuatro a\u00f1os de gesti\u00f3n. Sin embargo, el gobernador acompa\u00f1a al Gobierno nacional peronista cuando quiere\u201d, cuestion\u00f3 Caserio, quien aspira a renovar su banca.<\/p>\n<div class=\"block-ad-node\">\n<div>\n<p> <span>Publicidad<\/span> <\/p>\n<\/div>\n<\/div>\n<p><span class=\"TextoDestacado\">Todo indica que no habr\u00e1 acuerdo entre Schiaretti y el Frente de Todos.<\/span><\/p>\n<p>En este contexto, lo m\u00e1s probable es que se profundicen las diferencias en el PJ cordob\u00e9s. Gill est\u00e1 en una posici\u00f3n inc\u00f3moda. Es funcionario nacional y debe apoyar a los candidatos del Frente de Todos, pero necesita del respaldo de Accastello, funcionario de Schiaretti, para prolongar su licencia como intendente de Villa Mar\u00eda.<\/p>\n<p class=\"SubTitulo\"><strong> Carasso ya se ve como un dirigente provincial<\/strong><\/p>\n<p>Luego de la convulsionada interna, Marcos Carasso fue proclamado como presidente del radicalismo provincial. El intendente de General Cabrera ya piensa como un dirigente provincial y cree que su futuro pol\u00edtico, despu\u00e9s de 2023, estar\u00e1 fuera de la ciudad que hoy administra.<\/p>\n<p>En este contexto, en General Cabrera se comenta con insistencia que Carasso promover\u00e1 a su esposa, la m\u00e9dica pediatra Julieta Rosso, como su sucesora en el sill\u00f3n principal del municipio.<\/p>\n<div class=\"block-ad-node\">\n<div>\n<p> <span>Publicidad<\/span> <\/p>\n<\/div>\n<\/div>\n<p>Rosso es titular del COE local, por lo cual alcanz\u00f3 cierto protagonismo en estos tiempos de pandemia.<\/p>\n<p>De todos modos, no le ser\u00e1 f\u00e1cil a Carasso imponer a su esposa, ya que hay otros dirigentes radicales locales que aspiran a sucederlo. Uno de ellos es el empresario Guillermo Cavigliasso, presidente del Concejo Deliberante.<\/p>\n<p class=\"SubTitulo\"><strong> \u201cChe, \u00bfqu\u00e9 pasa con el chico Guzm\u00e1n?\u201d <\/strong><\/p>\n<div class=\"block-ad-node\">\n<div>\n<p> <span>Publicidad<\/span> <\/p>\n<\/div>\n<\/div>\n<p>En las reuniones de Junta Directiva de la Uni\u00f3n Industrial Argentina hay m\u00e1s rosca que en una f\u00e1brica de tuercas. Por Zoom, como se vienen resolviendo, alguien tir\u00f3: \u201cChe, ahora dicen que se va Guzm\u00e1n, el chico Guzm\u00e1n. \u00bfAlguien sabe algo?\u201d.<\/p>\n<p>La afirmaci\u00f3n del hombre de negocios no respond\u00eda m\u00e1s que a un trascendido de pasillo despu\u00e9s de que la exministra de Justicia Marcela Losardo presentara su renuncia tras ser esmerilada por la vicepresidenta Cristina Fern\u00e1ndez.<\/p>\n<blockquote readability=\"7\">\n<p>\u201cMart\u00edn se va con Alberto, en 2023\u201d, dicen en Econom\u00eda.<\/p>\n<\/blockquote>\n<p>Pero los industriales temen que Cristina vaya por el cargo, dado que consideran a Guzm\u00e1n como un moderado que est\u00e1 intentando equilibrar el desbarajuste macroecon\u00f3mico. La vicepresidenta apoya al funcionario y habla muy seguido con \u00e9l.<\/p>\n<p>Lo que quiz\u00e1 los industriales no sepan es que con quien ella no est\u00e1 tan conforme es con el ministro de Desarrollo Productivo, Mat\u00edas Kulfas, a quien cuestiona en privado por su tibieza para pedirles a los mismos industriales que apuren la sustituci\u00f3n de importaciones.<\/p>\n<p class=\"SubTitulo\"><strong>La juventud de Ricardo Moreno <\/strong><\/p>\n<p>El abogado y funcionario del Centro C\u00edvico Ricardo Moreno lanz\u00f3 la semana pasada la \u201cjuventud sindical peronista\u201d, una rama de las 62 Organizaciones Peronistas, entidad que cre\u00f3 junto al secretario general del sindicato de la limpieza, Sergio Fittipaldi.<\/p>\n<p>El nuevo dirigente que agrupar\u00e1 a los j\u00f3venes sindicalistas ser\u00e1 Nahuel D\u00edaz, de la Asociaci\u00f3n Libre de Empleados de Correos y Telecomunicaciones (Alecyt).<\/p>\n<p>El nuevo \u201cpollo\u201d de Moreno ser\u00e1 el conductor del espacio y se encargar\u00e1 de motorizar la imagen del abogado, quien no oculta sus ganas de ser candidato en la lista de diputados de Hacemos por C\u00f3rdoba en las pr\u00f3ximas elecciones.<\/p>\n<p>En los \u00faltimos meses, Moreno \u201cilumin\u00f3\u201d una esquina de Nueva C\u00f3rdoba con un gran local partidario de la agrupaci\u00f3n gremial, luego reuni\u00f3 a las sindicalistas de su organizaci\u00f3n el pasado 8 de marzo y ahora present\u00f3 a su juventud.<\/p>\n<p>El dirigente peronista ya encendi\u00f3 los motores de campa\u00f1a, pero sin autoproclamarse.<\/p>\n<div class=\"ctaNewsNotaContainer\" readability=\"6.5\">\n<div class=\"newsletterTextContainer\" readability=\"33\">\n<p> S\u00cdNTESIS POL\u00cdTICA<\/p>\n<p> Informaci\u00f3n exclusiva y el mejor an\u00e1lisis, los lunes en tu correo.<\/p>\n<form method=\"post\" action-xhr=\"https:\/\/www.lavoz.com.ar\/newsletters\/sintesis-politica\/signup\" id=\"newsletter-signup\" class=\"newsletterForm\" target=\"_blank\" custom-validation-reporting=\"as-you-go\" on=\"submit:AMP.setState({formLoading:true});submit-success:AMP.setState({formSuccess:true})\">\n<div submit-success class=\"is-paddingless-l\" readability=\"6\"> <template type=\"amp-mustache\" readability=\"2\"><\/p>\n<p> <strong>\u00a1Gracias por suscribirte!<\/strong><\/p>\n<p> <\/template><\/div>\n<div submit-error class=\"is-paddingless-l\" readability=\"6.5\"> <template type=\"amp-mustache\" readability=\"3\"><\/p>\n<p> <strong>Ha ocurrido un error, por favor intente nuevamente m\u00e1s tarde.<\/strong><\/p>\n<p> <\/template><\/div>\n<\/form>\n<\/div>\n<\/div>\n<div>\n<p> <span>Publicidad<\/span> <\/p>\n<\/div>\n","protected":false},"excerpt":{"rendered":"<p>En una de sus pocas salidas al interior, el gobernador Juan Schiaretti visit\u00f3 Villa Mar\u00eda para inaugurar un monumento al primer gobernador constitucional Juan Bautista Bustos. El mandatario provincial fue recibido por el intendente interino Pablo Rosso, y por Mart\u00edn Gill, intendente en uso de licencia y secretario de Obras P\u00fablicas de la Naci\u00f3n. En [&hellip;]<\/p>\n","protected":false},"author":1,"featured_media":2576,"comment_status":"closed","ping_status":"closed","sticky":false,"template":"","format":"standard","meta":[],"categories":[12],"tags":[],"_links":{"self":[{"href":"http:\/\/nuevacordoba.net\/index.php\/wp-json\/wp\/v2\/posts\/2575"}],"collection":[{"href":"http:\/\/nuevacordoba.net\/index.php\/wp-json\/wp\/v2\/posts"}],"about":[{"href":"http:\/\/nuevacordoba.net\/index.php\/wp-json\/wp\/v2\/types\/post"}],"author":[{"embeddable":true,"href":"http:\/\/nuevacordoba.net\/index.php\/wp-json\/wp\/v2\/users\/1"}],"replies":[{"embeddable":true,"href":"http:\/\/nuevacordoba.net\/index.php\/wp-json\/wp\/v2\/comments?post=2575"}],"version-history":[{"count":0,"href":"http:\/\/nuevacordoba.net\/index.php\/wp-json\/wp\/v2\/posts\/2575\/revisions"}],"wp:featuredmedia":[{"embeddable":true,"href":"http:\/\/nuevacordoba.net\/index.php\/wp-json\/wp\/v2\/media\/2576"}],"wp:attachment":[{"href":"http:\/\/nuevacordoba.net\/index.php\/wp-json\/wp\/v2\/media?parent=2575"}],"wp:term":[{"taxonomy":"category","embeddable":true,"href":"http:\/\/nuevacordoba.net\/index.php\/wp-json\/wp\/v2\/categories?post=2575"},{"taxonomy":"post_tag","embeddable":true,"href":"http:\/\/nuevacordoba.net\/index.php\/wp-json\/wp\/v2\/tags?post=2575"}],"curies":[{"name":"wp","href":"https:\/\/api.w.org\/{rel}","templated":true}]}}