{"id":2591,"date":"2021-03-29T15:33:57","date_gmt":"2021-03-29T15:33:57","guid":{"rendered":"https:\/\/puntoapunto.com.ar\/?p=275314"},"modified":"2021-03-29T15:33:57","modified_gmt":"2021-03-29T15:33:57","slug":"la-feria-internacional-de-artesanias-convoco-a-mas-de-5000-visitantes-el-fin-de-semana","status":"publish","type":"post","link":"http:\/\/nuevacordoba.net\/index.php\/2021\/03\/29\/la-feria-internacional-de-artesanias-convoco-a-mas-de-5000-visitantes-el-fin-de-semana\/","title":{"rendered":"La Feria Internacional de Artesan\u00edas convoc\u00f3 a m\u00e1s de 5000 visitantes el fin de semana"},"content":{"rendered":"<p><!-- image --><\/p>\n<div class=\"td-post-featured-image\"><a href=\"http:\/\/nuevacordoba.net\/wp-content\/uploads\/2021\/03\/la-feria-internacional-de-artesanias-convoco-a-mas-de-5000-visitantes-el-fin-de-semana-5.jpg\" data-caption><img loading=\"lazy\" width=\"696\" height=\"421\" class=\"entry-thumb td-modal-image\" src=\"http:\/\/nuevacordoba.net\/wp-content\/uploads\/2021\/03\/la-feria-internacional-de-artesanias-convoco-a-mas-de-5000-visitantes-el-fin-de-semana.jpg\" srcset=\"http:\/\/nuevacordoba.net\/wp-content\/uploads\/2021\/03\/la-feria-internacional-de-artesanias-convoco-a-mas-de-5000-visitantes-el-fin-de-semana.jpg 696w, http:\/\/nuevacordoba.net\/wp-content\/uploads\/2021\/03\/la-feria-internacional-de-artesanias-convoco-a-mas-de-5000-visitantes-el-fin-de-semana-1.jpg 300w, http:\/\/nuevacordoba.net\/wp-content\/uploads\/2021\/03\/la-feria-internacional-de-artesanias-convoco-a-mas-de-5000-visitantes-el-fin-de-semana-2.jpg 768w, http:\/\/nuevacordoba.net\/wp-content\/uploads\/2021\/03\/la-feria-internacional-de-artesanias-convoco-a-mas-de-5000-visitantes-el-fin-de-semana-3.jpg 150w, http:\/\/nuevacordoba.net\/wp-content\/uploads\/2021\/03\/la-feria-internacional-de-artesanias-convoco-a-mas-de-5000-visitantes-el-fin-de-semana-4.jpg 694w, http:\/\/nuevacordoba.net\/wp-content\/uploads\/2021\/03\/la-feria-internacional-de-artesanias-convoco-a-mas-de-5000-visitantes-el-fin-de-semana-5.jpg 800w\" sizes=\"(max-width: 696px) 100vw, 696px\" alt title=\"feria2\"><\/a><\/div>\n<p> <!-- content --><\/p>\n<div class=\"td-a-rec td-a-rec-id-content_top tdi_66_247 td_block_template_10\">\n<div class=\"g g-34\">\n<div class=\"g-single a-299\"><a class=\"gofollow\" data-track=\"Mjk5LDM0LDEsNjA=\" href=\"http:\/\/www.grupocanter.com.ar\/landing\/blanqueo\/pap\/?utm_source=Punto%20a%20Punto&amp;utm_medium=Banners&amp;utm_campaign=Blanqueo&amp;utm_term=950x187\"><img src=\"http:\/\/nuevacordoba.net\/wp-content\/uploads\/2021\/03\/la-feria-internacional-de-artesanias-convoco-a-mas-de-5000-visitantes-el-fin-de-semana.gif\"><\/a><\/div>\n<\/div>\n<\/div>\n<p>La 38\u00b0 edici\u00f3n de la Feria Internacional de Artesan\u00edas de C\u00f3rdoba, la primera feria \u201cpresencial\u201d de la provincia y el pa\u00eds desde que se decret\u00f3 la pandemia, convoc\u00f3 a m\u00e1s de cinco mil visitantes desde su apertura el viernes pasado 26 de marzo hasta este domingo, quienes recorrieron el tradicional paseo con total tranquilidad y respeto de todos los protocolos exigidos de prevenci\u00f3n de Covid-19.<\/p>\n<p>\u201cEstamos gratamente sorprendidos de la respuesta del p\u00fablico qui\u00e9n acept\u00f3 nuestro desaf\u00edo de reabrir las puertas de esta feria en este contexto y confi\u00f3 en nosotros y en nuestro trabajo para velar por la seguridad de todos y permitir que puedan disfrutar de este encuentro que le hace tan bien, tanto a nuestros artesanos como a los visitantes\u201d, expres\u00f3 Ernesto Halac, director de Modus, empresa organizadora del evento.<\/p>\n<p>\u201cEstamos felices de volver a tener contacto con la gente y mostrar nuestros trabajos despu\u00e9s de m\u00e1s de un a\u00f1o de pandemia\u201d, expres\u00f3 Victor Nicodella, uno de los artesanos m\u00e1s prestigiosos de la feria.<\/p>\n<p>\u201cNos encant\u00f3 venir a la feria y volver a recorrer los stands y entablar el v\u00ednculo cara a cara con los artesanos. Nos impact\u00f3 la variedad y calidad de las artesan\u00edas, as\u00ed como tambi\u00e9n lo lindo que est\u00e1 el predio\u201d, asegur\u00f3 Laura, una de las visitantes.<\/p>\n<p>Entre los protocolos de la feria, se destacan la toma de temperatura al ingreso, uso obligatorio de barbijo, sanitizaci\u00f3n de manos y distanciamiento social. Adem\u00e1s el predio cuenta con ventilaci\u00f3n cruzada y pasillos de m\u00e1s de tres metros de ancho para poder circular con tranquilidad y seguridad.<\/p>\n<p>Vale destacar que el evento, que se extender\u00e1 hasta el pr\u00f3ximo domingo 4 de abril y se lleva a cabo por primera vez en el Complejo Forja, re\u00fane a m\u00e1s de 600 &nbsp;expositores, entre los cuales se destacan los mejores artesanos del pa\u00eds y los nuevos talentos que se suman en esta ocasi\u00f3n con creaciones y tendencias in\u00e9ditas valoradas por su calidad y dise\u00f1o.<\/p>\n<h5><strong>Novedades<\/strong><\/h5>\n<p>Asimismo, el paseo incluye los productos innovadores que se muestran en el espacio urbano y la amplia propuesta del sector comercial que contempla alimentos regionales;&nbsp; objetos de decoraci\u00f3n, souvenirs, indumentaria, accesorios, mobiliario, tecnolog\u00eda, juguetes y tendencias, entre un sinf\u00edn de opciones.<\/p>\n<p>Entre las novedades que se pueden apreciar en esta nueva edici\u00f3n; se destacan nuevas islas para artesanos quienes cuentan con m\u00e1s espacio y visibilizaci\u00f3n para sus creaciones y comodidad para el visitante; un sector a cargo del Ministerio de Cultura del Gobierno de la Provincia de C\u00f3rdoba con las mejores obras regionales, la mayor\u00eda de ellas con varios premios, un stand destinado al emprendedorismo local y m\u00e1s de siete foodtrucks con alternativas gastron\u00f3micas para todos los gustos.<\/p>\n<p>La tradicional feria que hasta la \u00faltima edici\u00f3n se desarrollaba en el Complejo Ferial C\u00f3rdoba debi\u00f3 cambiar la sede porque dicho establecimiento actualmente funciona como polo sanitario y centro de vacunaci\u00f3n de Covid-19.<\/p>\n<p>Como siempre, en este paseo, el p\u00fablico podr\u00e1 adquirir objetos valiosos, aut\u00e9nticos y con la impronta art\u00edstica de los mejores artesanos del territorio argentino, siendo cada artesan\u00eda una interpretaci\u00f3n individual o grupal del patrimonio cultural de quien las produce. Hay trabajos realizados con todas las t\u00e9cnicas a las que tiene acostumbrado este circuito, como talabarter\u00eda, cester\u00eda; cer\u00e1mica, vitrofusi\u00f3n, metal, papel mach\u00e9, piedra, cuero, tela, tejido, cuerda, crochet, pieles, hierro forjado, asta y hueso, madera y mosaico, entre otros.<\/p>\n<p>Por su parte, el espacio urbano re\u00fane productos novedosos e innovadores en cuanto a dise\u00f1o y originalidad, como indumentaria; objetos de decoraci\u00f3n, accesorios, curiosidades y mobiliario, entre otros; mientras que el tradicional sector comercial tienta a los presentes con oportunidades gastron\u00f3micas regionales, tendencias, ropa y juguetes, entre otros.<\/p>\n<h4><strong>Fecha, horario y precios<\/strong><\/h4>\n<p>El predio estar\u00e1 abierto al p\u00fablico de 15 a 22 horas; con excepci\u00f3n del viernes santo cuyo horario se extender\u00e1 desde las 13 hasta las 22 horas. El valor de la entrada general es de $200 y los estudiantes y jubilados tienen un precio especial de $150 (lunes 28, martes 29, mi\u00e9rcoles 30). Menores de 8 a\u00f1os ingresan gratis.<\/p>\n<p>Las entradas a la feria as\u00ed como una gran mayor\u00eda de las artesan\u00edas y productos podr\u00e1n abonarse con tarjeta de cr\u00e9dito y d\u00e9bito.<\/p>\n<p>No tags for this post. <!-- A generated by theme --> <!-- end A --> <\/p>\n","protected":false},"excerpt":{"rendered":"<p>La 38\u00b0 edici\u00f3n de la Feria Internacional de Artesan\u00edas de C\u00f3rdoba, la primera feria \u201cpresencial\u201d de la provincia y el pa\u00eds desde que se decret\u00f3 la pandemia, convoc\u00f3 a m\u00e1s de cinco mil visitantes desde su apertura el viernes pasado 26 de marzo hasta este domingo, quienes recorrieron el tradicional paseo con total tranquilidad y [&hellip;]<\/p>\n","protected":false},"author":1,"featured_media":2592,"comment_status":"open","ping_status":"closed","sticky":false,"template":"","format":"standard","meta":[],"categories":[14],"tags":[],"_links":{"self":[{"href":"http:\/\/nuevacordoba.net\/index.php\/wp-json\/wp\/v2\/posts\/2591"}],"collection":[{"href":"http:\/\/nuevacordoba.net\/index.php\/wp-json\/wp\/v2\/posts"}],"about":[{"href":"http:\/\/nuevacordoba.net\/index.php\/wp-json\/wp\/v2\/types\/post"}],"author":[{"embeddable":true,"href":"http:\/\/nuevacordoba.net\/index.php\/wp-json\/wp\/v2\/users\/1"}],"replies":[{"embeddable":true,"href":"http:\/\/nuevacordoba.net\/index.php\/wp-json\/wp\/v2\/comments?post=2591"}],"version-history":[{"count":0,"href":"http:\/\/nuevacordoba.net\/index.php\/wp-json\/wp\/v2\/posts\/2591\/revisions"}],"wp:featuredmedia":[{"embeddable":true,"href":"http:\/\/nuevacordoba.net\/index.php\/wp-json\/wp\/v2\/media\/2592"}],"wp:attachment":[{"href":"http:\/\/nuevacordoba.net\/index.php\/wp-json\/wp\/v2\/media?parent=2591"}],"wp:term":[{"taxonomy":"category","embeddable":true,"href":"http:\/\/nuevacordoba.net\/index.php\/wp-json\/wp\/v2\/categories?post=2591"},{"taxonomy":"post_tag","embeddable":true,"href":"http:\/\/nuevacordoba.net\/index.php\/wp-json\/wp\/v2\/tags?post=2591"}],"curies":[{"name":"wp","href":"https:\/\/api.w.org\/{rel}","templated":true}]}}