{"id":2597,"date":"2021-03-29T22:20:10","date_gmt":"2021-03-29T22:20:10","guid":{"rendered":"http:\/\/nuevacordoba.net\/index.php\/2021\/03\/29\/montiel-y-angileri-se-ponen-a-punto-para-volver-ante-arsenal\/"},"modified":"2021-03-29T22:20:10","modified_gmt":"2021-03-29T22:20:10","slug":"montiel-y-angileri-se-ponen-a-punto-para-volver-ante-arsenal","status":"publish","type":"post","link":"http:\/\/nuevacordoba.net\/index.php\/2021\/03\/29\/montiel-y-angileri-se-ponen-a-punto-para-volver-ante-arsenal\/","title":{"rendered":"Montiel y Angileri se ponen a punto para volver ante Arsenal"},"content":{"rendered":"<div class=\"galleria\"><img src=\"http:\/\/nuevacordoba.net\/wp-content\/uploads\/2021\/03\/montiel-y-angileri-se-ponen-a-punto-para-volver-ante-arsenal.jpg\" data-description data-title data-big=\"https:\/\/www.telam.com.ar\/advf\/imagenes\/2020\/08\/5f330dda3b006_980x551.jpg\"><img src=\"http:\/\/nuevacordoba.net\/wp-content\/uploads\/2021\/03\/montiel-y-angileri-se-ponen-a-punto-para-volver-ante-arsenal-1.jpg\" data-description data-title data-big=\"https:\/\/www.telam.com.ar\/advf\/imagenes\/2021\/01\/5ff82cf5c07ca_980x551.jpg\"><\/div>\n<p>Los laterales Gonzalo Montiel y Fabrizio Angileri trabajar\u00e1n esta semana en la etapa final de la puesta a punto para poder regresar al equipo titular de River ante Arsenal el pr\u00f3ximo s\u00e1bado en el Viaducto por la octava fecha de la Liga Profesional.<\/p>\n<p>Montiel, quien sufri\u00f3 una mononucleosis tras jugar ante Rosario Central el 20 de febrero, solo sum\u00f3 90 minutos en la temporada ya que en los primeros dos cotejos estuvo ausente por una lesi\u00f3n muscular.<\/p>\n<p>Al tiempo que Angileri, que jug\u00f3 su \u00faltimo partido ante Boca el 14 de marzo, se ausent\u00f3 en las dos fechas siguientes por el fallecimiento de su padre antes del encuentro frente a Godoy Cruz en Mendoza.<\/p>\n<p><strong>Montiel lleva dos semanas de trabajos f\u00edsicos tras el reposo que tuvo durante casi un mes, mientras que Angileri se sum\u00f3 el mi\u00e9rcoles de la semana pasada luego de perderse varios entrenamientos por la muerte de su padre.<\/strong><\/p>\n<p>Ambos jugadores hicieron este lunes tareas f\u00edsicas exigentes y trabajos con pelota junto a los profesionales que no fueron titulares ante Racing (0-0), mientras que el resto realiz\u00f3 tareas regenerativas.<\/p>\n<p><strong>Los que siguen con una rutina diferente son los defensores Javier Pinola, con una fractura en el brazo izquierdo, y Robert Rojas, que transita la recta final de recuperaci\u00f3n por un desgarro en el recto anterior izquierdo.<\/strong><\/p>\n<p>Esta semana de trabajo ser\u00e1 una de las \u00faltimas sin competencia extra ya que la pr\u00f3xima se juega el cruce de la Copa Argentina ante Atl\u00e9tico Tucum\u00e1n y a la siguiente se inician los partidos de primera fase de la Copa Libertadores.<\/p>\n<p><strong>Asimismo, en el predio de Ezeiza, la reserva de River Plate venci\u00f3 a Racing 1-0 con la presencia del delantero juvenil Federico Girotti que hab\u00eda ingresado en el segundo tiempo del partido de primera divisi\u00f3n disputado ayer en el Monumental.<\/strong><\/p>\n<p>La reserva de River que dirige Juan Jos\u00e9 Borrelli, mantuvo el invicto con un gol de Lucas Beltr\u00e1n a los 20 minutos del primer tiempo y es el l\u00edder de su zona con 19 puntos en siete fechas disputadas.<\/p>\n<div class=\"js-code\" readability=\"6.5428571428571\">\n<blockquote class=\"twitter-tweet\" readability=\"7.3607142857143\">\n<p lang=\"es\" dir=\"ltr\">\u00a1GAN\u00d3 RIVER! \ud83d\udcaa<\/p>\n<p>Con gol de Lucas Beltr\u00e1n, la Reserva derrot\u00f3 1-0 a Racing en River Camp. El Millonario sigue siendo el l\u00edder invicto de su zona, con 19 puntos en siete fechas.<a href=\"https:\/\/twitter.com\/hashtag\/VamosRiver?src=hash&amp;ref_src=twsrc%5Etfw\">#VamosRiver<\/a> \u26aa\ufe0f\ud83d\udd34\u26aa\ufe0f <a href=\"https:\/\/t.co\/6Coys52rYW\">pic.twitter.com\/6Coys52rYW<\/a><\/p>\n<p>\u2014 River Plate (@RiverPlate) <a href=\"https:\/\/twitter.com\/RiverPlate\/status\/1376547330392985606?ref_src=twsrc%5Etfw\">March 29, 2021<\/a><\/p><\/blockquote><\/div>\n<p>River form\u00f3 con Franco Petroli; Franco Camargo, Rom\u00e1n Su\u00e1rez, Thomas Guti\u00e9rrez y Felipe Salomoni; Santiago Sim\u00f3n (Axel Encinas), Nahuel Casasola (Felipe Pe\u00f1a Biafore) y Tom\u00e1s Castro (Tom\u00e1s Galv\u00e1n); Fabi\u00e1n Londo\u00f1o, Federido Girotti y Lucas Beltr\u00e1n (Esteban Fern\u00e1ndez) DT: Juan Jos\u00e9 Borrelli<\/p>\n<p>Racing form\u00f3 con Alejo Ju\u00e1rez; Mateo Coyette, Imanol Segovia, El\u00edas Machuca e Ignacio Galv\u00e1n; Mat\u00edas N\u00fa\u00f1ez, Tiago Banegas, \u00c1ngel G\u00f3mez y Luis Dezi; Alexis Villarroel y Carlos Alcaraz. DT: Mauro Gerk.<\/p>\n","protected":false},"excerpt":{"rendered":"<p>Los laterales Gonzalo Montiel y Fabrizio Angileri trabajar\u00e1n esta semana en la etapa final de la puesta a punto para poder regresar al equipo titular de River ante Arsenal el pr\u00f3ximo s\u00e1bado en el Viaducto por la octava fecha de la Liga Profesional. Montiel, quien sufri\u00f3 una mononucleosis tras jugar ante Rosario Central el 20 [&hellip;]<\/p>\n","protected":false},"author":1,"featured_media":2598,"comment_status":"closed","ping_status":"closed","sticky":false,"template":"","format":"standard","meta":[],"categories":[10],"tags":[],"_links":{"self":[{"href":"http:\/\/nuevacordoba.net\/index.php\/wp-json\/wp\/v2\/posts\/2597"}],"collection":[{"href":"http:\/\/nuevacordoba.net\/index.php\/wp-json\/wp\/v2\/posts"}],"about":[{"href":"http:\/\/nuevacordoba.net\/index.php\/wp-json\/wp\/v2\/types\/post"}],"author":[{"embeddable":true,"href":"http:\/\/nuevacordoba.net\/index.php\/wp-json\/wp\/v2\/users\/1"}],"replies":[{"embeddable":true,"href":"http:\/\/nuevacordoba.net\/index.php\/wp-json\/wp\/v2\/comments?post=2597"}],"version-history":[{"count":0,"href":"http:\/\/nuevacordoba.net\/index.php\/wp-json\/wp\/v2\/posts\/2597\/revisions"}],"wp:featuredmedia":[{"embeddable":true,"href":"http:\/\/nuevacordoba.net\/index.php\/wp-json\/wp\/v2\/media\/2598"}],"wp:attachment":[{"href":"http:\/\/nuevacordoba.net\/index.php\/wp-json\/wp\/v2\/media?parent=2597"}],"wp:term":[{"taxonomy":"category","embeddable":true,"href":"http:\/\/nuevacordoba.net\/index.php\/wp-json\/wp\/v2\/categories?post=2597"},{"taxonomy":"post_tag","embeddable":true,"href":"http:\/\/nuevacordoba.net\/index.php\/wp-json\/wp\/v2\/tags?post=2597"}],"curies":[{"name":"wp","href":"https:\/\/api.w.org\/{rel}","templated":true}]}}