{"id":2617,"date":"2021-03-29T22:20:48","date_gmt":"2021-03-29T22:20:48","guid":{"rendered":"http:\/\/nuevacordoba.net\/index.php\/2021\/03\/29\/y-si-echarle-la-culpa-a-cristina-es-el-plan-de-alberto\/"},"modified":"2021-03-29T22:20:48","modified_gmt":"2021-03-29T22:20:48","slug":"y-si-echarle-la-culpa-a-cristina-es-el-plan-de-alberto","status":"publish","type":"post","link":"http:\/\/nuevacordoba.net\/index.php\/2021\/03\/29\/y-si-echarle-la-culpa-a-cristina-es-el-plan-de-alberto\/","title":{"rendered":"\u00bfY si echarle la culpa a Cristina es el plan de Alberto?"},"content":{"rendered":"<div><img src=\"http:\/\/nuevacordoba.net\/wp-content\/uploads\/2021\/03\/y-si-echarle-la-culpa-a-cristina-es-el-plan-de-alberto.jpg\" class=\"ff-og-image-inserted\"><\/div>\n<p>La Argentina parece cada vez m\u00e1s encerrada en su laberinto. Cada vez m\u00e1s aislada del concierto de naciones y sin capacidad de reacci\u00f3n para resolver los crecientes problemas internos.<\/p>\n<p>En los \u00faltimos 20 d\u00edas, y con una velocidad asombrosa, Cristina Fern\u00e1ndez ha avanzado en la toma concreta del poder. Ya no s\u00f3lo incide en el relato, las grandes ideas o las estrategias: es la gesti\u00f3n. Tiene el control pleno de la seguridad social, Pami, YPF, Energ\u00eda, Justicia, pol\u00edtica exterior y hasta Econom\u00eda.&nbsp;<\/p>\n<p>El di\u00e1logo con el FMI est\u00e1 condicionado a lo que ella sostiene (\u201cNo hay plata y Argentina merece un gestito\u201d, dijo) y detr\u00e1s de eso, sin medias tintas, acaba de alinearse Alberto Fern\u00e1ndez.<\/p>\n<p>Esta cristinizaci\u00f3n de la gesti\u00f3n es evidente y hace suponer que el Presidente claudic\u00f3 en su af\u00e1n de moderar la presi\u00f3n entre el kirchnerismo a ultranza y el electorado tan independiente como vol\u00e1til que dijo presente parcialmente en 2019 (pero que no est\u00e1 claro si aparecer\u00e1 en 2021).<\/p>\n<div class=\"block-ad-node\">\n<div>\n<p> <span>Publicidad<\/span> <\/p>\n<\/div>\n<\/div>\n<p>Uno supone un Alberto cada vez m\u00e1s cercado, que debi\u00f3 prescindir de tropa propia, como Marcela Losardo, Eugenia Bielsa, Alejandro Vanoli, Guillermo Nielsen y Sergio Lanziani. Imaginamos un Presidente entre la espada y la pared, casi obligado a ceder, quiz\u00e1 iluso si pens\u00f3 que las cosas podr\u00edan haber sido diferentes.<\/p>\n<p>\u00bfY si no es as\u00ed? \u00bfSi m\u00e1s que una claudicaci\u00f3n se trata de la pura y llana conveniencia de que Cristina aparezca como la culpable? Es la excusa perfecta.<\/p><figcaption class=\"title is-margin-t is-font-small is-font-sans-serif\">Alberto Fern\u00e1ndez en el Congreso, bajo la atenta mirada de Cristina de Kirchner. (Presidencia)<\/figcaption><p>Porque el problema de fondo es que Alberto, como tal, no tiene plan. El desempleo cerr\u00f3 en \u201cs\u00f3lo\u201d el 11% porque el Indec no cuenta como desempleados a quienes tienen planes sociales. Pero el 89% que en teor\u00eda tiene trabajo se ha precarizado al extremo, y casi la mitad de los argentinos, aun trabajando, es pobre.<\/p>\n<div class=\"block-ad-node\">\n<div>\n<p> <span>Publicidad<\/span> <\/p>\n<\/div>\n<\/div>\n<p class=\"TextoDestacado\">La \u00fanica medida para alentar la creaci\u00f3n de empleo fueron los cepos laborales.<\/p>\n<p>Para crecer modestamente, el pa\u00eds necesita una inversi\u00f3n del 20% del PIB y estamos en el 15%. \u00bfQu\u00e9 plan hay para atraer inversiones? \u00bfUna charla por Zoom con los fondos extranjeros y Mart\u00edn Guzm\u00e1n en Washington? \u00bfSaliendo del Mercosur? \u00bfBancar a Nicol\u00e1s Maduro ?<\/p>\n<p>Argentina cre\u00f3 el \u201cimpuesto a la riqueza\u201d, aval\u00f3 que los gobernadores subieran Ingresos Brutos y ahora les aumentar\u00e1 del 30 al 35% el Impuesto a las Ganancias a las empresas. Y todas ellas les exige datos de stock, rentabilidad y canales de venta.<\/p>\n<div class=\"block-ad-node\">\n<div>\n<p> <span>Publicidad<\/span> <\/p>\n<\/div>\n<\/div>\n<p>Al que fabrica productos de consumo masivo, le pone precios tope y lo sanciona si no hay mercader\u00eda en g\u00f3ndola, mientras se queda callado si un gremio bloquea un h\u00edper porque Moyano quiere que sus 500 empleados sean indemnizados, vueltos a contratar y que se les respete incluso la antig\u00fcedad.&nbsp;<\/p>\n<p>Quienes exportan temen que en cualquier momento les vuelvan a subir las retenciones. Quienes producen tropiezan todos los d\u00edas con la falta de insumos que no tienen, porque e son importados.<\/p>\n<p><span class=\"TextoDestacado\">\u00bfC\u00f3mo alguien va a invertir en el pa\u00eds si muchos de quienes est\u00e1n en el Gobierno festejaron el cierre de Falabella? \u00bfSi hasta hace poco la intenci\u00f3n era expropiar Vicentin?<\/span><\/p>\n<p>\u00bfSi hay 54 plantas en el interior que invirtieron U$S 500 millones y pueden cerrar porque no se quiere prorrogar la Ley de Biocombustibles? \u00bfC\u00f3mo combatir la inflaci\u00f3n si la academia gobernante sostiene que emitir no genera suba de precios?&nbsp;<\/p>\n<p>\u00bfC\u00f3mo los argentinos, que tienen en el colch\u00f3n tres veces las reservas del Banco Central, van a poner los d\u00f3lares a producir si este es el contexto?<\/p>\n<p>Como no hay plan, Alberto se ha dedicado a vociferar. Le vocifera \u201clastre\u201d a Lacalle Pou cuando el presidente uruguayo demanda flexibilizar el Mercosur. Vocifer\u00f3 contra Suiza y Chile por la gesti\u00f3n de la pandemia y hoy damos pena al lado de esos indicadores.&nbsp;<\/p>\n<p>Vocifer\u00f3 contra Pfizer y nunca explic\u00f3 por qu\u00e9 11 pa\u00edses de la regi\u00f3n tienen esa vacuna y Argentina no.&nbsp;<\/p>\n<p>Vocifer\u00f3 contra los economistas que no cuidaban la vida y ahora, curiosamente, hay que evitar los cierres para no afectar la recuperaci\u00f3n econ\u00f3mica.&nbsp;<\/p>\n<p>Vocifer\u00f3 contra las familias que quer\u00edan las escuelas abiertas diciendo que eso era suicida o que Larreta hace politiquer\u00eda, y ahora, con evidencia y encuestas en mano, dicen sin verg\u00fcenza que hay que \u201csostener la presencialidad\u201d.<\/p>\n<p>Lo \u00fanico que puede salvar a este pa\u00eds es crecer. No hay otra manera: si crecemos de manera sostenida, se morigera la pobreza, mejora el empleo y la distribuci\u00f3n del ingreso y se achica el d\u00e9ficit fiscal mientras el Estado contenga su propensi\u00f3n a gastar vorazmente.<\/p>\n<p>Vociferar es \u201cmanifestarse ligera y jactanciosamente de algo\u201d. Alberto no tiene plan. Y como no lo tiene, vocifera. O le echa la culpa a Cristina.<\/p>\n<div class=\"ctaNewsNotaContainer\" readability=\"6.5\">\n<div class=\"newsletterTextContainer\" readability=\"33\">\n<p> S\u00cdNTESIS POL\u00cdTICA<\/p>\n<p> Informaci\u00f3n exclusiva y el mejor an\u00e1lisis, los lunes en tu correo.<\/p>\n<form method=\"post\" action-xhr=\"https:\/\/www.lavoz.com.ar\/newsletters\/sintesis-politica\/signup\" id=\"newsletter-signup\" class=\"newsletterForm\" target=\"_blank\" custom-validation-reporting=\"as-you-go\" on=\"submit:AMP.setState({formLoading:true});submit-success:AMP.setState({formSuccess:true})\">\n<div submit-success class=\"is-paddingless-l\" readability=\"6\"> <template type=\"amp-mustache\" readability=\"2\"><\/p>\n<p> <strong>\u00a1Gracias por suscribirte!<\/strong><\/p>\n<p> <\/template><\/div>\n<div submit-error class=\"is-paddingless-l\" readability=\"6.5\"> <template type=\"amp-mustache\" readability=\"3\"><\/p>\n<p> <strong>Ha ocurrido un error, por favor intente nuevamente m\u00e1s tarde.<\/strong><\/p>\n<p> <\/template><\/div>\n<\/form>\n<\/div>\n<\/div>\n<div>\n<p> <span>Publicidad<\/span> <\/p>\n<\/div>\n","protected":false},"excerpt":{"rendered":"<p>La Argentina parece cada vez m\u00e1s encerrada en su laberinto. Cada vez m\u00e1s aislada del concierto de naciones y sin capacidad de reacci\u00f3n para resolver los crecientes problemas internos. En los \u00faltimos 20 d\u00edas, y con una velocidad asombrosa, Cristina Fern\u00e1ndez ha avanzado en la toma concreta del poder. Ya no s\u00f3lo incide en el [&hellip;]<\/p>\n","protected":false},"author":1,"featured_media":2618,"comment_status":"closed","ping_status":"closed","sticky":false,"template":"","format":"standard","meta":[],"categories":[12],"tags":[],"_links":{"self":[{"href":"http:\/\/nuevacordoba.net\/index.php\/wp-json\/wp\/v2\/posts\/2617"}],"collection":[{"href":"http:\/\/nuevacordoba.net\/index.php\/wp-json\/wp\/v2\/posts"}],"about":[{"href":"http:\/\/nuevacordoba.net\/index.php\/wp-json\/wp\/v2\/types\/post"}],"author":[{"embeddable":true,"href":"http:\/\/nuevacordoba.net\/index.php\/wp-json\/wp\/v2\/users\/1"}],"replies":[{"embeddable":true,"href":"http:\/\/nuevacordoba.net\/index.php\/wp-json\/wp\/v2\/comments?post=2617"}],"version-history":[{"count":0,"href":"http:\/\/nuevacordoba.net\/index.php\/wp-json\/wp\/v2\/posts\/2617\/revisions"}],"wp:featuredmedia":[{"embeddable":true,"href":"http:\/\/nuevacordoba.net\/index.php\/wp-json\/wp\/v2\/media\/2618"}],"wp:attachment":[{"href":"http:\/\/nuevacordoba.net\/index.php\/wp-json\/wp\/v2\/media?parent=2617"}],"wp:term":[{"taxonomy":"category","embeddable":true,"href":"http:\/\/nuevacordoba.net\/index.php\/wp-json\/wp\/v2\/categories?post=2617"},{"taxonomy":"post_tag","embeddable":true,"href":"http:\/\/nuevacordoba.net\/index.php\/wp-json\/wp\/v2\/tags?post=2617"}],"curies":[{"name":"wp","href":"https:\/\/api.w.org\/{rel}","templated":true}]}}