{"id":2619,"date":"2021-03-29T21:27:04","date_gmt":"2021-03-29T21:27:04","guid":{"rendered":"http:\/\/cordobanewsnet.wordpress.com\/?p=5216"},"modified":"2021-03-29T21:27:04","modified_gmt":"2021-03-29T21:27:04","slug":"encontraron-abandonada-a-una-beba-recien-nacida-en-un-campo-de-general-deheza","status":"publish","type":"post","link":"http:\/\/nuevacordoba.net\/index.php\/2021\/03\/29\/encontraron-abandonada-a-una-beba-recien-nacida-en-un-campo-de-general-deheza\/","title":{"rendered":"Encontraron abandonada a una beba reci\u00e9n nacida en un campo de General Deheza"},"content":{"rendered":"<p><!-- \/featured-media --> <\/p>\n<div class=\"post-content clear\" readability=\"52.302631578947\">\n<p>Un hombre de 52 a\u00f1os&nbsp;<strong>encontr\u00f3 con vida a una beba reci\u00e9n nacida abandonada en una quinta rural de la localidad de General Deheza<\/strong>, ubicada al sur de la provincia de C\u00f3rdoba. Estaba debajo de un chap\u00f3n y todav\u00eda ten\u00eda el cord\u00f3n umbilical.<\/p>\n<p>El propietario de unos caballos lleg\u00f3 este lunes hasta el lugar donde realiza sus actividades diarias y, al llevar a pastar a los animales, escuch\u00f3 el lloriqueo de un beba y enseguida<strong>&nbsp;la encontr\u00f3 debajo de un chap\u00f3n que estaba apoyado contra una pared de un galp\u00f3n&nbsp;<\/strong>del predio rural. Conmocionado, inmediatamente dio aviso a la Polic\u00eda.<\/p>\n<p><strong>Enseguida lleg\u00f3 hasta el lugar el personal femenino de la fuerza policial y de bomberos para &nbsp;determinar las circunstancias del hallazgo<\/strong>. La reci\u00e9n nacida fue trasladada de urgencia hasta la Maternidad Kowalk de R\u00edo Cuarto para constatar el estado de salud general.<\/p>\n<p>En hospital fue atendida por un pediatra que determin\u00f3 que<strong>&nbsp;la beba naci\u00f3 en t\u00e9rmino, con un peso de 3,300 kg<\/strong>. El m\u00e9dico apunt\u00f3 a la Polic\u00eda que<strong>&nbsp;la nena hab\u00eda nacido en un tiempo no mayor a una hora.<\/strong><\/p>\n<div id=\"jp-post-flair\" class=\"sharedaddy sd-like-enabled sd-sharing-enabled\">\n<div class=\"sharedaddy sd-sharing-enabled\">\n<div class=\"robots-nocontent sd-block sd-social sd-social-icon-text sd-sharing\">\n<h3 class=\"sd-title\">Share this:<\/h3>\n<\/div>\n<\/div>\n<div class=\"sharedaddy sd-block sd-like jetpack-likes-widget-wrapper jetpack-likes-widget-unloaded\" id=\"like-post-wrapper-143108178-5216-6062759fa4e64\" data-src=\"\/\/widgets.wp.com\/likes\/index.html?ver=20210317#blog_id=143108178&amp;post_id=5216&amp;origin=cordobanewsnet.wordpress.com&amp;obj_id=143108178-5216-6062759fa4e64\" data-name=\"like-post-frame-143108178-5216-6062759fa4e64\">\n<h3 class=\"sd-title\">Me gusta esto:<\/h3>\n<p><span class=\"button\"><span>Me gusta<\/span><\/span> <span class=\"loading\">Cargando&#8230;<\/span><\/p>\n<p><span class=\"sd-text-color\"><\/span><\/div>\n<p><h3 class=\"jp-relatedposts-headline\"><em>Relacionado<\/em><\/h3>\n<\/p>\n<\/div><\/div>\n<p><!--\/.post-content--> <\/p>\n<footer class=\"post-meta-container clear\" readability=\"0.39759036144578\">\n<div class=\"entry-author author-avatar-show\" readability=\"13.114754098361\">\n<div class=\"author-avatar\"> <img loading=\"lazy\" alt src=\"http:\/\/nuevacordoba.net\/wp-content\/uploads\/2021\/03\/encontraron-abandonada-a-una-beba-recien-nacida-en-un-campo-de-general-deheza.png\" class=\"avatar avatar-90\" height=\"90\" width=\"90\"> <\/div>\n<p><!-- .author-avatar --> <\/p>\n<p><h2 class=\"author-title\">Publicado por <span class=\"author-name\">Redacci\u00f3n<\/span><\/h2>\n<\/p>\n<p><!-- .author-heading --> <\/p>\n<p class=\"author-bio\"> <a class=\"author-link\" href=\"https:\/\/cordobanewsnet.wordpress.com\/author\/prettomatias\/\" rel=\"author\"> Ver todas las entradas de Redacci\u00f3n <\/a> <\/p>\n<p><!-- .author-bio --> <\/div>\n<p><!-- .entry-auhtor --> <\/footer>\n<p> <!-- \/post-meta-container --> <!-- #respond --> <\/p>\n","protected":false},"excerpt":{"rendered":"<p>Un hombre de 52 a\u00f1os&nbsp;encontr\u00f3 con vida a una beba reci\u00e9n nacida abandonada en una quinta rural de la localidad de General Deheza, ubicada al sur de la provincia de C\u00f3rdoba. Estaba debajo de un chap\u00f3n y todav\u00eda ten\u00eda el cord\u00f3n umbilical. El propietario de unos caballos lleg\u00f3 este lunes hasta el lugar donde realiza [&hellip;]<\/p>\n","protected":false},"author":1,"featured_media":2620,"comment_status":"closed","ping_status":"closed","sticky":false,"template":"","format":"standard","meta":[],"categories":[14],"tags":[],"_links":{"self":[{"href":"http:\/\/nuevacordoba.net\/index.php\/wp-json\/wp\/v2\/posts\/2619"}],"collection":[{"href":"http:\/\/nuevacordoba.net\/index.php\/wp-json\/wp\/v2\/posts"}],"about":[{"href":"http:\/\/nuevacordoba.net\/index.php\/wp-json\/wp\/v2\/types\/post"}],"author":[{"embeddable":true,"href":"http:\/\/nuevacordoba.net\/index.php\/wp-json\/wp\/v2\/users\/1"}],"replies":[{"embeddable":true,"href":"http:\/\/nuevacordoba.net\/index.php\/wp-json\/wp\/v2\/comments?post=2619"}],"version-history":[{"count":0,"href":"http:\/\/nuevacordoba.net\/index.php\/wp-json\/wp\/v2\/posts\/2619\/revisions"}],"wp:featuredmedia":[{"embeddable":true,"href":"http:\/\/nuevacordoba.net\/index.php\/wp-json\/wp\/v2\/media\/2620"}],"wp:attachment":[{"href":"http:\/\/nuevacordoba.net\/index.php\/wp-json\/wp\/v2\/media?parent=2619"}],"wp:term":[{"taxonomy":"category","embeddable":true,"href":"http:\/\/nuevacordoba.net\/index.php\/wp-json\/wp\/v2\/categories?post=2619"},{"taxonomy":"post_tag","embeddable":true,"href":"http:\/\/nuevacordoba.net\/index.php\/wp-json\/wp\/v2\/tags?post=2619"}],"curies":[{"name":"wp","href":"https:\/\/api.w.org\/{rel}","templated":true}]}}