{"id":2661,"date":"2021-03-30T23:32:14","date_gmt":"2021-03-30T23:32:14","guid":{"rendered":"http:\/\/nuevacordoba.net\/index.php\/2021\/03\/30\/principio-de-acuerdo-las-elecciones-se-haran-este-ano-pero-en-otros-meses\/"},"modified":"2021-03-30T23:32:14","modified_gmt":"2021-03-30T23:32:14","slug":"principio-de-acuerdo-las-elecciones-se-haran-este-ano-pero-en-otros-meses","status":"publish","type":"post","link":"http:\/\/nuevacordoba.net\/index.php\/2021\/03\/30\/principio-de-acuerdo-las-elecciones-se-haran-este-ano-pero-en-otros-meses\/","title":{"rendered":"Principio de acuerdo: las elecciones se har\u00e1n este a\u00f1o, pero en otros meses"},"content":{"rendered":"<div><img src=\"http:\/\/nuevacordoba.net\/wp-content\/uploads\/2021\/03\/principio-de-acuerdo-las-elecciones-se-haran-este-ano-pero-en-otros-meses.jpg\" class=\"ff-og-image-inserted\"><\/div>\n<p>Las elecciones se har\u00e1n este a\u00f1o en otros meses. Las Paso no ser\u00e1n en agosto sino en septiembre y las generales no ser\u00e1n en octubre sino en noviembre.<\/p>\n<p>Ese es el acuerdo que formalizaron esta martes el oficialismo y la oposici\u00f3n, en una cumbre de dirigentes realizada en la Casa Rosada, convocada por el ministro del Interior, Eduardo \u00abWado\u00bb de Pedro.<\/p>\n<p>Del c\u00f3nclave participaron, entre otros, el gobernador bonaerense, Axel Kicillof; el jefe del bloque del Frente de Todos de Diputados, M\u00e1ximo Kirchner; el presidente de la C\u00e1mara, Sergio Massa; el jefe del bloque PRO de la C\u00e1mara Baja, Cristian Ritondo, y el intendente del municipio bonaerense de Vicente L\u00f3pez, Jorge Macri.<\/p>\n<p>La pr\u00f3xima semana se realizar\u00e1 otro encuentro entre De Pedro y los jefes de los interbloques de ambas c\u00e1maras del Congreso con el objetivo espec\u00edfico de avanzar en una ley que modifique el calendario electoral.<\/p>\n<div class=\"block-ad-node\">\n<div>\n<p> <span>Publicidad<\/span> <\/p>\n<\/div>\n<\/div>\n<p>Esa ley requiere, como manda la Constituci\u00f3n, de una mayor\u00eda agravada: la mayor\u00eda absoluta. Es decir, la mitad m\u00e1s uno de los miembros de cada c\u00e1mara, no la mayor\u00eda simple, que es la mitad m\u00e1s uno de los presentes en la sesi\u00f3n.<\/p>\n<p>Por eso, y por ser un tema tan delicado, las elecciones se har\u00e1n este a\u00f1o en otros meses. Las Paso no ser\u00e1n en agosto sino en septiembre y las generales no ser\u00e1n en octubre sino en noviembre.<\/p>\n<p>Ese es el acuerdo que formalizaron esta martes el oficialismo y la oposici\u00f3n, en una cumbre de dirigentes realizada en la Casa Rosada, convocada por el ministro del Interior, Eduardo \u00abWado\u00bb de Pedro.<\/p>\n<p>Del c\u00f3nclave participaron, entre otros, el gobernador bonaerense, Axel Kicillof; el jefe del bloque del Frente de Todos de Diputados, M\u00e1ximo Kirchner; el presidente de la C\u00e1mara, Sergio Massa; el jefe del bloque PRO de la C\u00e1mara Baja, Cristian Ritondo, y el intendente del municipio bonaerense de Vicente L\u00f3pez, Jorge Macri.<\/p>\n<p>La pr\u00f3xima semana se realizar\u00e1 otro encuentro entre De Pedro y los jefes de los interbloques de ambas c\u00e1maras del Congreso con el objetivo espec\u00edfico de avanzar en una ley que modifique el calendario electoral.<\/p>\n<div class=\"block-ad-node\">\n<div>\n<p> <span>Publicidad<\/span> <\/p>\n<\/div>\n<\/div>\n<p>Esa ley requiere, como manda la Constituci\u00f3n, de una mayor\u00eda agravada: la mayor\u00eda absoluta.<\/p>\n<p>Es decir, la mitad m\u00e1s uno de los miembros de cada c\u00e1mara, no la mayor\u00eda simple, que es la mitad m\u00e1s uno de los presentes en la sesi\u00f3n.<\/p>\n<p>Por eso, y por ser un tema tan delicado en lo institucional y lo pol\u00edtico, requer\u00eda de acuerdos previos de c\u00fapulas. Eso es, precisamente, lo que se consum\u00f3 este martes, aunque las conversaciones ya ven\u00edan por lo menos desde enero, siempre barajando esa posibilidad: Paso de agosto a septiembre y generales de octubre a noviembre.<\/p>\n<div class=\"block-ad-node\">\n<div>\n<p> <span>Publicidad<\/span> <\/p>\n<\/div>\n<\/div><figcaption class=\"title is-margin-t is-font-small is-font-sans-serif\">M\u00e1ximo Kirchner lider\u00f3 las negociaciones para trasladar las Paso a otro mes. (Presidencia)<\/figcaption><p class=\"SubTitulo\"><strong>Negociaciones<\/strong><\/p>\n<p>Seg\u00fan pudo saber <strong>La Voz<\/strong>, Massa ya le dijo al jefe del interbloque Juntos por el Cambio (JPC) de Diputados, el radical cordob\u00e9s Mario Negri, que la semana que viene se juntar\u00e1n los l\u00edderes parlamentarios con el ministro del Interior.<\/p>\n<p>El acuerdo, seg\u00fan se hizo saber, es para postergar cada elecci\u00f3n, no para suspender las Paso, que es lo que reclaman los gobernadores, reclamo que inclusive est\u00e1 plasmado en un proyecto de ley del oficialismo, del diputado peronista Pablo Yedlin.<\/p>\n<p>El acuerdo para postergar los comicios surgi\u00f3 despu\u00e9s de que en la Provincia de Buenos Aires, donde el Gobierno nacional tiene puesta toda su atenci\u00f3n y su esfuerzo por lograr una victoria, se acordara unificar el calendario electoral con el nacional.<\/p>\n<p>En ese distrito, el Senado provincial est\u00e1 dominado por JPC, de manera tal que sin acuerdo con el cambiemismo no podr\u00eda avanzarse en el \u00e1mbito nacional en la postergaci\u00f3n de las fechas de ambas elecciones.<\/p>\n<p class=\"TextoDestacado\">El consenso b\u00e1sico entre los oficialistas y los opositores es que no se vote en pleno invierno, por razones sanitarias, y postergar los actos eleccionarios no solo para cuando las temperaturas ya sean m\u00e1s altas sino tambi\u00e9n para cuando la vacunaci\u00f3n haya registrado el mayor avance posible.<\/p>\n<p>Esto significa que el cierre de listas tambi\u00e9n se va a postergar, de junio a julio. Es decir, un mes m\u00e1s de roscas partidarias. institucional y lo pol\u00edtico, requer\u00eda de acuerdos previos de c\u00fapulas.<\/p>\n<p>Eso es, precisamente, lo que se consum\u00f3 este martes, aunque las conversaciones ya ven\u00edan por lo menos desde enero, siempre barajando esa posibilidad: Paso de agosto a septiembre y generales de octubre a noviembre.<\/p>\n<div class=\"ctaNewsNotaContainer\" readability=\"6.5\">\n<div class=\"newsletterTextContainer\" readability=\"33\">\n<p> S\u00cdNTESIS POL\u00cdTICA<\/p>\n<p> Informaci\u00f3n exclusiva y el mejor an\u00e1lisis, los lunes en tu correo.<\/p>\n<form method=\"post\" action-xhr=\"https:\/\/www.lavoz.com.ar\/newsletters\/sintesis-politica\/signup\" id=\"newsletter-signup\" class=\"newsletterForm\" target=\"_blank\" custom-validation-reporting=\"as-you-go\" on=\"submit:AMP.setState({formLoading:true});submit-success:AMP.setState({formSuccess:true})\">\n<div submit-success class=\"is-paddingless-l\" readability=\"6\"> <template type=\"amp-mustache\" readability=\"2\"><\/p>\n<p> <strong>\u00a1Gracias por suscribirte!<\/strong><\/p>\n<p> <\/template><\/div>\n<div submit-error class=\"is-paddingless-l\" readability=\"6.5\"> <template type=\"amp-mustache\" readability=\"3\"><\/p>\n<p> <strong>Ha ocurrido un error, por favor intente nuevamente m\u00e1s tarde.<\/strong><\/p>\n<p> <\/template><\/div>\n<\/form>\n<\/div>\n<\/div>\n<div>\n<p> <span>Publicidad<\/span> <\/p>\n<\/div>\n","protected":false},"excerpt":{"rendered":"<p>Las elecciones se har\u00e1n este a\u00f1o en otros meses. Las Paso no ser\u00e1n en agosto sino en septiembre y las generales no ser\u00e1n en octubre sino en noviembre. Ese es el acuerdo que formalizaron esta martes el oficialismo y la oposici\u00f3n, en una cumbre de dirigentes realizada en la Casa Rosada, convocada por el ministro [&hellip;]<\/p>\n","protected":false},"author":1,"featured_media":2662,"comment_status":"closed","ping_status":"closed","sticky":false,"template":"","format":"standard","meta":[],"categories":[12],"tags":[],"_links":{"self":[{"href":"http:\/\/nuevacordoba.net\/index.php\/wp-json\/wp\/v2\/posts\/2661"}],"collection":[{"href":"http:\/\/nuevacordoba.net\/index.php\/wp-json\/wp\/v2\/posts"}],"about":[{"href":"http:\/\/nuevacordoba.net\/index.php\/wp-json\/wp\/v2\/types\/post"}],"author":[{"embeddable":true,"href":"http:\/\/nuevacordoba.net\/index.php\/wp-json\/wp\/v2\/users\/1"}],"replies":[{"embeddable":true,"href":"http:\/\/nuevacordoba.net\/index.php\/wp-json\/wp\/v2\/comments?post=2661"}],"version-history":[{"count":0,"href":"http:\/\/nuevacordoba.net\/index.php\/wp-json\/wp\/v2\/posts\/2661\/revisions"}],"wp:featuredmedia":[{"embeddable":true,"href":"http:\/\/nuevacordoba.net\/index.php\/wp-json\/wp\/v2\/media\/2662"}],"wp:attachment":[{"href":"http:\/\/nuevacordoba.net\/index.php\/wp-json\/wp\/v2\/media?parent=2661"}],"wp:term":[{"taxonomy":"category","embeddable":true,"href":"http:\/\/nuevacordoba.net\/index.php\/wp-json\/wp\/v2\/categories?post=2661"},{"taxonomy":"post_tag","embeddable":true,"href":"http:\/\/nuevacordoba.net\/index.php\/wp-json\/wp\/v2\/tags?post=2661"}],"curies":[{"name":"wp","href":"https:\/\/api.w.org\/{rel}","templated":true}]}}